{"id":153375,"date":"2025-06-05T07:22:09","date_gmt":"2025-06-05T07:22:09","guid":{"rendered":"https:\/\/www.europesays.com\/fr\/153375\/"},"modified":"2025-06-05T07:22:09","modified_gmt":"2025-06-05T07:22:09","slug":"on-narrive-plus-a-recruter-a-paris-les-entreprises-face-aux-difficultes-de-regularisation-des-etrangers-le-parisien","status":"publish","type":"post","link":"https:\/\/www.europesays.com\/fr\/153375\/","title":{"rendered":"\u00ab On n\u2019arrive plus \u00e0 recruter \u00bb : \u00e0 Paris, les entreprises face aux difficult\u00e9s de r\u00e9gularisation des \u00e9trangers &#8211; Le Parisien"},"content":{"rendered":"<ol>\n<li><a href=\"https:\/\/news.google.com\/rss\/articles\/CBMijAJBVV95cUxPdEVZa21EOGw3MklXenpPNnV6eV9ZWjN3b1c0MHZfemRDNVlsZGFmRkJ0cDhDWDBWT0xPYmU4THBJaUcxYm9rWWVjRjFqVjhWeFFGaURFVXVVbkJqTktyemNxTkpTS0dJWVdUVkQtUTZWeUhTWXoya25OZ2gyci15R1FMbEI2OHd3NlJMazZocUNRc0h6VWIzLUg4ZWEyQXhLNUVUQ1ppZlFteVdkcnIyUUE1R2FsWV9USGpFRk5YNGEtQjhYQUJILXlkeGo0bklhVVhEZzNyRUZ4WkRWdjRvQXNtOUhJTFp5Yll4c2lwUjBicWg3dVh6V2Zxcm9sb3ZWR2pBcjJZLVlWaEx3?oc=5\" target=\"_blank\" rel=\"nofollow noopener\">\u00ab On n\u2019arrive plus \u00e0 recruter \u00bb : \u00e0 Paris, les entreprises face aux difficult\u00e9s de r\u00e9gularisation des \u00e9trangers<\/a>&nbsp;&nbsp;Le Parisien<\/li>\n<li><a href=\"https:\/\/news.google.com\/rss\/articles\/CBMi_gFBVV95cUxNMzNITGt5RGpmbEFOZkwzLU1DQUc3U1N6S24wM3JqVzR0Mk1iMDcxNUNFYW1IX1pSQm9iTEdNM1lUTzNXTEFCanFPUnBLaHl6WG1Zd2VyellCYUVqcWlMeEkwY1oyZTVWNHgwNEI2S1ZMNGZ5cUlKTFZ3Q25JQ1JKSlF5UzZ2MUZFX2RrT2lNU0JzN295aGp6U1lyRzJtV3lDaHZjeFhUVWpvSzdjMUNtVWZMQ1pDOFByRlpfcW1xb1V3UE83V3V6ZER4U0xXRS1QYmhQdmc4NlE4QmhzZmpTM0lYaXZTbHlzUEoyRGI2V1poVjhFQ1Q2OGJ1NWgtdw?oc=5\" target=\"_blank\" rel=\"nofollow noopener\">Vid\u00e9o. Rendez-vous impossibles en pr\u00e9fecture, crit\u00e8res flous : les syndicats d\u00e9noncent \u00ab une fabrique \u00e0 travailleurs sans-papiers<\/a>&nbsp;&nbsp;L&rsquo;Humanit\u00e9<\/li>\n<li><a href=\"https:\/\/news.google.com\/rss\/articles\/CBMizgFBVV95cUxQYXBXRXA5SE9tb3V2YW1TY1N2ZmxpNVdVbV90TUotVll1SG9mQUt5aGhZYnFqX3VVZGx2blM1R3NmN1pRbVpVTkFON1hvUV9ZelhYSm9EM0pDbzJYMW5kSmFxX1dGYTVmclAwUFFaMmRzeHJLTnhVdjZRM0dWc3lQY2c3TW9OTEZBTGZ4em8xdHNwNWtsX1FwRHZJMG1PcXhhMVdkQVo4cUlKVEZLRUlNYlIzbW5QcWRndUtNTEdiQ0RBcG95bDNOb2xrcUhOZw?oc=5\" target=\"_blank\" rel=\"nofollow noopener\">Dans la Vienne, les recours contre les OQTF sont de plus en plus nombreux<\/a>&nbsp;&nbsp;lanouvellerepublique.fr<\/li>\n<li><a href=\"https:\/\/news.google.com\/rss\/articles\/CBMiggJBVV95cUxPNDhKSnhHSkk5WWcycE9ndVMxNE9LUzh3VWtHTmEtbHhEMFVxMnV1NjV2aG9XcjktWVZtNUxzSU9DaXNUOXZQeGNhWjJjeE1VblJtMjZZeVVlU3VHdUYwX0oxTkw1Z3lBRzg4dFVvc3NuZjBKWkdFSE1ZOFI4dDRvMTBfVHA4M0JYR044ZDlxYWxtU25QMkZQYXBobExnMWlzXzRwb1NFMklrTnMxcU1KWWhmY08wbEtiM3lQZDBCa0dkc2s2NFh0ekx5dldzVnhzdERFNXhHLWl6ZHQzMXNnZHdOY1JJZ0hPakZxTVdTQWc0WTVaSl9yUjRYMGw0M0VJOXc?oc=5\" target=\"_blank\" rel=\"nofollow noopener\">Le M\u00e9gaphone S01E07 &#8211; Immigration : libert\u00e9 de circulation et d&rsquo;installation pour toutes et tous<\/a>&nbsp;&nbsp;Solidaires<\/li>\n<li><a href=\"https:\/\/news.google.com\/rss\/articles\/CBMipAFBVV95cUxPb21PdjQ5aTFVVVNwRDNvblFpdnpOaDBUdVQ2Yll6QW0tNzVYbWRneGxjdjZBY2tickg0bWpqQXFCMzBHTVh1Z3ZEZEZlcFc0OXVPT1dhb2I4WkJqUm1qck1DSWxkeGRyc2l1WW1kbkxGNG4zVzN6bC1lejY0b0VMUENnUmJpSUpsSnpJVk9kVGpfSWhsTUtkanpkQ0tWZUxRaU1qSw?oc=5\" target=\"_blank\" rel=\"nofollow noopener\">Dans le Puy-de-D\u00f4me, le calvaire administratif des \u00e9trangers<\/a>&nbsp;&nbsp;Ash.tm.fr<\/li>\n<\/ol>\n","protected":false},"excerpt":{"rendered":"\u00ab On n\u2019arrive plus \u00e0 recruter \u00bb : \u00e0 Paris, les entreprises face aux difficult\u00e9s de r\u00e9gularisation des&hellip;\n","protected":false},"author":2,"featured_media":153376,"comment_status":"","ping_status":"","sticky":false,"template":"","format":"standard","meta":{"footnotes":""},"categories":[2],"tags":[11,118,1011,27,1944,12,626,25],"class_list":{"0":"post-153375","1":"post","2":"type-post","3":"status-publish","4":"format-standard","5":"has-post-thumbnail","7":"category-actualites","8":"tag-actualites","9":"tag-faits-divers","10":"tag-fr","11":"tag-france","12":"tag-ma-ville","13":"tag-news","14":"tag-paris","15":"tag-republique-francaise"},"share_on_mastodon":{"url":"https:\/\/pubeurope.com\/@fr\/114629557911612792","error":""},"_links":{"self":[{"href":"https:\/\/www.europesays.com\/fr\/wp-json\/wp\/v2\/posts\/153375","targetHints":{"allow":["GET"]}}],"collection":[{"href":"https:\/\/www.europesays.com\/fr\/wp-json\/wp\/v2\/posts"}],"about":[{"href":"https:\/\/www.europesays.com\/fr\/wp-json\/wp\/v2\/types\/post"}],"author":[{"embeddable":true,"href":"https:\/\/www.europesays.com\/fr\/wp-json\/wp\/v2\/users\/2"}],"replies":[{"embeddable":true,"href":"https:\/\/www.europesays.com\/fr\/wp-json\/wp\/v2\/comments?post=153375"}],"version-history":[{"count":0,"href":"https:\/\/www.europesays.com\/fr\/wp-json\/wp\/v2\/posts\/153375\/revisions"}],"wp:featuredmedia":[{"embeddable":true,"href":"https:\/\/www.europesays.com\/fr\/wp-json\/wp\/v2\/media\/153376"}],"wp:attachment":[{"href":"https:\/\/www.europesays.com\/fr\/wp-json\/wp\/v2\/media?parent=153375"}],"wp:term":[{"taxonomy":"category","embeddable":true,"href":"https:\/\/www.europesays.com\/fr\/wp-json\/wp\/v2\/categories?post=153375"},{"taxonomy":"post_tag","embeddable":true,"href":"https:\/\/www.europesays.com\/fr\/wp-json\/wp\/v2\/tags?post=153375"}],"curies":[{"name":"wp","href":"https:\/\/api.w.org\/{rel}","templated":true}]}}