{"id":153381,"date":"2025-06-05T07:25:10","date_gmt":"2025-06-05T07:25:10","guid":{"rendered":"https:\/\/www.europesays.com\/fr\/153381\/"},"modified":"2025-06-05T07:25:10","modified_gmt":"2025-06-05T07:25:10","slug":"la-volleyeuse-fribourgeoise-meline-pierret-a-signe-a-beziers-jai-envie-de-gagner-ma-place-de-la-meriter","status":"publish","type":"post","link":"https:\/\/www.europesays.com\/fr\/153381\/","title":{"rendered":"La volleyeuse fribourgeoise M\u00e9line Pierret a sign\u00e9 \u00e0 B\u00e9ziers. \u00abJ\u2019ai envie de gagner ma place, de la m\u00e9riter\u00bb"},"content":{"rendered":"<p class=\"\">C\u2019\u00e9tait une question de jours et de strat\u00e9gie marketing surtout, puisque le club d\u00e9voile au compte-gouttes son effectif pour la saison prochaine via des publications Instagram. Tenue au secret depuis l\u2019annonce de son d\u00e9part de Neuch\u00e2tel pour l\u2019\u00e9tranger il y a quelques semaines, M\u00e9line Pierret peut enfin lever le voile: elle portera les couleurs des B\u00e9ziers Angels la saison prochaine, en 1re division fran\u00e7aise. Un club sacr\u00e9 champion de France en 2018 et qui, depuis, figure r\u00e9guli\u00e8rement dans le haut du classement et participe aux comp\u00e9titions europ\u00e9ennes comme la Ligue des champions et la CEV Cup.<\/p>\n","protected":false},"excerpt":{"rendered":"C\u2019\u00e9tait une question de jours et de strat\u00e9gie marketing surtout, puisque le club d\u00e9voile au compte-gouttes son effectif&hellip;\n","protected":false},"author":2,"featured_media":153382,"comment_status":"","ping_status":"","sticky":false,"template":"","format":"standard","meta":{"footnotes":""},"categories":[1417],"tags":[28303,1011,27,14888,28302,1841,60,1470,1469],"class_list":{"0":"post-153381","1":"post","2":"type-post","3":"status-publish","4":"format-standard","5":"has-post-thumbnail","7":"category-volley","8":"tag-equipe-de-suisse","9":"tag-fr","10":"tag-france","11":"tag-fribourg","12":"tag-guin","13":"tag-neuchatel","14":"tag-sports","15":"tag-volley","16":"tag-volleyball"},"share_on_mastodon":{"url":"https:\/\/pubeurope.com\/@fr\/114629569644207476","error":""},"_links":{"self":[{"href":"https:\/\/www.europesays.com\/fr\/wp-json\/wp\/v2\/posts\/153381","targetHints":{"allow":["GET"]}}],"collection":[{"href":"https:\/\/www.europesays.com\/fr\/wp-json\/wp\/v2\/posts"}],"about":[{"href":"https:\/\/www.europesays.com\/fr\/wp-json\/wp\/v2\/types\/post"}],"author":[{"embeddable":true,"href":"https:\/\/www.europesays.com\/fr\/wp-json\/wp\/v2\/users\/2"}],"replies":[{"embeddable":true,"href":"https:\/\/www.europesays.com\/fr\/wp-json\/wp\/v2\/comments?post=153381"}],"version-history":[{"count":0,"href":"https:\/\/www.europesays.com\/fr\/wp-json\/wp\/v2\/posts\/153381\/revisions"}],"wp:featuredmedia":[{"embeddable":true,"href":"https:\/\/www.europesays.com\/fr\/wp-json\/wp\/v2\/media\/153382"}],"wp:attachment":[{"href":"https:\/\/www.europesays.com\/fr\/wp-json\/wp\/v2\/media?parent=153381"}],"wp:term":[{"taxonomy":"category","embeddable":true,"href":"https:\/\/www.europesays.com\/fr\/wp-json\/wp\/v2\/categories?post=153381"},{"taxonomy":"post_tag","embeddable":true,"href":"https:\/\/www.europesays.com\/fr\/wp-json\/wp\/v2\/tags?post=153381"}],"curies":[{"name":"wp","href":"https:\/\/api.w.org\/{rel}","templated":true}]}}