{"id":153390,"date":"2025-06-05T07:31:19","date_gmt":"2025-06-05T07:31:19","guid":{"rendered":"https:\/\/www.europesays.com\/fr\/153390\/"},"modified":"2025-06-05T07:31:19","modified_gmt":"2025-06-05T07:31:19","slug":"colin-savioz-est-devenu-un-coursier-actualite","status":"publish","type":"post","link":"https:\/\/www.europesays.com\/fr\/153390\/","title":{"rendered":"Colin Savioz est \u00ab devenu un coursier \u00bb &#8211; Actualit\u00e9"},"content":{"rendered":"<p style=\"text-align: justify;\"><strong>Il a fait preuve de r\u00e9gularit\u00e9 \u00e0 chaque \u00e9tape pour aller d\u00e9crocher son premier Top 10 sur une course 2.2. Colin Savioz a sign\u00e9 la 8e place de l&rsquo;Alpes Is\u00e8re Tour (<strong><a href=\"https:\/\/www.directvelo.com\/actualite\/121060\/alpes-isere-tour-et-5-classements\" target=\"_blank\" rel=\"noopener\">voir classement<\/a><\/strong>). Avec ce r\u00e9sultat, l\u2019objectif est en partie rempli pour le coureur de Charvieu-Chavagneux IC, m\u00eame s\u2019il aurait souhait\u00e9 que sa formation l\u00e8ve les bras au cours des cinq jours de course.\u00a0\u201cLe but \u00e9tait de venir pour le classement g\u00e9n\u00e9ral. L\u2019\u00e9quipe a fait un super travail pour me placer au mieux. Je suis un peu mitig\u00e9, car on visait \u00e9galement une victoire d\u2019\u00e9tape. J\u2019ai essay\u00e9 plusieurs fois sans succ\u00e8s, Guillaume Bagou a \u00e9galement tent\u00e9 sa chance.\u00a0On n&rsquo;a pas eu \u00e9norm\u00e9ment de r\u00e9ussite.\u00a0C\u2019est tout de m\u00eame bien de pouvoir terminer 8e du g\u00e9n\u00e9ral\u201d,\u00a0confiait-t-il \u00e0\u00a0DirectVelo\u00a0apr\u00e8s l\u2019arriv\u00e9e \u00e0 La M\u00fbre.<\/strong><\/p>\n<p><strong>\u00ab JE ME SUIS BATTU AVEC LES ARMES DU JOUR \u00bb<\/strong><\/p>\n<p>Pourtant, l\u2019Is\u00e9rois n\u2019\u00e9tait pas dans une grande forme lors de la cinqui\u00e8me et derni\u00e8re \u00e9tape qui partait de Saint-Joseph-de-Rivi\u00e8re. N\u00e9anmoins, Colin Savioz a su trouver les ressources pour s\u2019accrocher face aux meilleurs coureurs.\u00a0\u201cLa nuit avant l\u2019\u00e9tape, j\u2019avais vraiment mal dormi. J\u2019ai fait de l\u2019asthme, donc la nuit avait \u00e9t\u00e9 assez courte. Je doutais un peu avant le d\u00e9part, car je ne savais pas trop comment les sensations allaient \u00eatre. Finalement, c\u2019\u00e9tait correct. Je me suis souvent retrouv\u00e9 \u00e0 contretemps, c\u2019est dommage. Quand des groupes sortaient, il fallait que je m\u2019accroche pour revenir. C\u2019\u00e9tait une journ\u00e9e assez gal\u00e8re, mais je me suis battu avec les armes du jour\u201d.<\/p>\n<p>Le beau g\u00e9n\u00e9ral de Colin Savioz n\u2019est pas l\u2019unique fait d\u2019armes de Charvieu-Chavagneux sur cet Alpes Is\u00e8re Tour 2025. Guillaume Bagou a remport\u00e9 le maillot du classement des sprints. Une belle r\u00e9compense pour cette \u00e9quipe, qui a pu compter sur un collectif solide pour \u00eatre actrice de la course.\u00a0\u201cOn a presque fait l&rsquo;Alpes Is\u00e8re Tour id\u00e9al. On repart avec un maillot distinctif et avec un Top 10 final. Le seul truc qui nous manque, c&rsquo;est une victoire d&rsquo;\u00e9tape, mais ce serait \u00eatre gourmand de dire que nous ne sommes pas satisfaits de la semaine\u201d,\u00a0admet le directeur sportif Antoine Bravard.<\/p>\n<p><strong>\u00ab\u00a0AJOUTER QUELQUES VICTOIRES\u00a0\u00bb<\/strong><\/p>\n<p>En plus d\u2019\u00eatre son directeur sportif, Antoine Bravard est \u00e9galement l\u2019entra\u00eeneur de Colin Savioz. Il souligne le bon travail de son coureur depuis son arriv\u00e9e au sein de la formation is\u00e9roise cet hiver.\u00a0\u201c\u00c0 la fin de cette semaine, je crois qu\u2019on peut dire que Colin est devenu un coursier. Quand je l\u2019ai r\u00e9cup\u00e9r\u00e9, l&rsquo;objectif \u00e9tait de lui apprendre \u00e0 faire du v\u00e9lo. Sur les quatre premi\u00e8res \u00e9tapes,\u00a0on a vu qu&rsquo;il \u00e9tait capable de tenir la baraque, dans les descentes, les mont\u00e9es, sur le plat, au sprint\u2026 donc globalement partout. ll a fait du super travail. On met tout en place \u00e0 l&rsquo;entra\u00eenement pour qu\u2019il soit au top. Colin est bien dans sa t\u00eate. C&rsquo;est le plus important pour lui\u201d.\u00a0Vainqueur de la classique Bourg-Arbent-Bourg (<strong><a href=\"https:\/\/www.directvelo.com\/coureur\/41904\/colin-savioz\" target=\"_blank\" rel=\"noopener\">voir sa fiche DV<\/a><\/strong>) en avril dernier, ce succ\u00e8s semble avoir\u00a0\u201cd\u00e9bloqu\u00e9\u201d\u00a0le prot\u00e9g\u00e9 d\u2019Antoine Bravard, m\u00eame si Colin Savioz pr\u00e9f\u00e8re ne pas s&#8217;emballer.\u00a0\u201cJ&rsquo;ai l&rsquo;impression que je vais monter en pression, mais la saison est encore longue. J&rsquo;esp\u00e8re qu&rsquo;il y aura de belles courses par la suite\u201d.<\/p>\n<p>Ce r\u00e9sultat peut faire esp\u00e9rer de belles choses pour la suite de cette ann\u00e9e 2025.\u00a0\u201cQuand on fait un Top 10 \u00e0 l\u2019AIT, \u00e7a veut dire qu\u2019on est capable de gagner de belles courses. Il y a d\u2019autres \u00e9preuves par \u00e9tapes o\u00f9 il pourra briller. Il y aura le Championnat de France \u00e0 la maison et pourquoi ne pas esp\u00e9rer une s\u00e9lection avec l&rsquo;\u00e9quipe de France pour le Tour de l\u2019Avenir. On y croit\u201d,\u00a0affirme Antoine Bravard. Pour \u00eatre totalement satisfait de sa saison, le coureur de 20 ans souhaite\u00a0\u201cajouter quelques victoires\u201d\u00a0d\u2019ici la fin d\u2019ann\u00e9e. Colin Savioz en aura l\u2019occasion tr\u00e8s prochainement puisqu&rsquo;il sera au d\u00e9part du Championnat Auvergne Rh\u00f4ne-Alpes ce samedi avant de prendre la direction du Tour du Beaujolais \u00e0 partir du 13 juin.<\/p>\n","protected":false},"excerpt":{"rendered":"Il a fait preuve de r\u00e9gularit\u00e9 \u00e0 chaque \u00e9tape pour aller d\u00e9crocher son premier Top 10 sur une&hellip;\n","protected":false},"author":2,"featured_media":153391,"comment_status":"","ping_status":"","sticky":false,"template":"","format":"standard","meta":{"footnotes":""},"categories":[1411],"tags":[834,828,836,829,837,827,83,826,824,823,1154,207,814,817,815,816,822,821,832,211,839,1011,27,820,818,819,835,831,830,833,838,60,212,208,825],"class_list":{"0":"post-153390","1":"post","2":"type-post","3":"status-publish","4":"format-standard","5":"has-post-thumbnail","7":"category-cyclisme","8":"tag-attaque","9":"tag-belgique","10":"tag-braquet","11":"tag-bretagne","12":"tag-chute","13":"tag-competition","14":"tag-coupe-de-france","15":"tag-coureur","16":"tag-course-cyclisme","17":"tag-course-cycliste","18":"tag-cycling","19":"tag-cyclisme","20":"tag-direct","21":"tag-direct-velo","22":"tag-directvelo","23":"tag-directvelo-com","24":"tag-epreuve","25":"tag-epreuve-cycliste","26":"tag-federation-francaise-de-cyclisme","27":"tag-ffc","28":"tag-flandres","29":"tag-fr","30":"tag-france","31":"tag-live","32":"tag-live-course","33":"tag-live-epreuve","34":"tag-peloton","35":"tag-radio-peloton","36":"tag-radio-tour","37":"tag-ravitaillement","38":"tag-relance","39":"tag-sports","40":"tag-uci","41":"tag-velo","42":"tag-velos"},"share_on_mastodon":{"url":"https:\/\/pubeurope.com\/@fr\/114629593275309976","error":""},"_links":{"self":[{"href":"https:\/\/www.europesays.com\/fr\/wp-json\/wp\/v2\/posts\/153390","targetHints":{"allow":["GET"]}}],"collection":[{"href":"https:\/\/www.europesays.com\/fr\/wp-json\/wp\/v2\/posts"}],"about":[{"href":"https:\/\/www.europesays.com\/fr\/wp-json\/wp\/v2\/types\/post"}],"author":[{"embeddable":true,"href":"https:\/\/www.europesays.com\/fr\/wp-json\/wp\/v2\/users\/2"}],"replies":[{"embeddable":true,"href":"https:\/\/www.europesays.com\/fr\/wp-json\/wp\/v2\/comments?post=153390"}],"version-history":[{"count":0,"href":"https:\/\/www.europesays.com\/fr\/wp-json\/wp\/v2\/posts\/153390\/revisions"}],"wp:featuredmedia":[{"embeddable":true,"href":"https:\/\/www.europesays.com\/fr\/wp-json\/wp\/v2\/media\/153391"}],"wp:attachment":[{"href":"https:\/\/www.europesays.com\/fr\/wp-json\/wp\/v2\/media?parent=153390"}],"wp:term":[{"taxonomy":"category","embeddable":true,"href":"https:\/\/www.europesays.com\/fr\/wp-json\/wp\/v2\/categories?post=153390"},{"taxonomy":"post_tag","embeddable":true,"href":"https:\/\/www.europesays.com\/fr\/wp-json\/wp\/v2\/tags?post=153390"}],"curies":[{"name":"wp","href":"https:\/\/api.w.org\/{rel}","templated":true}]}}