{"id":153392,"date":"2025-06-05T07:32:08","date_gmt":"2025-06-05T07:32:08","guid":{"rendered":"https:\/\/www.europesays.com\/fr\/153392\/"},"modified":"2025-06-05T07:32:08","modified_gmt":"2025-06-05T07:32:08","slug":"5-questions-sur-une-affiche-qui-fait-saliver-avec-la-promesse-de-spectacle","status":"publish","type":"post","link":"https:\/\/www.europesays.com\/fr\/153392\/","title":{"rendered":"5 questions sur une affiche qui fait saliver&#8230; avec la promesse de spectacle"},"content":{"rendered":"<p>Oppos\u00e9s au champion d\u2019Europe en titre en demi-finale de la Ligue des nations, les Fran\u00e7ais passent un test grandeur nature jeudi soir \u00e0 Stuttgart.<\/p>\n<p class=\"fig-paragraph\"><strong>Quel est l\u2019enjeu de ce rendez-vous\u00a0?<\/strong><br \/>Une qualification en finale de la Ligue des nations, tout simplement. D\u00e9j\u00e0 victorieuse de cette comp\u00e9tition en 2021, apr\u00e8s avoir notamment battu la Roja d\u2019un certain Luis Enrique en finale \u00e0 San Siro (2-1),\u00a0<a href=\"http:\/\/www.lefigaro.fr\/sports\/football\/ligue-des-nations\/rassemblement-express-etat-de-forme-disparate-enjeu-maximal-le-casse-tete-permanent-de-deschamps-et-des-bleus-20250604\" target=\"_blank\" data-fig-type=\"NewsFlash\" rel=\"noopener\" data-gtm-custom-categorie=\"navigation\" data-gtm-custom-action=\"crossclick\" data-gtm-custom-label=\"Contextuel\" data-gtm-event=\"customEventSPE\" data-fig-domain=\"LEFIGARO\">l\u2019\u00e9quipe de France<\/a>\u00a0retrouve un adversaire qu\u2019elle conna\u00eet par c\u0153ur (20h45, TF1). Et au passage une Espagne tenante du titre depuis sa victoire en 2023. La demi-finale perdue (2-1) \u00e0 l\u2019Euro en juillet dernier \u00e0 Munich reste encore dans les esprits fran\u00e7ais, forc\u00e9ment revanchards et d\u00e9sireux de prouver que les Espagnols ne sont pas au-dessus d\u2019eux.<\/p>\n<p class=\"fig-paragraph\">L\u2019affiche fait saliver car elle offre un plateau de stars, Mbapp\u00e9, Demb\u00e9l\u00e9,\u00a0<a href=\"http:\/\/www.lefigaro.fr\/sports\/football\/equipe-de-france\/equipe-de-france-en-video-les-bleus-fetent-l-anniversaire-de-desire-doue-a-clairefontaine-20250604\" target=\"_blank\" data-fig-type=\"NewsFlash\" rel=\"noopener\" data-gtm-custom-categorie=\"navigation\" data-gtm-custom-action=\"crossclick\" data-gtm-custom-label=\"Contextuel\" data-gtm-event=\"customEventSPE\" data-fig-domain=\"LEFIGARO\">Dou\u00e9<\/a>\u00a0et Olise d\u2019un c\u00f4t\u00e9, face \u00e0\u00a0<a href=\"http:\/\/www.lefigaro.fr\/sports\/football\/yamal-au-sommet-doue-et-les-parisiens-grimpent-apres-le-sacre-europeen-le-classement-des-joueurs-les-mieux-valorises-sur-la-planete-football-20250604\" target=\"_blank\" data-fig-type=\"NewsFlash\" rel=\"noopener\" data-gtm-custom-categorie=\"navigation\" data-gtm-custom-action=\"crossclick\" data-gtm-custom-label=\"Contextuel\" data-gtm-event=\"customEventSPE\" data-fig-domain=\"LEFIGARO\">Yamal<\/a>, Olmo, Pedri ou encore Ruiz. Mais aussi une opposition de style tr\u00e8s marqu\u00e9e, entre des Bleus pragmatiques, verticaux et solides, contre des Espagnols techniques, cr\u00e9atifs et d\u00e9sireux de garder la possession de balle. Le vainqueur retrouvera l\u2019Allemagne\/Portugal dimanche soir \u00e0 Munich. Le perdant devra se coltiner un match (inutile) pour la 3e place \u00e0 Stuttgart.<\/p>\n<p class=\"fig-body-link\">\n            \u00c0 lire aussi<br \/>\n        <a class=\"fig-body-link__link\" href=\"http:\/\/www.lefigaro.fr\/sports\/football\/ligue-des-nations\/la-menace-yamal-mbappe-n09-dembele-ballon-d-or-les-mots-de-deschamps-avant-espagne-france-20250604\" data-fig-type=\"NewsFlash\" data-gtm-custom-categorie=\"navigation\" data-gtm-custom-action=\"crossclick\" data-gtm-custom-label=\"Contextuel\" data-gtm-event=\"customEventSPE\" data-fig-domain=\"LEFIGARO\" target=\"_blank\" rel=\"noopener\">La menace Yamal, Mbapp\u00e9 n\u00b09, Demb\u00e9l\u00e9 Ballon d\u2019or&#8230; Les mots de Deschamps avant Espagne-France<br \/>\n    <\/a>\n<\/p>\n<p class=\"fig-paragraph\"><strong>Dans quel \u00e9tat d\u00e9barquent les Bleus en Allemagne\u00a0?<\/strong><br \/>Entre joie, dynamisme et \u00e9tats de forme disparates. Si les cinq champions d\u2019Europe du PSG (Demb\u00e9l\u00e9, Dou\u00e9, Barcola, Za\u00efre-Emery, Hernandez) ont apport\u00e9 de la l\u00e9g\u00e8ret\u00e9 et des sourires lundi soir lors de leur arriv\u00e9e \u00e0 Clairefontaine, les Bleus, rassembl\u00e9s depuis vendredi, doivent jongler avec des \u00e9tats physiques diff\u00e9rents. Entre ceux qui sont en cong\u00e9s depuis la mi-mai avec la fin des championnats et ceux encore sur le pont avec les coupes d\u2019Europe, le staff a tent\u00e9 de veiller \u00e0 garder un groupe concern\u00e9 et sous pression.<\/p>\n<p class=\"fig-body-link\">\n            \u00c0 lire aussi<br \/>\n        <a class=\"fig-body-link__link\" href=\"http:\/\/www.lefigaro.fr\/sports\/football\/ligue-des-nations\/dembele-merite-le-ballon-d-or-point-barre-ibrahima-konate-premier-bleu-a-enfin-assumer-clairement-sa-position-20250604\" data-fig-type=\"NewsFlash\" data-gtm-custom-categorie=\"navigation\" data-gtm-custom-action=\"crossclick\" data-gtm-custom-label=\"Contextuel\" data-gtm-event=\"customEventSPE\" data-fig-domain=\"LEFIGARO\" target=\"_blank\" rel=\"noopener\">\u00abDemb\u00e9l\u00e9 m\u00e9rite le Ballon d\u2019Or, point barre\u00a0!\u00bb\u00a0: Ibrahima Konat\u00e9, premier Bleu \u00e0 (enfin) assumer clairement sa position<br \/>\n    <\/a>\n<\/p>\n<p class=\"fig-paragraph\">Une nouvelle d\u00e9faite contre l\u2019Espagne n\u2019est pas envisageable du c\u00f4t\u00e9 de Deschamps, reste \u00e0 savoir la fra\u00eecheur dont pourra b\u00e9n\u00e9ficier son \u00e9quipe. Ce sera l\u2019une des cl\u00e9s de ce choc face \u00e0 deux mastodontes du football europ\u00e9en et mondial. Apr\u00e8s la r\u00e9volte et le sursaut d\u2019orgueil en mars face \u00e0 la Croatie (d\u00e9faite \u00e0 Split et victoire \u00e0 Saint-Denis synonyme de qualification au Final Four) dans un Stade de France incandescent, le voyage \u00e0 Stuttgart en dira plus sur l\u2019esprit qui anime les partenaires de Kylian Mbapp\u00e9 dans une saison \u00e0 rallonge.<\/p>\n<p class=\"fig-paragraph\"><strong>Comment s\u2019est d\u00e9roul\u00e9e la derni\u00e8re confrontation entre les deux nations\u00a0?<\/strong><br \/>Tr\u00e8s mal pour la France avec une\u00a0<a href=\"http:\/\/www.lefigaro.fr\/sports\/football\/euro\/espagne-france-mbappe-passe-encore-au-travers-dembele-aussi-rabiot-tout-mou-les-notes-des-bleus-20240709\" data-fig-type=\"NewsFlash\" data-gtm-custom-categorie=\"navigation\" data-gtm-custom-action=\"crossclick\" data-gtm-custom-label=\"Contextuel\" data-gtm-event=\"customEventSPE\" data-fig-domain=\"LEFIGARO\" target=\"_blank\" rel=\"noopener\">\u00e9limination logique en demi-finale de l\u2019Euro le 9 juillet 2024\u00a0<\/a>(2-1). Les Bleus sortaient de deux qualifications devant la Belgique et le Portugal, tandis que l\u2019Espagne avait \u00e9cart\u00e9 la G\u00e9orgie et l\u2019Allemagne pour se hisser dans le dernier carr\u00e9. Si les partenaires d\u2019un Kylian Mbapp\u00e9, pass\u00e9 \u00e0 c\u00f4t\u00e9 de son championnat d\u2019Europe (blessure au nez, physique entam\u00e9), ont ouvert le score gr\u00e2ce \u00e0 Randal Kolo Muani en d\u00e9but de match (0-1, 9e), la suite fut moins r\u00e9jouissante.<\/p>\n<p class=\"fig-paragraph\">\u00c0 16 ans, Lamine Yamal a fait son entr\u00e9e dans la cour des tr\u00e8s grands avec un but fabuleux dont se souvient encore Adrien Rabiot, promen\u00e9 sur cette action par le prodige du Bar\u00e7a (1-1, 21e). Logiquement, les Espagnols, plus frais et plus mobiles, ont pris les devants avec un deuxi\u00e8me but inscrit par Dani Olmo (2-1, 25e). Avec des leaders entam\u00e9s (Mbapp\u00e9, Griezmann, Tchouam\u00e9ni, Kant\u00e9\u2026) et un jeu trop restrictif, les Bleus ont c\u00e9d\u00e9 face \u00e0 plus fort. Dans la foul\u00e9e, l\u2019Espagne, s\u00e9lection au jeu le plus s\u00e9duisant d\u2019une comp\u00e9tition d\u00e9cevante dans sa globalit\u00e9, a tr\u00f4n\u00e9 sur le toit de l\u2019Europe en disposant de l\u2019Angleterre en finale (2-1).\u00a0<\/p>\n<p><strong>Quelle \u00e9quipe Didier Deschamps va-t-il aligner\u00a0?<\/strong><\/p>\n<p class=\"fig-paragraph\">Si l\u2019on se fie \u00e0\u00a0<a href=\"http:\/\/www.lefigaro.fr\/sports\/football\/ligue-des-nations\/france-espagne-les-bleus-avec-dembele-mbappe-et-doue-d-entree-20250604\" data-fig-type=\"NewsFlash\" data-gtm-custom-categorie=\"navigation\" data-gtm-custom-action=\"crossclick\" data-gtm-custom-label=\"Contextuel\" data-gtm-event=\"customEventSPE\" data-fig-domain=\"LEFIGARO\" target=\"_blank\" rel=\"noopener\">l\u2019ultime mise en place tactique des Bleus\u00a0<\/a>de mercredi soir sous la pluie de Stuttgart, l\u2019\u00e9quipe de France devrait \u00eatre r\u00e9solument offensive face aux Espagnols. Dans un syst\u00e8me en 4-2-3-1, \u00e9volutif \u00e0 la perte de balle, Didier Deschamps devrait lancer deux champions d\u2019Europe du PSG, Ousmane Demb\u00e9l\u00e9 et D\u00e9sir\u00e9 Dou\u00e9. Le premier serait plac\u00e9 \u00e0 droite, le deuxi\u00e8me \u00e0 gauche, encadrant Kylian Mbapp\u00e9. Michael Olise,\u00a0<a href=\"http:\/\/www.lefigaro.fr\/sports\/football\/ligue-des-nations\/les-notes-des-bleus-contre-la-croatie-olise-chef-d-orchestre-maignan-sauveur-mbappe-maladroit-20250324\" data-fig-type=\"NewsFlash\" data-gtm-custom-categorie=\"navigation\" data-gtm-custom-action=\"crossclick\" data-gtm-custom-label=\"Contextuel\" data-gtm-event=\"customEventSPE\" data-fig-domain=\"LEFIGARO\" target=\"_blank\" rel=\"noopener\">excellent contre la Croatie en mars<\/a>, serait attendu en num\u00e9ro 10 avec un milieu compos\u00e9 de Kon\u00e9 et Rabiot. Derri\u00e8re, au regard des nombreux forfaits (Kound\u00e9, Upamecano, Saliba), trois titulaires, Deschamps devrait tenter le bizuth Pierre Kalulu \u00e0 droite, Th\u00e9o Hernandez gauche et une charni\u00e8re Konat\u00e9-Lenglet, devant Mike Maignan.<\/p>\n<p class=\"fig-paragraph\"><strong>Le 11 probable de l\u2019\u00e9quipe de France<\/strong>\u00a0: Maignan &#8211; Kalulu, Konat\u00e9, Lenglet, T. Hernandez &#8211; Kon\u00e9, Rabiot &#8211; Demb\u00e9l\u00e9, Olise, Dou\u00e9 &#8211; Mbapp\u00e9 (cap)<\/p>\n<p class=\"fig-paragraph\"><strong>Pourquoi les supporters fran\u00e7ais sont-ils aussi nombreux\u00a0?<\/strong><br \/>C\u2019est \u00e0 la fois r\u00e9jouissant et \u00e9tonnant. Mais cela t\u00e9moigne toujours d\u2019une chose, les Bleus sont toujours autant aim\u00e9s et suivis par leur public. Apr\u00e8s un Euro 2024 d\u00e9cevant sur le plan du jeu mais r\u00e9ussi en termes d\u2019objectif &#8211; avec une 4e demi-finale en six tournois sous l\u2019\u00e8re Deschamps &#8211; des questions se sont pos\u00e9es sur l\u2019amour des supporters fran\u00e7ais envers leur s\u00e9lection. En mars dernier, les 80.000 places au Stade de France ont \u00e9t\u00e9 prises d\u2019assaut pour le match qualificatif au Final Four de la Ligue des nations contre la Croatie. Idem pour le court d\u00e9placement en Allemagne cette semaine. Jeudi soir, 16.842 supporters des Bleus garniront la Stuttgart Arena. C\u2019est un record dans l\u2019histoire de la s\u00e9lection et tout simplement le plus gros contingent des demi-finalistes de cette comp\u00e9tition, hors Allemagne, pays h\u00f4te. \u00c0 titre de comparaison, les Espagnols seront 5.564 et les Portugais 9.356. Dans les tribunes, la victoire fran\u00e7aise s\u2019annonce d\u00e9j\u00e0 \u00e9clatante. Sur le terrain, c\u2019est une autre histoire.<\/p>\n<p>    <a href=\"https:\/\/photo.lefigaro.fr\/sports\/football\/ligue-des-nations\/espagne-france-la-merveille-de-lamine-yamal-le-deboule-de-zidane-la-boulette-d-arconada-platini-les-images-fortes-des-derniers-duels-20250604\" target=\"_blank\" rel=\"noopener\"><\/p>\n<p class=\"fig-slideshow__title\">\n                    Espagne-France\u00a0: la merveille de Lamine Yamal, le d\u00e9boul\u00e9 de Zidane, la boulette d\u2019Arconada, Platini&#8230; Les images fortes des derniers duels\n                <\/p>\n<p>Acc\u00e9der au diaporama (12)<\/p>\n<p>    <\/a><\/p>\n","protected":false},"excerpt":{"rendered":"Oppos\u00e9s au champion d\u2019Europe en titre en demi-finale de la Ligue des nations, les Fran\u00e7ais passent un test&hellip;\n","protected":false},"author":2,"featured_media":153393,"comment_status":"","ping_status":"","sticky":false,"template":"","format":"standard","meta":{"footnotes":""},"categories":[1410],"tags":[672,828,525,8976,20532,64,123,63,1011,27,6477,3022,23733,955,23734,6996,1980,60,455],"class_list":{"0":"post-153392","1":"post","2":"type-post","3":"status-publish","4":"format-standard","5":"has-post-thumbnail","7":"category-football","8":"tag-allemagne","9":"tag-belgique","10":"tag-calendrier","11":"tag-classements","12":"tag-didier-deschamps","13":"tag-equipe-de-france","14":"tag-espagne","15":"tag-football","16":"tag-fr","17":"tag-france","18":"tag-kylian-mbappe","19":"tag-ligue","20":"tag-ligue-des-nations","21":"tag-match","22":"tag-match-en-direct","23":"tag-portugal","24":"tag-resultats","25":"tag-sports","26":"tag-uefa"},"share_on_mastodon":{"url":"https:\/\/pubeurope.com\/@fr\/114629597280440431","error":""},"_links":{"self":[{"href":"https:\/\/www.europesays.com\/fr\/wp-json\/wp\/v2\/posts\/153392","targetHints":{"allow":["GET"]}}],"collection":[{"href":"https:\/\/www.europesays.com\/fr\/wp-json\/wp\/v2\/posts"}],"about":[{"href":"https:\/\/www.europesays.com\/fr\/wp-json\/wp\/v2\/types\/post"}],"author":[{"embeddable":true,"href":"https:\/\/www.europesays.com\/fr\/wp-json\/wp\/v2\/users\/2"}],"replies":[{"embeddable":true,"href":"https:\/\/www.europesays.com\/fr\/wp-json\/wp\/v2\/comments?post=153392"}],"version-history":[{"count":0,"href":"https:\/\/www.europesays.com\/fr\/wp-json\/wp\/v2\/posts\/153392\/revisions"}],"wp:featuredmedia":[{"embeddable":true,"href":"https:\/\/www.europesays.com\/fr\/wp-json\/wp\/v2\/media\/153393"}],"wp:attachment":[{"href":"https:\/\/www.europesays.com\/fr\/wp-json\/wp\/v2\/media?parent=153392"}],"wp:term":[{"taxonomy":"category","embeddable":true,"href":"https:\/\/www.europesays.com\/fr\/wp-json\/wp\/v2\/categories?post=153392"},{"taxonomy":"post_tag","embeddable":true,"href":"https:\/\/www.europesays.com\/fr\/wp-json\/wp\/v2\/tags?post=153392"}],"curies":[{"name":"wp","href":"https:\/\/api.w.org\/{rel}","templated":true}]}}