{"id":153418,"date":"2025-06-05T07:45:10","date_gmt":"2025-06-05T07:45:10","guid":{"rendered":"https:\/\/www.europesays.com\/fr\/153418\/"},"modified":"2025-06-05T07:45:10","modified_gmt":"2025-06-05T07:45:10","slug":"faure-ou-mayer-rossignol-pourquoi-le-choix-du-premier-secretaire-ne-reglera-pas-les-problemes-du-ps","status":"publish","type":"post","link":"https:\/\/www.europesays.com\/fr\/153418\/","title":{"rendered":"Faure ou Mayer-Rossignol\u00a0? Pourquoi le choix du premier secr\u00e9taire ne r\u00e9glera pas les probl\u00e8mes du PS"},"content":{"rendered":"<p>        <img decoding=\"async\" loading=\"lazy\" src=\"https:\/\/www.europesays.com\/fr\/wp-content\/uploads\/2025\/06\/97aad9e_sirius-fs-upload-1-r19sjh8312bd-1749046080848-000-33844e2.jpg\"  width=\"728\" height=\"410\" alt=\"Pourquoi le choix du Premier secr\u00e9taire est loin de r\u00e9gler tous les probl\u00e8mes du PS (photo d\u2019illustration prise en janvier 2023)\"\/>  <\/p>\n<p>CLEMENT MAHOUDEAU \/ AFP<\/p>\n<p>Pourquoi le choix du Premier secr\u00e9taire est loin de r\u00e9gler tous les probl\u00e8mes du PS (photo d\u2019illustration prise en janvier 2023)<\/p>\n<p class=\"asset asset-text\">POLITIQUE &#8211; Le bouquet final des roses n\u2019aura rien du feu d\u2019artifice. Les adh\u00e9rents du <a href=\"https:\/\/www.huffingtonpost.fr\/politique\/article\/au-parti-socialiste-derriere-les-batailles-intestines-l-absence-de-debat-de-fond_249211.html\" rel=\"nofollow noopener\" target=\"_blank\">Parti socialiste<\/a> sont appel\u00e9s \u00e0 \u00e9lire leur premier secr\u00e9taire ce jeudi 5\u00a0juin. Apr\u00e8s trois mois de campagne, le sortant Olivier Faure, <a href=\"https:\/\/www.huffingtonpost.fr\/politique\/article\/parti-socialiste-finalement-boris-vallaud-a-choisi-entre-olivier-faure-et-nicolas-mayer-rossignol_250774.html\" rel=\"nofollow noopener\" target=\"_blank\">rejoint par Boris Vallaud,<\/a> fait figure de favori. Mais le maire de Rouen Nicolas Mayer-Rossignol, son adversaire, ne d\u00e9sarme pas.<\/p>\n<p class=\"asset asset-text\">Le vote est ouvert jusqu\u2019\u00e0 22\u00a0heures, dans chaque section, pour un r\u00e9sultat attendu au plus t\u00f4t vendredi dans la matin\u00e9e. Avec quelles cons\u00e9quences pour le PS et les \u00e9quilibres politiques\u00a0? Avant l\u2019\u00e9pilogue, cens\u00e9 trancher l\u2019orientation de la future direction, cette course interne aura surtout r\u00e9v\u00e9l\u00e9 <a href=\"https:\/\/www.huffingtonpost.fr\/politique\/article\/pourquoi-le-congres-du-parti-socialiste-donne-l-impression-de-tourner-a-vide_250431.html\" rel=\"nofollow noopener\" target=\"_blank\">les fragilit\u00e9s tenaces du parti<\/a>, min\u00e9 par les divisions et boud\u00e9 par les militants.<\/p>\n<p class=\"asset asset-text\">L\u2019\u00e9lection repose ce printemps sur un corps \u00e9lectoral de 40\u00a0000\u00a0adh\u00e9rents, soit un peu moins qu\u2019en 2023, lors du congr\u00e8s de Marseille, et sans commune mesure avec les records des ann\u00e9es 2000. Une perte d\u2019attractivit\u00e9 dangereuse \u00e0 deux ans de la pr\u00e9sidentielle. Et le r\u00e9v\u00e9lateur du travail d\u2019ampleur qui attend le nouveau chef.<\/p>\n<p>    <strong>Quel programme, pour quel candidat\u00a0?<\/strong>    <\/p>\n<p class=\"asset asset-text\">\u00c0 ce titre, la comparaison avec l\u2019\u00e9lection du pr\u00e9sident des R\u00e9publicains, autre tendance historique habitu\u00e9e aux responsabilit\u00e9s, n\u2019est pas flatteuse. Au total, plus de 100\u00a0000\u00a0adh\u00e9rents ont vot\u00e9 pour pr\u00e9f\u00e9rer Bruno Retailleau \u00e0 Laurent Wauquiez, au terme d\u2019une campagne qui aura rythm\u00e9 l\u2019actualit\u00e9 politique et permis \u00e0 la droite de trouver un nouveau souffle dans le d\u00e9bat. Rien de tel, au PS.<\/p>\n<p class=\"asset asset-text\">Le congr\u00e8s, remake de celui de 2023, n\u2019a pas cr\u00e9\u00e9 de dynamique ni permis quelconque d\u00e9bats d\u2019id\u00e9es. Aucune proposition, sur les questions \u00e9conomiques, sociales, environnementales ou r\u00e9galiennes n\u2019a perc\u00e9 le mur du son, d\u2019un c\u00f4t\u00e9 comme de l\u2019autre. Les controverses se sont concentr\u00e9es sur des questions \u00e9lectorales, vis-\u00e0-vis de la France insoumise, et strat\u00e9giques, \u00e0 l\u2019approche de 2027. L\u00e0 o\u00f9 Olivier Faure plaide pour une candidature unique \u00ab\u00a0de Glucksmann \u00e0 Ruffin\u00a0\u00bb, d\u00e9sign\u00e9e par une \u00ab\u00a0plateforme\u00a0\u00bb commune, ses opposants souhaitent garantir un candidat social-d\u00e9mocrate co\u00fbte que co\u00fbte.<\/p>\n<p class=\"asset asset-text\">Charge donc au futur premier secr\u00e9taire de mettre le parti au travail, comme l\u2019ont r\u00e9clam\u00e9 les trois pr\u00e9tendants \u00e0 cor et \u00e0 cri, pour b\u00e2tir une offre politique cr\u00e9dible. Indispensable pour sortir du giron de la France insoumise, et rompre, comme ils le souhaitent, les alliances avec la formation de Jean-Luc M\u00e9lenchon, dont l\u2019essentiel du programme a servi de base aux projets des gauches r\u00e9unies aux derni\u00e8res l\u00e9gislatives.<\/p>\n<p class=\"asset asset-text\">La t\u00e2che est cons\u00e9quente. Pour l\u2019heure, \u00ab\u00a0on ne sait pas quelles sont les id\u00e9es port\u00e9es par le PS\u00a0\u00bb, r\u00e9sume le politologue et sp\u00e9cialiste des gauches R\u00e9mi Lefebvre\u00a0dans <a href=\"https:\/\/www.la-croix.com\/politique\/congres-du-ps-la-gauche-de-gouvernement-en-quete-d-un-nouveau-souffle-20250526\" target=\"_blank\" rel=\"noopener nofollow\" title=\"Nouvelle fen\u00eatre\">les colonnes de La Croix,<\/a> en soulignant que \u00ab\u00a0les\u00a0socialistes\u00a0ne se positionnent qu\u2019en fonction des Insoumis\u00a0\u00bb, loin de \u00ab\u00a0la refondation id\u00e9ologique et intellectuelle\u00a0\u00bb n\u00e9cessaire \u00e0 la social-d\u00e9mocratie.<\/p>\n<p>                     <strong>Les tendances irr\u00e9conciliables\u00a0?<\/strong>    <\/p>\n<p class=\"asset asset-text\">En parall\u00e8le, l\u2019autre chantier qui doit s\u2019ouvrir pour les futures instances, est celui de l\u2019incarnation, afin de trouver un candidat \u00e0 l\u2019\u00e9lection pr\u00e9sidentielle qui ne r\u00e9it\u00e9rera pas le crash v\u00e9cu par Anne Hidalgo en 2022 (1,75\u00a0%). Pas simple, non plus, quand aucun socialiste ne s\u2019impose comme incontournable sur la ligne de d\u00e9part, deux ans avant l\u2019\u00e9ch\u00e9ance.<\/p>\n<p class=\"asset asset-text\">Certes, Olivier Faure s\u2019est peu \u00e0 peu forg\u00e9 une stature de potentiel pr\u00e9sidentiable, mais il reste scotch\u00e9 pour l\u2019heure autour des 5\u00a0% dans les sondages et rien ne lui garantit une victoire \u00e0 la primaire qu\u2019il envisage. Lui-m\u00eame se refuse d\u2019ailleurs \u00e0 exprimer toute ambition, quand ses opposants le pressent de clarifier le sujet, <a href=\"https:\/\/www.huffingtonpost.fr\/politique\/article\/mayer-rossignol-brule-de-connaitre-les-ambitions-presidentielles-de-faure-et-le-lui-fait-savoir_250836.html\" rel=\"nofollow noopener\" target=\"_blank\">en l\u2019accusant de se servir du congr\u00e8s comme d\u2019un tremplin.<\/a> Un avant-go\u00fbt des pol\u00e9miques \u00e0 venir au PS\u00a0?<\/p>\n<p class=\"asset asset-text\">Ces d\u00e9fis, nombreux, risquent effectivement de se transformer en chemin de croix pour la nouvelle direction, tant la course interne aura exacerb\u00e9 les tensions entre les deux principaux courants et les derni\u00e8res t\u00eates d\u2019affiche du parti. Les adversaires d\u2019Olivier Faure lui ont par exemple reproch\u00e9 des \u00ab\u00a0strat\u00e9gies \u00e0 deux balles\u00a0\u00bb (Karim Bouamrane) et une capitulation sur la question des valeurs concernant les alliances avec LFI. En retour, le premier secr\u00e9taire d\u00e9nonce la campagne \u00ab\u00a0hypocrite\u00a0\u00bb de ses contempteurs \u00ab\u00a0donneurs de le\u00e7on\u00a0\u00bb. Bonne ambiance.<\/p>\n<p class=\"asset asset-text\">Si les rapports de force \u00e9tablis au premier tour (42\u00a0% pour Olivier Faure, contre 40\u00a0% pour Nicolas Mayer-Rossignol) se confirment dans les urnes ce jeudi, le parti va ressortir du scrutin divis\u00e9 en deux camps aux forces quasi \u00e9gales, dont l\u2019affrontement devra \u00eatre arbitr\u00e9 par Boris Vallaud et la nouvelle place qu\u2019il s\u2019est construit au sein de l\u2019appareil. Le tout dans un contexte toujours aussi tendu, o\u00f9 certains \u00e9lus de premier plan, \u00e0 l\u2019image de la pr\u00e9sidente de la r\u00e9gion Occitanie Carole Delga, <a href=\"https:\/\/www.liberation.fr\/politique\/carole-delga-menace-de-quitter-le-ps-si-olivier-faure-gagne-le-congres-20250324_NUDMSVS3UVCETKM5YSJ4RVV5TQ\/\" target=\"_blank\" rel=\"noopener nofollow\" title=\"Nouvelle fen\u00eatre\">menacent de quitter le PS en cas de victoire d\u2019Olivier Faure<\/a>. Soit, sans doute, le pire sc\u00e9nario possible pour envisager un rassemblement des troupes serein et tracer un cap clair, incontest\u00e9, pour les mois \u00e0 venir.<\/p>\n","protected":false},"excerpt":{"rendered":"CLEMENT MAHOUDEAU \/ AFP Pourquoi le choix du Premier secr\u00e9taire est loin de r\u00e9gler tous les probl\u00e8mes du&hellip;\n","protected":false},"author":2,"featured_media":153419,"comment_status":"","ping_status":"","sticky":false,"template":"","format":"standard","meta":{"footnotes":""},"categories":[4],"tags":[11,1011,27,2383,12,4393,4484,316,25],"class_list":{"0":"post-153418","1":"post","2":"type-post","3":"status-publish","4":"format-standard","5":"has-post-thumbnail","7":"category-france","8":"tag-actualites","9":"tag-fr","10":"tag-france","11":"tag-gauche","12":"tag-news","13":"tag-olivier-faure","14":"tag-parti-socialiste-ps","15":"tag-politique","16":"tag-republique-francaise"},"share_on_mastodon":{"url":"https:\/\/pubeurope.com\/@fr\/114629648320837853","error":""},"_links":{"self":[{"href":"https:\/\/www.europesays.com\/fr\/wp-json\/wp\/v2\/posts\/153418","targetHints":{"allow":["GET"]}}],"collection":[{"href":"https:\/\/www.europesays.com\/fr\/wp-json\/wp\/v2\/posts"}],"about":[{"href":"https:\/\/www.europesays.com\/fr\/wp-json\/wp\/v2\/types\/post"}],"author":[{"embeddable":true,"href":"https:\/\/www.europesays.com\/fr\/wp-json\/wp\/v2\/users\/2"}],"replies":[{"embeddable":true,"href":"https:\/\/www.europesays.com\/fr\/wp-json\/wp\/v2\/comments?post=153418"}],"version-history":[{"count":0,"href":"https:\/\/www.europesays.com\/fr\/wp-json\/wp\/v2\/posts\/153418\/revisions"}],"wp:featuredmedia":[{"embeddable":true,"href":"https:\/\/www.europesays.com\/fr\/wp-json\/wp\/v2\/media\/153419"}],"wp:attachment":[{"href":"https:\/\/www.europesays.com\/fr\/wp-json\/wp\/v2\/media?parent=153418"}],"wp:term":[{"taxonomy":"category","embeddable":true,"href":"https:\/\/www.europesays.com\/fr\/wp-json\/wp\/v2\/categories?post=153418"},{"taxonomy":"post_tag","embeddable":true,"href":"https:\/\/www.europesays.com\/fr\/wp-json\/wp\/v2\/tags?post=153418"}],"curies":[{"name":"wp","href":"https:\/\/api.w.org\/{rel}","templated":true}]}}