{"id":153430,"date":"2025-06-05T07:51:10","date_gmt":"2025-06-05T07:51:10","guid":{"rendered":"https:\/\/www.europesays.com\/fr\/153430\/"},"modified":"2025-06-05T07:51:10","modified_gmt":"2025-06-05T07:51:10","slug":"cest-100-local-cette-nouvelle-marque-de-vetements-se-fait-une-place-a-la-crau","status":"publish","type":"post","link":"https:\/\/www.europesays.com\/fr\/153430\/","title":{"rendered":"\u00ab\u00a0C&rsquo;est 100% local\u00a0\u00bb: cette nouvelle marque de v\u00eatements se fait une place \u00e0 La Crau"},"content":{"rendered":"<p>Trankil ou quoi? Cette question, devenue presque une expression, tout le monde l\u2019a entendue \u00e0 un moment ou \u00e0 un autre. Elle est tout cas \u00e0 l\u2019origine de la \u00ab\u00a0nouvelle\u00a0\u00bb marque locale, TranKil (elle a \u00e9t\u00e9 cr\u00e9\u00e9e en f\u00e9vrier 2024) qui r\u00eave de se faire sa place dans le sillage des Natif, Almanarre ou encore Coup de soleil \u00e0 Portissol, du c\u00f4t\u00e9 de Sanary\u2026<\/p>\n<p>Une id\u00e9e n\u00e9e dans la t\u00eate d\u2019Antoine, 29 ans, et Oph\u00e9lie, 23 ans de l\u2019agence de communication Product\u2019Com install\u00e9e \u00e0 La Crau. \u00ab\u00a0Nous sommes une agence qui s\u2019occupe de la cr\u00e9ation d\u2019image de soci\u00e9t\u00e9s (logo, charte graphique\u2026). On cr\u00e9e leur image pour r\u00e9ussir au maximum leur communication sur tous les supports dont l\u2019impression textile, explique Antoine. \u00c0 force de faire des projets pour nos clients, on s\u2019est dit \u201cpourquoi ne pas faire notre marque \u00e0 nous?\u00a0\u00bb On r\u00e9fl\u00e9chissait sur le nom, je me suis dit, Trankil, tout le monde le dit. Qui n\u2019a jamais r\u00e9pondu \u00ab\u00a0trankil\u00a0\u00bb \u00e0 quelqu\u2019un qui lui demandait comment \u00e7a va? \u00c7a nous a paru comme une \u00e9vidence.\u00a0\u00bb<\/p>\n<p><strong>\u00ab\u00a0Le prix le plus juste possible\u00a0\u00bb<\/strong><\/p>\n<p>Un an plus tard, leur marque a fait son petit bonhomme de chemin et sa visibilit\u00e9 ne cesse de cro\u00eetre. \u00ab\u00a0On a fait un tr\u00e8s gros gap en un an, avec pas mal de collaborations. Nous avons des ambassadeurs, nous sommes pr\u00e9sents sur des \u00e9v\u00e9nements sur lesquels nous sommes partenaires\u00a0\u00bb, souligne Antoine qui ne d\u00e9roge pas sur ses principes quant au concept qu\u2019ils d\u00e9fendent. \u00ab\u00a0Nous sommes une marque accessible, locale, avec un prix le plus juste possible. On souhaite un maximum d\u2019artisanat fran\u00e7ais.\u00a0\u00bb<\/p>\n<p>\u00c0 l\u2019exception de la mati\u00e8re brute, le textile \u00ab\u00a0en coton bio et recycl\u00e9\u00a0\u00bb qui vient de l\u2019\u00e9tranger comme toutes les marques du coin, \u00ab\u00a0on fait tout le reste, insiste Antoine. L\u2019impression et la finition c\u2019est nous, c\u2019est notre m\u00e9tier de base. \u00c9tiquette, emballage, visuel graphique, c\u2019est 100% local. Si un jour la marque grandit, nous voulons rester une marque artisanale, fran\u00e7aise, avec des personnes en France pour la broderie, la couture, l\u2019emballage. Et si on a les moyens de faire une usine de conception textile en France, on le fera, mais pour le moment on n\u2019a pas la renomm\u00e9e ni la tr\u00e9sorerie\u00a0\u00bb, reconna\u00eet-il.<\/p>\n<p>\u00c0 ce jour, c\u2019est dans leur petit local de l\u2019Espace Charlotte \u00e0 La Crau que le duo pense ses collections et r\u00e9pond aux commandes. Tee-shirt, sweats, accessoires, TranKil est partout. Pas de stock, tout est fait en fonction des commandes en ligne. \u00ab\u00a0On s\u2019adapte aux locaux, aux go\u00fbts, il faut que \u00e7a plaise et garder l\u2019esprit TranKil. On a sorti notre premi\u00e8re collection avant l\u2019\u00e9t\u00e9, il fallait des couleurs p\u00e9tantes, une \u201cgamme sud\u00a0\u00bb. L\u2019\u00e9tat d\u2019esprit, c\u2019est une marque du sud, d\u2019o\u00f9 on vient, d\u2019Hy\u00e8res, des Salins avec la gamme \u00ab\u00a0Flamingo\u00a0\u00bb. Mais on se d\u00e9marque de plus en plus avec une gamme plus sobre et plus \u00e9l\u00e9gante. On veut \u00eatre une marque \u00e0 l\u2019ann\u00e9e, plus discr\u00e8te\u2026 M\u00eame un banquier qui veut \u00eatre \u00ab\u00a0trankil\u00a0\u00bb et qui aime les marques locales, peut porter du TranKil. La tranquillit\u00e9 est partout, peu importe la classe sociale\u2026\u00a0\u00bb<\/p>\n<p>\u00ab\u00a0L\u2019objectif est que les gens se disent \u201cje porte une marque locale, c\u2019est cool, \u00e9coresponsable et raisonnable au niveau du prix\u00a0\u00bb. Nous, on fait notre route, trankil, on veut juste se faire notre place, comme on le sent, sans d\u00e9nigrer les autres\u2026\u00a0\u00bb, conclut le duo.<\/p>\n<p>Contact www.trankilclothing.com Instagram: @trankil_clothing<\/p>\n","protected":false},"excerpt":{"rendered":"Trankil ou quoi? Cette question, devenue presque une expression, tout le monde l\u2019a entendue \u00e0 un moment ou&hellip;\n","protected":false},"author":2,"featured_media":153431,"comment_status":"","ping_status":"","sticky":false,"template":"","format":"standard","meta":{"footnotes":""},"categories":[9619],"tags":[1111,11,2876,1777,674,1011,27,12,882,25,2310],"class_list":{"0":"post-153430","1":"post","2":"type-post","3":"status-publish","4":"format-standard","5":"has-post-thumbnail","7":"category-toulon","8":"tag-actu","9":"tag-actualites","10":"tag-conso-shopping","11":"tag-eu","12":"tag-europe","13":"tag-fr","14":"tag-france","15":"tag-news","16":"tag-provence-alpes-cote-dazur","17":"tag-republique-francaise","18":"tag-toulon"},"share_on_mastodon":{"url":"https:\/\/pubeurope.com\/@fr\/114629671868168344","error":""},"_links":{"self":[{"href":"https:\/\/www.europesays.com\/fr\/wp-json\/wp\/v2\/posts\/153430","targetHints":{"allow":["GET"]}}],"collection":[{"href":"https:\/\/www.europesays.com\/fr\/wp-json\/wp\/v2\/posts"}],"about":[{"href":"https:\/\/www.europesays.com\/fr\/wp-json\/wp\/v2\/types\/post"}],"author":[{"embeddable":true,"href":"https:\/\/www.europesays.com\/fr\/wp-json\/wp\/v2\/users\/2"}],"replies":[{"embeddable":true,"href":"https:\/\/www.europesays.com\/fr\/wp-json\/wp\/v2\/comments?post=153430"}],"version-history":[{"count":0,"href":"https:\/\/www.europesays.com\/fr\/wp-json\/wp\/v2\/posts\/153430\/revisions"}],"wp:featuredmedia":[{"embeddable":true,"href":"https:\/\/www.europesays.com\/fr\/wp-json\/wp\/v2\/media\/153431"}],"wp:attachment":[{"href":"https:\/\/www.europesays.com\/fr\/wp-json\/wp\/v2\/media?parent=153430"}],"wp:term":[{"taxonomy":"category","embeddable":true,"href":"https:\/\/www.europesays.com\/fr\/wp-json\/wp\/v2\/categories?post=153430"},{"taxonomy":"post_tag","embeddable":true,"href":"https:\/\/www.europesays.com\/fr\/wp-json\/wp\/v2\/tags?post=153430"}],"curies":[{"name":"wp","href":"https:\/\/api.w.org\/{rel}","templated":true}]}}