{"id":153432,"date":"2025-06-05T07:52:08","date_gmt":"2025-06-05T07:52:08","guid":{"rendered":"https:\/\/www.europesays.com\/fr\/153432\/"},"modified":"2025-06-05T07:52:08","modified_gmt":"2025-06-05T07:52:08","slug":"cest-nouveau-des-drapeaux-jaunes-et-rouges-pour-securiser-la-baignade-a-toulon","status":"publish","type":"post","link":"https:\/\/www.europesays.com\/fr\/153432\/","title":{"rendered":"C&rsquo;est nouveau: des drapeaux jaunes et rouges pour s\u00e9curiser la baignade \u00e0 Toulon"},"content":{"rendered":"<p>Un sable d\u00e9sert, le temps gris mais chaud et des vagues: les plages du Mourillon ont pris un air d\u2019oc\u00e9an, hier matin. La maire, Jos\u00e9e Massi, est venue rendre visite aux sapeurs-pompiers qui vont s\u00e9curiser le littoral toulonnais tout l\u2019\u00e9t\u00e9.<\/p>\n<p>Nouveaut\u00e9 de cette saison: l\u2019installation quotidienne de drapeaux jaunes et rouges sur le sable pour d\u00e9limiter les zones de baignade surveill\u00e9e.<\/p>\n<p><strong>De Pipady aux Oursini\u00e8res<\/strong><\/p>\n<p>\u00ab\u00a0Jusqu\u2019en septembre, trente-quatre pompiers seront sur site tous les jours. Vingt-cinq saisonniers ont \u00e9t\u00e9 recrut\u00e9s \u00e0 Toulon pour assurer la surveillance des plages allant de Pipady jusqu\u2019aux Oursini\u00e8res. Au total, ils seront 168\u00a0\u00bb, a expliqu\u00e9 le lieutenant Lucas Mulet, r\u00e9f\u00e9rent pour la surveillance des plages dans l\u2019agglom\u00e9ration toulonnaise. \u00ab\u00a0L\u2019an dernier, deux mille interventions ont \u00e9t\u00e9 effectu\u00e9es, des moins graves aux plus tragiques: du simple malaise jusqu\u2019\u00e0 la noyade\u00a0\u00bb.<\/p>\n<p>Pour \u00e9viter cela, aux bou\u00e9es traditionnelles vont s\u2019ajouter cette ann\u00e9e sur le sable des drapeaux tr\u00e8s voyants qui vont d\u00e9limiter les zones s\u00e9curis\u00e9es pour la baignade. Pratique pour les parents d\u2019enfants en bas \u00e2ge.<\/p>\n<p>\u00ab\u00a0Cette surveillance va se faire sept jours sur sept via les six postes de secours dispos\u00e9s sur le terrain\u00a0\u00bb, a ajout\u00e9 la maire, Jos\u00e9e Massi. \u00ab\u00a0On compte aussi sur la vigilance des adultes pour \u00e9viter des drames cet \u00e9t\u00e9.\u00a0\u00bb<\/p>\n","protected":false},"excerpt":{"rendered":"Un sable d\u00e9sert, le temps gris mais chaud et des vagues: les plages du Mourillon ont pris un&hellip;\n","protected":false},"author":2,"featured_media":153433,"comment_status":"","ping_status":"","sticky":false,"template":"","format":"standard","meta":{"footnotes":""},"categories":[9619],"tags":[1111,11,1777,674,1011,27,12,882,25,2310,3366],"class_list":{"0":"post-153432","1":"post","2":"type-post","3":"status-publish","4":"format-standard","5":"has-post-thumbnail","7":"category-toulon","8":"tag-actu","9":"tag-actualites","10":"tag-eu","11":"tag-europe","12":"tag-fr","13":"tag-france","14":"tag-news","15":"tag-provence-alpes-cote-dazur","16":"tag-republique-francaise","17":"tag-toulon","18":"tag-vie-locale"},"share_on_mastodon":{"url":"https:\/\/pubeurope.com\/@fr\/114629675828121951","error":""},"_links":{"self":[{"href":"https:\/\/www.europesays.com\/fr\/wp-json\/wp\/v2\/posts\/153432","targetHints":{"allow":["GET"]}}],"collection":[{"href":"https:\/\/www.europesays.com\/fr\/wp-json\/wp\/v2\/posts"}],"about":[{"href":"https:\/\/www.europesays.com\/fr\/wp-json\/wp\/v2\/types\/post"}],"author":[{"embeddable":true,"href":"https:\/\/www.europesays.com\/fr\/wp-json\/wp\/v2\/users\/2"}],"replies":[{"embeddable":true,"href":"https:\/\/www.europesays.com\/fr\/wp-json\/wp\/v2\/comments?post=153432"}],"version-history":[{"count":0,"href":"https:\/\/www.europesays.com\/fr\/wp-json\/wp\/v2\/posts\/153432\/revisions"}],"wp:featuredmedia":[{"embeddable":true,"href":"https:\/\/www.europesays.com\/fr\/wp-json\/wp\/v2\/media\/153433"}],"wp:attachment":[{"href":"https:\/\/www.europesays.com\/fr\/wp-json\/wp\/v2\/media?parent=153432"}],"wp:term":[{"taxonomy":"category","embeddable":true,"href":"https:\/\/www.europesays.com\/fr\/wp-json\/wp\/v2\/categories?post=153432"},{"taxonomy":"post_tag","embeddable":true,"href":"https:\/\/www.europesays.com\/fr\/wp-json\/wp\/v2\/tags?post=153432"}],"curies":[{"name":"wp","href":"https:\/\/api.w.org\/{rel}","templated":true}]}}