{"id":153439,"date":"2025-06-05T07:56:15","date_gmt":"2025-06-05T07:56:15","guid":{"rendered":"https:\/\/www.europesays.com\/fr\/153439\/"},"modified":"2025-06-05T07:56:15","modified_gmt":"2025-06-05T07:56:15","slug":"un-nouveau-jeu-immersif-va-bientot-ouvrir-ses-portes","status":"publish","type":"post","link":"https:\/\/www.europesays.com\/fr\/153439\/","title":{"rendered":"un nouveau jeu immersif va bient\u00f4t ouvrir ses portes"},"content":{"rendered":"<p>            Par<br \/>\n        <strong><br \/>\n            <a href=\"https:\/\/actu.fr\/auteur\/adrien-filoche\" title=\"Consulter tous les articles de Adrien Filoche\" target=\"_blank\" rel=\"noopener\">Adrien Filoche<\/a><br \/>\n        <\/strong><\/p>\n<p>        Publi\u00e9 le<\/p>\n<p>            5 juin 2025 \u00e0 7h54        <\/p>\n<p><strong>Qui n\u2019a jamais r\u00eav\u00e9 de participer \u00e0 Fort Boyard\u2009?<\/strong> D\u2019ici \u00e0 quelques mois, il sera possible \u00e0 <a href=\"https:\/\/actu.fr\/normandie\/rouen_76540\" target=\"_blank\" rel=\"noopener\">Rouen (Seine-Maritime)<\/a> de relever les \u00e9preuves du mythique jeu de France 2 \u00e0 travers un nouveau centre de loisirs baptis\u00e9 <strong>Fort Boyard Aventures<\/strong>. Il doit ouvrir ses portes d\u2019ici \u00e0 la fin de l\u2019ann\u00e9e 2025 aux Docks 76, plus pr\u00e9cis\u00e9ment au niveau du b\u00e2timent des Halles Agrivin, au-dessus du Carrefour City sur un espace d\u2019environ 900 m\u00b2.<\/p>\n<p>Se mesurer aux \u00e9preuves mythiques de Fort Boyard<\/p>\n<p class=\" wall-content\">Dans ce jeu d\u2019aventure immersif, issu d\u2019une collaboration avec les producteurs de l\u2019\u00e9mission, il faudra, par \u00e9quipe, <strong>se mesurer aux mythiques \u00e9preuves du Fort<\/strong>. Celles-ci seront r\u00e9parties dans diff\u00e9rentes cellules, soit au total une vingtaine de salles en int\u00e9rieur.<\/p>\n<blockquote class=\"ac-article-quote wall-content\">\n<p>L&rsquo;objectif, c&rsquo;est de continuer \u00e0 renforcer l\u2019offre des loisirs aux Docks 76.<\/p>\n<p>    <strong>Audrey Anne,<\/strong><br \/>\n        directrice des centres commerciaux Saint Sever et Docks 76.    <\/p><\/blockquote>\n<p class=\" wall-content\">En France, on compte d\u00e9j\u00e0 onze \u00ab\u2009Fort Boyard Aventures\u2009\u00bb. La salle de Rouen sera donc la douzi\u00e8me. Ouvert d\u00e8s 7\u00a0ans, ce nouvel espace s\u2019adresse \u00ab\u2009autant aux familles qu\u2019aux entreprises, avec la possibilit\u00e9 d\u2019y r\u00e9aliser des team building\u2009\u00bb, pr\u00e9sente Audrey Anne, la directrice des centres commerciaux Saint-Sever et Docks 76.<\/p>\n<p class=\" wall-content\">Tout comme dans le jeu t\u00e9l\u00e9, force, adresse, \u00e9quilibre et r\u00e9flexion seront les qualit\u00e9s indispensables pour tirer son \u00e9pingle du jeu. Il faudra \u00e9videmment r\u00e9cup\u00e9rer des cl\u00e9s et des \u00e9nigmes, avant d\u2019esp\u00e9rer remporter le tr\u00e9sor\u2009!<\/p>\n<p>Infos pratiques<br \/>\nFort Boyard Aventures \u00e0 Rouen\u2009: ouverture annonc\u00e9e pour d\u00e9cembre\u00a02025.<br \/>\nAux Docks 76, au niveau des Halles Agrivin.<br \/>\nPlus d\u2019informations\u00a0sur le site internet de <a href=\"https:\/\/www.fortboyardaventures.fr\/\" target=\"_blank\" rel=\"noopener\">Fort Boyard Aventures.<\/a>Suivez l\u2019actualit\u00e9 de Rouen sur <a href=\"https:\/\/www.whatsapp.com\/channel\/0029VaKfnf99hXF2ddApFB1D\" target=\"_blank\" rel=\"noopener\">notre cha\u00eene WhatsApp<\/a> et sur <a href=\"https:\/\/www.tiktok.com\/@76actu.fr?lang=fr\" target=\"_blank\" rel=\"noopener\">notre compte TikTok<\/a><\/p>\n<p class=\" wall-content\">Suivez toute l\u2019actualit\u00e9 de vos villes et m\u00e9dias favoris en vous inscrivant \u00e0 <a href=\"https:\/\/moncompte.actu.fr\" title=\"D\u00e9couvez Mon Actu\" rel=\"nofollow noopener\" data-trk=\"{&quot;cta&quot;:{&quot;action&quot;:&quot;https:\\\/\\\/moncompte.actu.fr&quot;,&quot;category&quot;:&quot;mon compte&quot;,&quot;from&quot;:&quot;article footer&quot;,&quot;name&quot;:&quot;Mon actu&quot;,&quot;type&quot;:&quot;cta&quot;}}\" target=\"_blank\">Mon Actu<\/a>.<\/p>\n<ul class=\"ac-article-tag wall-content\">\n<li><a href=\"https:\/\/actu.fr\/tag\/bon-plan-a-rouen\" data-trk=\"{&quot;cta&quot;:{&quot;action&quot;:&quot;Bon plan \\u00e0 Rouen&quot;,&quot;category&quot;:&quot;tag&quot;,&quot;from&quot;:&quot;article footer&quot;,&quot;name&quot;:&quot;Bon plan \\u00e0 Rouen&quot;,&quot;type&quot;:&quot;cta&quot;}}\" target=\"_blank\" rel=\"noopener\">#Bon plan \u00e0 Rouen<\/a><\/li>\n<li><a href=\"https:\/\/actu.fr\/tag\/fort-boyard\" data-trk=\"{&quot;cta&quot;:{&quot;action&quot;:&quot;Fort Boyard&quot;,&quot;category&quot;:&quot;tag&quot;,&quot;from&quot;:&quot;article footer&quot;,&quot;name&quot;:&quot;Fort Boyard&quot;,&quot;type&quot;:&quot;cta&quot;}}\" target=\"_blank\" rel=\"noopener\">#Fort Boyard<\/a><\/li>\n<\/ul>\n<p>                    <script async src=\"\/\/www.tiktok.com\/embed.js\"><\/script><\/p>\n","protected":false},"excerpt":{"rendered":"Par Adrien Filoche Publi\u00e9 le 5 juin 2025 \u00e0 7h54 Qui n\u2019a jamais r\u00eav\u00e9 de participer \u00e0 Fort&hellip;\n","protected":false},"author":2,"featured_media":153440,"comment_status":"","ping_status":"","sticky":false,"template":"","format":"standard","meta":{"footnotes":""},"categories":[9587],"tags":[1111,11,9086,1777,674,849,15745,1011,27,1652,12,5161,25,9590],"class_list":{"0":"post-153439","1":"post","2":"type-post","3":"status-publish","4":"format-standard","5":"has-post-thumbnail","7":"category-rouen","8":"tag-actu","9":"tag-actualites","10":"tag-bon-plan-a-rouen","11":"tag-eu","12":"tag-europe","13":"tag-festival","14":"tag-fort-boyard","15":"tag-fr","16":"tag-france","17":"tag-loisirs-culture","18":"tag-news","19":"tag-normandie","20":"tag-republique-francaise","21":"tag-rouen"},"share_on_mastodon":{"url":"https:\/\/pubeurope.com\/@fr\/114629691478597454","error":""},"_links":{"self":[{"href":"https:\/\/www.europesays.com\/fr\/wp-json\/wp\/v2\/posts\/153439","targetHints":{"allow":["GET"]}}],"collection":[{"href":"https:\/\/www.europesays.com\/fr\/wp-json\/wp\/v2\/posts"}],"about":[{"href":"https:\/\/www.europesays.com\/fr\/wp-json\/wp\/v2\/types\/post"}],"author":[{"embeddable":true,"href":"https:\/\/www.europesays.com\/fr\/wp-json\/wp\/v2\/users\/2"}],"replies":[{"embeddable":true,"href":"https:\/\/www.europesays.com\/fr\/wp-json\/wp\/v2\/comments?post=153439"}],"version-history":[{"count":0,"href":"https:\/\/www.europesays.com\/fr\/wp-json\/wp\/v2\/posts\/153439\/revisions"}],"wp:featuredmedia":[{"embeddable":true,"href":"https:\/\/www.europesays.com\/fr\/wp-json\/wp\/v2\/media\/153440"}],"wp:attachment":[{"href":"https:\/\/www.europesays.com\/fr\/wp-json\/wp\/v2\/media?parent=153439"}],"wp:term":[{"taxonomy":"category","embeddable":true,"href":"https:\/\/www.europesays.com\/fr\/wp-json\/wp\/v2\/categories?post=153439"},{"taxonomy":"post_tag","embeddable":true,"href":"https:\/\/www.europesays.com\/fr\/wp-json\/wp\/v2\/tags?post=153439"}],"curies":[{"name":"wp","href":"https:\/\/api.w.org\/{rel}","templated":true}]}}