{"id":153445,"date":"2025-06-05T08:01:09","date_gmt":"2025-06-05T08:01:09","guid":{"rendered":"https:\/\/www.europesays.com\/fr\/153445\/"},"modified":"2025-06-05T08:01:09","modified_gmt":"2025-06-05T08:01:09","slug":"en-bretagne-leau-manque-et-la-secheresse-pointe-le-bout-de-son-nez","status":"publish","type":"post","link":"https:\/\/www.europesays.com\/fr\/153445\/","title":{"rendered":"en Bretagne, l&rsquo;eau manque et la s\u00e9cheresse pointe le bout de son nez"},"content":{"rendered":"<p>            Par<br \/>\n        <strong><br \/>\n            <a href=\"https:\/\/actu.fr\/auteur\/laurene-fertin\" title=\"Consulter tous les articles de Laur\u00e8ne Fertin\" target=\"_blank\" rel=\"noopener\">Laur\u00e8ne Fertin<\/a><br \/>\n        <\/strong><\/p>\n<p>        Publi\u00e9 le<\/p>\n<p>            5 juin 2025 \u00e0 9h50        <\/p>\n<p>La Bretagne a <strong>manqu\u00e9 d\u2019eau.<\/strong> Beaucoup d\u2019eau. C\u2019est le constat que tire S\u00e9bastien Decaux, m\u00e9t\u00e9orologue \u00e0 <a href=\"https:\/\/www.meteo.bzh\/\" target=\"_blank\" rel=\"noopener\">M\u00e9t\u00e9o Bretagne<\/a>, apr\u00e8s avoir analys\u00e9 les relev\u00e9s pluviom\u00e9triques de ces trois derniers mois. Bonne nouvelle, <a href=\"https:\/\/actu.fr\/bretagne\/rennes_35238\/une-semaine-mitigee-pluie-nuages-vent-la-meteo-va-vite-decliner-en-bretagne-les-previsions_62721227.html\" target=\"_blank\" rel=\"noopener\"><strong>la r\u00e9gion conna\u00eet une nouvelle perturbation cette semaine ; <\/strong><\/a>m\u00eame si les pluies ne seront pas abondantes, \u00ab\u2009le peu est bon \u00e0 prendre\u2009\u00bb, souligne le m\u00e9t\u00e9orologue \u00e0 la r\u00e9daction d\u2019<a href=\"https:\/\/actu.fr\/rennes\" target=\"_blank\" rel=\"noopener\">actu Rennes,<\/a>\u00a0tant <strong>les pr\u00e9cipitations ont \u00e9t\u00e9 rares<\/strong>.<\/p>\n<p>Un d\u00e9ficit remarquable<\/p>\n<p class=\" wall-content\">Pour la ville de Rennes, sur tout le printemps m\u00e9t\u00e9orologique c\u2019est-\u00e0-dire sur les mois de <strong>mars, avril<\/strong> et <strong>mai,<\/strong> \u00ab\u2009nous sommes \u00e0 un d\u00e9ficit remarquable\u2009\u00bb, expose S\u00e9bastien Decaux, \u00ab\u2009avec \u2013 60\u2009% en masse de pluie par rapport \u00e0 la norme en mars, \u2013 45\u2009% en avril et \u2013 54\u2009% en mai. C\u2019est encore pire du c\u00f4t\u00e9 de Foug\u00e8res o\u00f9 nous avons \u2013 69\u2009% en mars, \u2013 64\u2009% en avril et \u2013 66\u2009% en mai.\u2009\u00bb<\/p>\n<p class=\" wall-content\"><a href=\"https:\/\/www.meteo.bzh\/actualite\/bilan-climatique-du-mois-de-mai-2025-2025-06-02\" target=\"_blank\" rel=\"noopener\">En mai<\/a>, par exemple, <strong>Belle-\u00cele<\/strong> n\u2019a recueilli que 12\u00a0mm sur le mois, <strong>Dinard<\/strong> 18 mm, <strong>Arbrissel<\/strong> 19 mm, <strong>Foug\u00e8res<\/strong> 24 mm, <strong>Nantes<\/strong> 25 mm, <strong>Rennes<\/strong> 27 mm ou <strong>Saint-Brieuc <\/strong>30 mm.<\/p>\n<p class=\" wall-content\">\n<p>De faibles perturbations<\/p>\n<p class=\" wall-content\">Comment expliquer ce ph\u00e9nom\u00e8ne\u2009? \u00ab\u2009Nous n\u2019avons <strong>pas eu de perturbations tr\u00e8s actives<\/strong> et au contraire, nous avons eu <strong>pas mal de journ\u00e9es ensoleill\u00e9es\u2009\u00bb,<\/strong> d\u00e9veloppe S\u00e9bastien Decaux.<\/p>\n<p class=\" wall-content\">En mai, sur les valeurs minimales et maximales, l\u2019ensemble de stations bretonnes enregistre un exc\u00e9dent thermique, rel\u00e8ve M\u00e9t\u00e9o Bretagne. Il a fait <strong>entre 1 et 1,5\u00a0\u00b0C de plus que la norme<\/strong> (1991-2020). La journ\u00e9e du<strong> 30\u00a0mai<\/strong> a \u00e9t\u00e9 la plus chaude du mois avec des temp\u00e9ratures situ\u00e9es <strong>entre 30 \u00e0 32\u00a0\u00b0C<\/strong> entre le sud de l\u2019Ille-et-Vilaine et la Loire-Atlantique.<\/p>\n<blockquote class=\"ac-article-quote wall-content\">\n<p>Et lorsqu&rsquo;il y a eu des perturbations, celles-ci ont \u00e9t\u00e9 affaiblies car il y avait une pression atmosph\u00e9rique assez \u00e9lev\u00e9e, donc des conditions anticycloniques qui n&rsquo;\u00e9taient jamais tr\u00e8s loin. En d&rsquo;autres termes, les perturbations \u00e9taient bien diminu\u00e9es quand elle arrivaient. <\/p>\n<p>    <strong>S\u00e9bastien Decaux<\/strong><br \/>\n        M\u00e9t\u00e9orologue    <\/p><\/blockquote>\n<p class=\" wall-content\">Sans oublier <strong>le vent,<\/strong> qui a souffl\u00e9 dans le secteur nord-est et qui a <strong>s\u00e9ch\u00e9 les sols.<\/strong><\/p>\n<p>\u00ab\u2009\u00c0 surveiller\u2009\u00bb<\/p>\n<p class=\" wall-content\">En r\u00e9sum\u00e9, apr\u00e8s <strong>\u00ab\u00a0l\u2019overdose pluvieuse\u00a0\u00bb<\/strong> du mois de janvier, notamment avec<a href=\"https:\/\/actu.fr\/bretagne\/rennes_35238\/en-images-inondations-a-rennes-des-maisons-evacuees-et-une-cellule-de-crise-mise-en-place-par-la-ville_62168710.html\" target=\"_blank\" rel=\"noopener\"><strong> les inondations historiques<\/strong><\/a> qu\u2019a connu la Bretagne, la r\u00e9gion a retrouv\u00e9 <strong>un mois de f\u00e9vrier normal<\/strong>. \u00ab\u00a0Toutefois, les mois de mars, avril, mai, nous ont mis face \u00e0 <strong>un d\u00e9ficit assez important<\/strong>. C\u2019est \u00e0 surveiller\u00a0\u00bb, abonde le m\u00e9t\u00e9orologue.<\/p>\n<p class=\" wall-content\">S\u00e9bastien Decaux prend pour exemple la ville de Foug\u00e8res\u2009: \u00ab\u2009Il suffit de regarder les terrains de foot, la pelouse commence \u00e0 jaunir\u2009: c\u2019est le signe<strong> d\u2019un stress hydrique<\/strong> c\u2019est-\u00e0-dire d\u2019un manque d\u2019eau pour la v\u00e9g\u00e9tation.\u2009\u00bb<\/p>\n<blockquote class=\"ac-article-quote wall-content\">\n<p>On avait du mal \u00e0 imaginer une potentielle s\u00e9cheresse au printemps et finalement, elle est en train de se produire, surtout dans les d\u00e9partements d&rsquo;Ille-et-Vilaine et les C\u00f4tes-d&rsquo;Armor. <\/p>\n<p>    <strong>S\u00e9bastien Decaux<\/strong><br \/>\n        M\u00e9t\u00e9orologue    <\/p><\/blockquote>\n<p class=\" wall-content\">\u00ab\u2009C\u2019est beaucoup moins le cas en allant sur le <strong>Finist\u00e8re<\/strong> et le <strong>sud du Morbihan\u2009\u00bb,<\/strong> temp\u00e8re-t-il.<\/p>\n<p>\u00ab\u2009Une s\u00e9cheresse agricole\u2009\u00bb<\/p>\n<p class=\" wall-content\">Se profile alors, selon le m\u00e9t\u00e9orologue, \u00ab\u2009<strong>une s\u00e9cheresse agricole<\/strong>\u2009\u00bb ou encore \u00ab<strong>\u2009une s\u00e9cheresse de surface\u2009<\/strong>\u00bb. Celle-ci \u00ab\u2009se met en place doucement\u2009\u00bb.\u00a0<\/p>\n<blockquote class=\"ac-article-quote wall-content\">\n<p>Quand on regarde les cartes, les sols de 0 \u00e0 50 cm sont tr\u00e8s tr\u00e8s secs. Il y a eu des cultures sem\u00e9es au printemps et il faudrait un peu de pluie pour hydrater les sols et nourrir les plantes.<\/p>\n<p>    <strong>S\u00e9bastien Decaux<\/strong><br \/>\n        M\u00e9t\u00e9orologue    <\/p><\/blockquote>\n<p class=\" wall-content\"><strong>\u00ab\u2009Les agriculteurs<\/strong> aimeraient avoir des sols <strong>un peu plus humides\u2009\u00bb,<\/strong> conclut le m\u00e9t\u00e9orologue.<\/p>\n<p>Qu\u2019attendre de l\u2019\u00e9t\u00e9\u2009?<\/p>\n<p class=\" wall-content\">Que peut-on attendre du mois de <strong>juin,<\/strong> et plus largement, de <strong>l\u2019\u00e9t\u00e9 qui s\u2019annonce<\/strong>\u2009? \u00ab\u2009Pr\u00e9voir le temps sur une r\u00e9gion comme cela au-del\u00e0 de 8, 10\u00a0jours, c\u2019est compliqu\u00e9\u2009\u00bb, explique S\u00e9bastien Decaux. \u00ab\u2009Les mod\u00e8les m\u00e9t\u00e9o envisagent <strong>des sc\u00e9narios tr\u00e8s divergents<\/strong>, c\u2019est-\u00e0-dire que la <strong>fiabilit\u00e9<\/strong> est tr\u00e8s <strong>mauvaise.\u2009\u00bb<\/strong><\/p>\n<p class=\" wall-content\">Cependant, <strong>les mod\u00e8les de M\u00e9t\u00e9o France<\/strong> s\u2019orientent vers des <strong>temp\u00e9ratures plus \u00e9lev\u00e9es<\/strong> que la norme, \u00ab\u2009mais on ne peut pas en dire plus\u2009\u00bb.<\/p>\n<p class=\" wall-content\"><strong>Impossible,<\/strong> donc, de pr\u00e9voir pour le moment une \u00e9ventuelle s\u00e9cheresse estivale. Ce que l\u2019on peut dire pour le moment, c\u2019est que <strong>la pluie reste bel et bien rare.<\/strong><\/p>\n<p class=\" wall-content\">Suivez toute l\u2019actualit\u00e9 de vos villes et m\u00e9dias favoris en vous inscrivant \u00e0 <a href=\"https:\/\/moncompte.actu.fr\" title=\"D\u00e9couvez Mon Actu\" rel=\"nofollow noopener\" data-trk=\"{&quot;cta&quot;:{&quot;action&quot;:&quot;https:\\\/\\\/moncompte.actu.fr&quot;,&quot;category&quot;:&quot;mon compte&quot;,&quot;from&quot;:&quot;article footer&quot;,&quot;name&quot;:&quot;Mon actu&quot;,&quot;type&quot;:&quot;cta&quot;}}\" target=\"_blank\">Mon Actu<\/a>.<\/p>\n","protected":false},"excerpt":{"rendered":"Par Laur\u00e8ne Fertin Publi\u00e9 le 5 juin 2025 \u00e0 9h50 La Bretagne a manqu\u00e9 d\u2019eau. Beaucoup d\u2019eau. C\u2019est&hellip;\n","protected":false},"author":2,"featured_media":153446,"comment_status":"","ping_status":"","sticky":false,"template":"","format":"standard","meta":{"footnotes":""},"categories":[2821],"tags":[1111,11,829,1777,674,1011,27,2487,12,4459,584,25,12817],"class_list":{"0":"post-153445","1":"post","2":"type-post","3":"status-publish","4":"format-standard","5":"has-post-thumbnail","7":"category-rennes","8":"tag-actu","9":"tag-actualites","10":"tag-bretagne","11":"tag-eu","12":"tag-europe","13":"tag-fr","14":"tag-france","15":"tag-meteo","16":"tag-news","17":"tag-pluie","18":"tag-rennes","19":"tag-republique-francaise","20":"tag-secheresse"},"share_on_mastodon":{"url":"https:\/\/pubeurope.com\/@fr\/114629711253551027","error":""},"_links":{"self":[{"href":"https:\/\/www.europesays.com\/fr\/wp-json\/wp\/v2\/posts\/153445","targetHints":{"allow":["GET"]}}],"collection":[{"href":"https:\/\/www.europesays.com\/fr\/wp-json\/wp\/v2\/posts"}],"about":[{"href":"https:\/\/www.europesays.com\/fr\/wp-json\/wp\/v2\/types\/post"}],"author":[{"embeddable":true,"href":"https:\/\/www.europesays.com\/fr\/wp-json\/wp\/v2\/users\/2"}],"replies":[{"embeddable":true,"href":"https:\/\/www.europesays.com\/fr\/wp-json\/wp\/v2\/comments?post=153445"}],"version-history":[{"count":0,"href":"https:\/\/www.europesays.com\/fr\/wp-json\/wp\/v2\/posts\/153445\/revisions"}],"wp:featuredmedia":[{"embeddable":true,"href":"https:\/\/www.europesays.com\/fr\/wp-json\/wp\/v2\/media\/153446"}],"wp:attachment":[{"href":"https:\/\/www.europesays.com\/fr\/wp-json\/wp\/v2\/media?parent=153445"}],"wp:term":[{"taxonomy":"category","embeddable":true,"href":"https:\/\/www.europesays.com\/fr\/wp-json\/wp\/v2\/categories?post=153445"},{"taxonomy":"post_tag","embeddable":true,"href":"https:\/\/www.europesays.com\/fr\/wp-json\/wp\/v2\/tags?post=153445"}],"curies":[{"name":"wp","href":"https:\/\/api.w.org\/{rel}","templated":true}]}}