{"id":153449,"date":"2025-06-05T08:03:09","date_gmt":"2025-06-05T08:03:09","guid":{"rendered":"https:\/\/www.europesays.com\/fr\/153449\/"},"modified":"2025-06-05T08:03:09","modified_gmt":"2025-06-05T08:03:09","slug":"festival-des-possibles-3eme-edition","status":"publish","type":"post","link":"https:\/\/www.europesays.com\/fr\/153449\/","title":{"rendered":"Festival des possibles : 3\u00e8me \u00e9dition !"},"content":{"rendered":"<p class=\"st-surtitre\">\n            Rendez-vous dimanche 15 juin, de 11h \u00e0 20h, Place de Haldenbourg \u00e0 Cronenbourg\n        <\/p>\n<p>Apr\u00e8s le succ\u00e8s des deux premi\u00e8res \u00e9ditions, le Festival des possibles prend cette ann\u00e9e ses quartiers \u00e0 Cronenbourg.<\/p>\n<p>Imagin\u00e9 comme la grande f\u00eate de la participation citoyenne de Strasbourg, le Festival des possibles est une journ\u00e9e de rencontres, d\u2019\u00e9changes, de d\u00e9bats et de f\u00eate, enti\u00e8rement d\u00e9di\u00e9e aux citoyennes et citoyens strasbourgeois\u00b7es.<\/p>\n<p>Au programme :<\/p>\n<ul>\n<li>Des animations ludiques pour petits et grands (danse, concerts, jeu de pistes, escape game, maison des jeux, bal populaire, etc.)<\/li>\n<li>La d\u00e9couverte des initiatives citoyennes qui font bouger la ville<\/li>\n<li>Une conf\u00e9rence-d\u00e9bat organis\u00e9e par le Club de la Presse sur \u00ab Le r\u00f4le des m\u00e9dias dans la d\u00e9mocratie en 2025 \u00bb<\/li>\n<li>Un grand forum participatif pour parler d\u00e9mocratie et citoyennet\u00e9<\/li>\n<\/ul>\n<p>Un espace restauration permettra de se restaurer en toute convivialit\u00e9 : food trucks, buvette locale, etc.<\/p>\n<p><a href=\"https:\/\/participer.strasbourg.eu\/festival-des-possibles\" target=\"_blank\" rel=\"noopener\">Plus d\u2019information.<\/a><\/p>\n","protected":false},"excerpt":{"rendered":"Rendez-vous dimanche 15 juin, de 11h \u00e0 20h, Place de Haldenbourg \u00e0 Cronenbourg Apr\u00e8s le succ\u00e8s des deux&hellip;\n","protected":false},"author":2,"featured_media":153450,"comment_status":"","ping_status":"","sticky":false,"template":"","format":"standard","meta":{"footnotes":""},"categories":[2820],"tags":[1111,11,16244,1777,674,1011,27,775,12,25,640],"class_list":{"0":"post-153449","1":"post","2":"type-post","3":"status-publish","4":"format-standard","5":"has-post-thumbnail","7":"category-strasbourg","8":"tag-actu","9":"tag-actualites","10":"tag-democratie-locale","11":"tag-eu","12":"tag-europe","13":"tag-fr","14":"tag-france","15":"tag-grand-est","16":"tag-news","17":"tag-republique-francaise","18":"tag-strasbourg"},"share_on_mastodon":{"url":"https:\/\/pubeurope.com\/@fr\/114629719033520833","error":""},"_links":{"self":[{"href":"https:\/\/www.europesays.com\/fr\/wp-json\/wp\/v2\/posts\/153449","targetHints":{"allow":["GET"]}}],"collection":[{"href":"https:\/\/www.europesays.com\/fr\/wp-json\/wp\/v2\/posts"}],"about":[{"href":"https:\/\/www.europesays.com\/fr\/wp-json\/wp\/v2\/types\/post"}],"author":[{"embeddable":true,"href":"https:\/\/www.europesays.com\/fr\/wp-json\/wp\/v2\/users\/2"}],"replies":[{"embeddable":true,"href":"https:\/\/www.europesays.com\/fr\/wp-json\/wp\/v2\/comments?post=153449"}],"version-history":[{"count":0,"href":"https:\/\/www.europesays.com\/fr\/wp-json\/wp\/v2\/posts\/153449\/revisions"}],"wp:featuredmedia":[{"embeddable":true,"href":"https:\/\/www.europesays.com\/fr\/wp-json\/wp\/v2\/media\/153450"}],"wp:attachment":[{"href":"https:\/\/www.europesays.com\/fr\/wp-json\/wp\/v2\/media?parent=153449"}],"wp:term":[{"taxonomy":"category","embeddable":true,"href":"https:\/\/www.europesays.com\/fr\/wp-json\/wp\/v2\/categories?post=153449"},{"taxonomy":"post_tag","embeddable":true,"href":"https:\/\/www.europesays.com\/fr\/wp-json\/wp\/v2\/tags?post=153449"}],"curies":[{"name":"wp","href":"https:\/\/api.w.org\/{rel}","templated":true}]}}