{"id":153453,"date":"2025-06-05T08:05:13","date_gmt":"2025-06-05T08:05:13","guid":{"rendered":"https:\/\/www.europesays.com\/fr\/153453\/"},"modified":"2025-06-05T08:05:13","modified_gmt":"2025-06-05T08:05:13","slug":"les-gens-gagneraient-a-mieux-nous-connaitre-tout-savoir-sur-la-halte-de-nuit-le-refuge-pour-les-personnes-sans-domicile-fixe-du-port-de-nice","status":"publish","type":"post","link":"https:\/\/www.europesays.com\/fr\/153453\/","title":{"rendered":"\u00ab\u00a0Les gens gagneraient \u00e0 mieux nous conna\u00eetre\u00a0\u00bb : tout savoir sur la halte de nuit, le refuge pour les personnes sans domicile fixe du port de Nice"},"content":{"rendered":"<p>Le port de Nice, Thierry en conna\u00eet \u00ab\u00a0bien tous les recoins\u00a0\u00bb. Sauf un, au bout de la petite rue Balatchano. \u00ab\u00a0C\u2019est l\u00e0 qu\u2019il y a le centre d\u2019h\u00e9bergement d\u2019urgence. Les SDF y passent la nuit. Vaut mieux pas y aller\u00a0\u00bb, pr\u00e9conise-t-il, m\u00e9fiant, sans pour autant, depuis quinze ans qu\u2019il habite le quartier, avoir pris le temps de discuter avec l\u2019un de ces hommes qui lui ressemblent tellement. Ils ont le visage plus burin\u00e9, le corps plus fracass\u00e9.<\/p>\n<p>Mais ils ont le m\u00eame \u00e2ge que Thierry. La soixantaine bien tass\u00e9e, des enfants qui vivent loin, de la solitude \u00e0 tuer. Pour se rendre compte de tout \u00e7a, il suffisait au vieux Ni\u00e7ois d\u2019observer, une soir\u00e9e, cette halte de nuit, ouverte depuis deux d\u00e9cennies par la Fondation de Nice. Il aurait alors vu tout ce que la rue ne saurait arracher \u00e0 l\u2019humanit\u00e9. \u00ab\u00a0Les gens gagneraient \u00e0 mieux nous conna\u00eetre\u00a0\u00bb, r\u00e9sume \u00c9lodie Jonard. Avec son coll\u00e8gue Alexandre Richon, la coordinatrice pr\u00e9sente le fonctionnement de ce site unique \u00e0 Nice.<\/p>\n<p><strong>Pour les hommes, les femmes et les animaux de compagnie<\/strong><\/p>\n<p>La Halte peut accueillir jusqu\u2019\u00e0 28 hommes et 21 femmes, r\u00e9partis dans deux b\u00e2timents distincts. Il y a trois agents d\u2019accueil et deux veilleurs de nuit. Contrairement \u00e0 la plupart des autres centres d\u2019h\u00e9bergement d\u2019urgence, les animaux de compagnie sont admis. On se refuse \u00e0 cette discrimination.<\/p>\n<p><strong>Ouvert 365 jours<\/strong><\/p>\n<p>C\u2019est le seul centre d\u2019h\u00e9bergement d\u2019urgence \u00e0 \u00eatre ouvert toute l\u2019ann\u00e9e \u00e0 Nice. Et ce depuis janvier 2024. \u00ab\u00a0Avant on fermait de mi-juin \u00e0 d\u00e9but octobre, indique \u00c9lodie Jonard. Mais l\u2019\u00e9t\u00e9, la mis\u00e8re ne prend pas de vacances. La canicule frappe durement les sans domiciles stables.\u00a0\u00bb<\/p>\n<p><strong>Une halte, pas un h\u00f4tel<\/strong><\/p>\n<p>\u00ab\u00a0On offre le lit, le couvert, la douche. Mais pour que le plus grand nombre puisse reprendre des forces en profitant d\u2019une soir\u00e9e \u00e0 l\u2019abri, les b\u00e9n\u00e9ficiaires ne peuvent \u00eatre que de passage, d\u00e9taille la coordinatrice. Il n\u2019y a pas de nombre de nuit\u00e9es maximums. Mais on explique bien que c\u2019est une halte, pas un h\u00f4tel. Personne ne doit habiter ici.\u00a0\u00bb<\/p>\n<p><strong>Renouveler sa nuit\u00e9e en appelant le 115<\/strong><\/p>\n<p>Pour pouvoir dormir, il faut appeler le 115. Il y a une liste d\u2019attente et l\u2019appel se fait entre 17h et 18h. Seuls les plus vuln\u00e9rables, qui ont l\u2019habitude de venir ici, sont inscrits d\u2019office et n\u2019ont pas \u00e0 appeler.<\/p>\n<p><strong>Accueillir en priorit\u00e9 les plus \u00e2g\u00e9s<\/strong><\/p>\n<p>Il y a de plus en plus de personnes \u00e2g\u00e9es \u00e0 la rue. Elles passent donc en priorit\u00e9. \u00ab\u00a0Se loger co\u00fbte tr\u00e8s cher et les retraites sont de plus en plus basses, constate Alexandre Richon. C\u2019est le produit de notre soci\u00e9t\u00e9 individualiste. Certains anciens ont leurs enfants \u00e0 Nice qui ne veulent pas s\u2019occuper d\u2019eux. Les places en Ehpad sont hors de prix.\u00a0\u00bb<\/p>\n<p><strong>Accueil inconditionnel des grands pr\u00e9caires<\/strong><\/p>\n<p>Les grands pr\u00e9caires sont souvent \u00e0 la rue depuis de nombreuses ann\u00e9es. \u00ab\u00a0Ce sont des gens particuli\u00e8rement vuln\u00e9rables, en rupture totale avec le reste de la soci\u00e9t\u00e9, d\u00e9veloppe Alexandre Richon. Donc, s\u2019ils identifient la halte comme un lieu de r\u00e9pit, o\u00f9 ils se sentent en s\u00e9curit\u00e9, c\u2019est une immense victoire et on ne leur fermera jamais la porte, quitte \u00e0 sortir de nouveaux lits.\u00a0\u00bb<\/p>\n<p><strong>Essayer de redonner go\u00fbt au vivre ensemble<\/strong><\/p>\n<p>Partager un repas, regarder la t\u00e9l\u00e9 ensemble, se poser et discuter\u2026 Des moments simples qui font du bien. Il y a des profils tr\u00e8s vari\u00e9s, plus ou moins \u00ab\u00a0amoch\u00e9s par l\u2019errance\u00a0\u00bb. La cohabitation n\u2019est jamais quelque chose de simple. Mais \u00e7a s\u2019entretient.<\/p>\n<p><strong>Pas d\u2019alcool autoris\u00e9<\/strong><\/p>\n<p>Il est interdit de boire ou de prendre la drogue. Mais parce que certains sont trop d\u00e9pendants pour passer la nuit sans consommer, \u00ab\u00a0chacun peut aller en ville, tant qu\u2019il revient \u00e0 22h30\u00a0\u00bb, assurent-elles.<\/p>\n<p><strong>Pas de violence tol\u00e9r\u00e9e<\/strong><\/p>\n<p>Le r\u00e8glement est tr\u00e8s strict l\u00e0-dessus. Aucun coup, aucune injure ne sont tol\u00e9r\u00e9s. \u00ab\u00a0Sinon on appelle la police et les pompiers, pr\u00e9vient la coordinatrice. Mais le lendemain, l\u2019exclusion aura pris fin. On est l\u00e0 pour accueillir, pas pour juger et condamner.\u00a0\u00bb<\/p>\n<p><strong>Faire confiance<\/strong><\/p>\n<p>Il n\u2019y a pas d\u2019agent de s\u00e9curit\u00e9, les sacs ne sont pas fouill\u00e9s. La confiance est de mise. \u00ab\u00a0Ce sont leurs affaires, leur responsabilit\u00e9, pr\u00e9vient Alexandre Richon. On peut remiser les t\u00e9l\u00e9phones le temps qu\u2019ils chargent. Mais pour le reste, c\u2019est \u00e0 eux de g\u00e9rer. Donc oui, il peut y avoir des vols.\u00a0\u00bb<\/p>\n<p><strong>Un repas fait par le forum Jorge Fran\u00e7ois<\/strong><\/p>\n<p>Le restaurant solidaire du forum Jorge-Fran\u00e7ois, livre tous les repas du soir. Les petits-d\u00e9jeuners sont aliment\u00e9s par les dons de la Banque alimentaire et deux boulangeries du quartier.<\/p>\n<p><strong>Pas d\u2019accompagnement social ou m\u00e9dical<\/strong><\/p>\n<p>\u00ab\u00a0Un accompagnement fixerait les gens \u00e0 la Halte car ils reviendraient pour leur suivi, confie Elodie Jonard. Il n\u2019y aurait plus de roulement. Ici, on peut orienter vers d\u2019autres associations et le CCAS.\u00a0\u00bb \u00c0 partir de juillet, il y aura des travailleurs sociaux qui viendront ici faire des diagnostics.<\/p>\n<p><strong>Un partenariat avec la Croix-Rouge<\/strong><\/p>\n<p>En maraude, le Croix-Rouge est tr\u00e8s proches des grands pr\u00e9caires. Ce lien de confiance permet une meilleure prise en charge. Tous les mercredis soir, des b\u00e9n\u00e9voles partagent la soir\u00e9e avec les b\u00e9n\u00e9ficiaires.<\/p>\n<p><strong>Besoin de dons<\/strong><\/p>\n<p>\u00ab\u00a0Nous avons besoin de dons en nature: produits d\u2019hygi\u00e8ne, draps, couvertures, serviettes de bain, protections hygi\u00e9niques, protections urinaires, lance Alexandre Richon. Mais donner de son temps, d\u00e9construire ses pr\u00e9jug\u00e9s, c\u2019est tout aussi pr\u00e9cieux [1].\u00a0\u00bb<\/p>\n<p><strong>Comment cohabiter avec le voisinage?<\/strong><\/p>\n<p>\u00ab\u00a0Faire cohabiter la mis\u00e8re extr\u00eame et la tranquillit\u00e9 des riverains, c\u2019est un vrai casse-t\u00eate\u00a0\u00bb, l\u00e2che la coordinatrice de la halte de nuit. Aux alentours de la rue Balatchano o\u00f9 se trouve le centre d\u2019h\u00e9bergement d\u2019urgence, le voisinage se plaint r\u00e9guli\u00e8rement de nuisances sonores ou de comportements choquants. \u00ab\u00a0Les SDF consomment de l\u2019alcool en grande quantit\u00e9, laissent les d\u00e9tritus au sol et urinent voir d\u00e9f\u00e8quent dans la rue\u00a0\u00bb, rapporte C\u00e9dric dans un courrier adress\u00e9 \u00e0 Nice-Matin. Exasp\u00e9r\u00e9, le p\u00e8re de famille, rappelle \u00ab\u00a0qu\u2019il y a de nombreuses \u00e9coles dans le quartier\u00a0\u00bb. Les rondes de la police municipale et du service de nettoiement de la M\u00e9tropole ne suffisent pas \u00e0 att\u00e9nuer son ras-le-bol. \u00ab\u00a0Le choix de cet emplacement n\u2019est tout simplement pas adapt\u00e9\u00a0\u00bb, finit-il m\u00eame par trancher.<\/p>\n<p>Familier \u00e0 ces critiques, Alexandre Richon r\u00e9plique tristement: \u00ab\u00a0Mais o\u00f9 pouvons-nous aller? Les plus pr\u00e9caires sont en c\u0153ur de ville. Et en m\u00eame temps, je comprends la r\u00e9action des voisins. la halte, nous avons des r\u00e8gles strictes sur le vivre ensemble, nous ne laissons pas faire n\u2019importe quoi. Pour ce qui est du reste des autres rues du quartier, c\u2019est \u00e0 la mairie d\u2019intervenir.\u00a0\u00bb<\/p>\n<p>\u00a0<\/p>\n<p>1. Faire un don financier: <a href=\"http:\/\/Fondationdenice.org\/don\/\" target=\"_blank\" rel=\"noopener nofollow\">Fondationdenice.org\/don\/<\/a><\/p>\n<p>Rens. : <a href=\"http:\/\/Fondationdenice.org\/offres-de-benevolat\" target=\"_blank\" rel=\"noopener nofollow\">Fondationdenice.org\/offres-de-benevolat<\/a><\/p>\n","protected":false},"excerpt":{"rendered":"Le port de Nice, Thierry en conna\u00eet \u00ab\u00a0bien tous les recoins\u00a0\u00bb. Sauf un, au bout de la petite&hellip;\n","protected":false},"author":2,"featured_media":153454,"comment_status":"","ping_status":"","sticky":false,"template":"","format":"standard","meta":{"footnotes":""},"categories":[2819],"tags":[1111,11,1777,674,1011,27,12,2401,882,25,3366],"class_list":{"0":"post-153453","1":"post","2":"type-post","3":"status-publish","4":"format-standard","5":"has-post-thumbnail","7":"category-nice","8":"tag-actu","9":"tag-actualites","10":"tag-eu","11":"tag-europe","12":"tag-fr","13":"tag-france","14":"tag-news","15":"tag-nice","16":"tag-provence-alpes-cote-dazur","17":"tag-republique-francaise","18":"tag-vie-locale"},"share_on_mastodon":{"url":"https:\/\/pubeurope.com\/@fr\/114629727030818901","error":""},"_links":{"self":[{"href":"https:\/\/www.europesays.com\/fr\/wp-json\/wp\/v2\/posts\/153453","targetHints":{"allow":["GET"]}}],"collection":[{"href":"https:\/\/www.europesays.com\/fr\/wp-json\/wp\/v2\/posts"}],"about":[{"href":"https:\/\/www.europesays.com\/fr\/wp-json\/wp\/v2\/types\/post"}],"author":[{"embeddable":true,"href":"https:\/\/www.europesays.com\/fr\/wp-json\/wp\/v2\/users\/2"}],"replies":[{"embeddable":true,"href":"https:\/\/www.europesays.com\/fr\/wp-json\/wp\/v2\/comments?post=153453"}],"version-history":[{"count":0,"href":"https:\/\/www.europesays.com\/fr\/wp-json\/wp\/v2\/posts\/153453\/revisions"}],"wp:featuredmedia":[{"embeddable":true,"href":"https:\/\/www.europesays.com\/fr\/wp-json\/wp\/v2\/media\/153454"}],"wp:attachment":[{"href":"https:\/\/www.europesays.com\/fr\/wp-json\/wp\/v2\/media?parent=153453"}],"wp:term":[{"taxonomy":"category","embeddable":true,"href":"https:\/\/www.europesays.com\/fr\/wp-json\/wp\/v2\/categories?post=153453"},{"taxonomy":"post_tag","embeddable":true,"href":"https:\/\/www.europesays.com\/fr\/wp-json\/wp\/v2\/tags?post=153453"}],"curies":[{"name":"wp","href":"https:\/\/api.w.org\/{rel}","templated":true}]}}