{"id":153457,"date":"2025-06-05T08:07:16","date_gmt":"2025-06-05T08:07:16","guid":{"rendered":"https:\/\/www.europesays.com\/fr\/153457\/"},"modified":"2025-06-05T08:07:16","modified_gmt":"2025-06-05T08:07:16","slug":"raisons-politiques-terrible-gachis-a-nantes-lannulation-des-jeux-de-bretagne-irrite-les-organisateurs","status":"publish","type":"post","link":"https:\/\/www.europesays.com\/fr\/153457\/","title":{"rendered":"\u00abRaisons politiques\u00bb, \u00abterrible g\u00e2chis\u00bb&#8230; \u00e0 Nantes, l\u2019annulation des Jeux de Bretagne irrite les organisateurs"},"content":{"rendered":"<p>Le festival culturel et sportif nantais a \u00e9t\u00e9 contraint d\u2019annuler sa quatri\u00e8me \u00e9dition, cens\u00e9e ouvrir ses portes le 20 juin. La faute aux travaux en centre-ville et \u00e0 un dialogue de sourds avec la mairie.<\/p>\n<p class=\"fig-paragraph\">Cette fois, il n\u2019y aura pas m\u00eame de ligne de d\u00e9part. Attendue\u00a0<a href=\"https:\/\/www.lefigaro.fr\/nantes\" target=\"_blank\" data-fig-type=\"Section\" rel=\"noopener\" data-gtm-custom-categorie=\"navigation\" data-gtm-custom-action=\"crossclick\" data-gtm-custom-label=\"Contextuel\" data-gtm-event=\"customEventSPE\" data-fig-domain=\"LEFIGARO\">\u00e0 Nantes<\/a>\u00a0(Loire-Atlantique), \u00e0 partir du 20 juin, la 4e \u00e9dition des Jeux de Bretagne n\u2019\u00e9tendra pas cette ann\u00e9e son esprit bon enfant sur la cit\u00e9 des ducs. La manifestation sportive et culturelle cousue autour de la c\u00e9l\u00e9bration de\u00a0<a href=\"https:\/\/www.lefigaro.fr\/langue-francaise\/actu-des-mots\/la-langue-bretonne-va-t-elle-disparaitre-20240411?msockid=2eeac8506d7e6309305fde516cca622e\" target=\"_blank\" data-fig-type=\"NewsFlash\" rel=\"noopener\" data-gtm-custom-categorie=\"navigation\" data-gtm-custom-action=\"crossclick\" data-gtm-custom-label=\"Contextuel\" data-gtm-event=\"customEventSPE\" data-fig-domain=\"LEFIGARO\">l\u2019identit\u00e9 et des pratiques traditionnelles bretonnes<\/a>\u00a0a \u00e9t\u00e9 annul\u00e9e, pr\u00e8s d\u2019un mois avant son ouverture, faute de lieu disponible dans le centre de l\u2019agglom\u00e9ration nantaise. Un faux bond de la mairie qui interroge les organisateurs.<\/p>\n<p class=\"fig-paragraph\">Partenaire de l\u2019\u00e9v\u00e9nement gratuit, la municipalit\u00e9 avait laiss\u00e9 les Jeux de Bretagne prendre place au pied du\u00a0<a href=\"http:\/\/www.lefigaro.fr\/nantes\/nantes-un-ilot-de-fraicheur-pourrait-etre-amenage-au-centre-du-chateau-des-ducs-de-bretagne-20250330\" target=\"_blank\" data-fig-type=\"NewsFlash\" rel=\"noopener\" data-gtm-custom-categorie=\"navigation\" data-gtm-custom-action=\"crossclick\" data-gtm-custom-label=\"Contextuel\" data-gtm-event=\"customEventSPE\" data-fig-domain=\"LEFIGARO\">ch\u00e2teau des ducs<\/a>\u00a0&#8211; un site aujourd\u2019hui en travaux. Par anticipation, le comit\u00e9 d\u2019organisation avait ainsi demand\u00e9 d\u00e8s le 4 novembre \u00e0 installer son \u00e9dition 2025 sur le site Feydeau-Neptune, situ\u00e9 \u00e0 deux pas du ch\u00e2teau. Le d\u00e9but d\u2019un p\u00e9nible \u00abparcours du combattant\u00bb.<\/p>\n<p>Des \u00abraisons politiques\u00bb<\/p>\n<p class=\"fig-paragraph\">D\u2019abord confront\u00e9 au mutisme des services techniques de la ville, le comit\u00e9 d\u2019organisation des Jeux est parvenu, en janvier, \u00e0 entamer un dialogue au sujet des \u00abcontraintes techniques et de s\u00e9curit\u00e9 des personnes\u00bb pos\u00e9es par la municipalit\u00e9 pour une \u00e9ventuelle installation \u00e0 Feydeau. Le comit\u00e9 r\u00e9pond \u00e0 chacun des points soulev\u00e9s et assure recevoir un accus\u00e9 de r\u00e9ception positif de la mairie, le 23 mai\u2026 avant de se voir signifier un refus d\u00e9finitif trois jours plus tard. Un site de repli, situ\u00e9 plus \u00e0 l\u2019ouest, sur le secteur de Gloriette-Petite Hollande, est quant \u00e0 lui \u00e9galement refus\u00e9, le 27 mai, au comit\u00e9 d\u2019organisation, au motif\u2026 de s\u2019y \u00eatre pris trop tard.<\/p>\n<p class=\"fig-paragraph\">\u00abCe veto exerc\u00e9 par le cabinet de la Maire ne semble pas motiv\u00e9 par des raisons techniques mais par des raisons politiques\u00bb, a d\u00e9plor\u00e9 dans un communiqu\u00e9 le comit\u00e9 d\u2019organisation des Jeux de Bretagne, en indiquant que l\u2019annulation in extremis de la manifestation a provoqu\u00e9 \u00abdes soucis de sant\u00e9 et un terrible sentiment de g\u00e2chis\u00bb au sein de son \u00e9quipe. \u00abOn nous demandait des barri\u00e8res, nous les avions ; un gardiennage de nuit, c\u2019\u00e9tait pr\u00e9vu ; ou encore de ne pas d\u00e9t\u00e9riorer la pelouse, ce qui n\u2019\u00e9tait \u00e9videmment pas au programme\u00bb, \u00e9num\u00e8re au Figaro St\u00e9phane Briand, pr\u00e9sident du comit\u00e9 d\u2019organisation. D\u00e9pit\u00e9, il d\u00e9nonce un deux poids deux mesures de la mairie socialiste de Nantes. \u00abLe site n\u2019a rien d\u2019incompatible avec une grande manifestation publique, puisqu\u2019il \u00e9tait utilis\u00e9 l\u2019an pass\u00e9 pour le village olympique, la Ru\u00e9e vers le sport et le march\u00e9 de No\u00ebl\u00bb, remarque-t-il. Amer mais pas abattu, St\u00e9phane Briand entend cependant tout faire pour assurer le retour des Jeux \u00e0 Nantes, d\u00e8s 2026.<\/p>\n<p class=\"fig-body-link\">\n            \u00c0 lire aussi<br \/>\n        <a class=\"fig-body-link__link\" href=\"http:\/\/www.lefigaro.fr\/nantes\/je-vais-te-tuer-espece-de-sale-blanc-a-nantes-des-peines-de-prison-prononcees-apres-les-violences-liees-a-la-victoire-du-psg-20250602\" target=\"_blank\" data-fig-type=\"NewsFlash\" rel=\"noopener\" data-gtm-custom-categorie=\"navigation\" data-gtm-custom-action=\"crossclick\" data-gtm-custom-label=\"Contextuel\" data-gtm-event=\"customEventSPE\" data-fig-domain=\"LEFIGARO\">\u00ab\u00a0Je vais te tuer esp\u00e8ce de sale Blanc\u00a0\u00bb\u00a0: \u00e0 Nantes, des peines de prison prononc\u00e9es apr\u00e8s les violences li\u00e9es \u00e0 la victoire du PSG<br \/>\n    <\/a>\n<\/p>\n<p class=\"fig-paragraph\">Sollicit\u00e9e par Le Figaro, la mairie de Nantes r\u00e9it\u00e8re sa position, en assurant qu\u2019elle \u00e9tait pr\u00eate \u00e0 accueillir les Jeux sur le site Gloriette. \u00abSi les organisateurs avaient accept\u00e9 plus t\u00f4t, \u00e7a aurait \u00e9t\u00e9 possible\u00bb, indique une porte-parole de la ville. L\u2019incompatibilit\u00e9 du site de Feydeau avec la manifestation aurait, par ailleurs, \u00e9t\u00e9 \u00abplusieurs fois expliqu\u00e9e aux organisateurs\u00bb, ajoute la collectivit\u00e9, qui pr\u00e9cise rester \u00e0 leur disposition pour pr\u00e9parer une prochaine \u00e9dition.<\/p>\n<p class=\"fig-paragraph\">Organis\u00e9s \u00e0 trois reprises \u00e0 Nantes, les Jeux de Bretagne rassemblaient des \u00e9quipes et des clubs des cinq d\u00e9partements bretons, venues se mesurer les uns aux autres sur une large palette de disciplines sportives. Celles-ci incluaient aussi bien des pratiques classiques &#8211; tir \u00e0 la corde, lancer de poids, train urbain &#8211; que quelques sp\u00e9cialit\u00e9s du terroir, comme le lancer de bottes de paille, la lutte bretonne ou encore le football ga\u00e9lique. Chaque \u00e9dition se doublait d\u2019animations culturelles et d\u2019initiations, \u00e0 destination des plus jeunes. Enfin, p\u00e9riode de\u00a0<a href=\"https:\/\/www.lefigaro.fr\/culture\/fete-de-la-musique-le-nouveau-souffle-des-fanfares-20240620\" target=\"_blank\" data-fig-type=\"Article\" rel=\"noopener\" data-gtm-custom-categorie=\"navigation\" data-gtm-custom-action=\"crossclick\" data-gtm-custom-label=\"Contextuel\" data-gtm-event=\"customEventSPE\" data-fig-domain=\"LEFIGARO\">la f\u00eate de la musique<\/a>\u00a0oblige, des concerts en plein air animaient la soir\u00e9e.<\/p>\n","protected":false},"excerpt":{"rendered":"Le festival culturel et sportif nantais a \u00e9t\u00e9 contraint d\u2019annuler sa quatri\u00e8me \u00e9dition, cens\u00e9e ouvrir ses portes le&hellip;\n","protected":false},"author":2,"featured_media":153458,"comment_status":"","ping_status":"","sticky":false,"template":"","format":"standard","meta":{"footnotes":""},"categories":[2818],"tags":[1111,11,829,1777,674,462,1011,27,2640,2642,766,2638,2643,2637,2639,2646,2645,2641,2635,2644,2647,12,2636,25,517],"class_list":{"0":"post-153457","1":"post","2":"type-post","3":"status-publish","4":"format-standard","5":"has-post-thumbnail","7":"category-nantes","8":"tag-actu","9":"tag-actualites","10":"tag-bretagne","11":"tag-eu","12":"tag-europe","13":"tag-fc-nantes","14":"tag-fr","15":"tag-france","16":"tag-hauts-paves-saint-felix","17":"tag-ile-de-nantes","18":"tag-nantes","19":"tag-nantes-bellevue-chantenay-sainte-anne","20":"tag-nantes-breil-barberie","21":"tag-nantes-centre-ville","22":"tag-nantes-dervallieres-zola","23":"tag-nantes-doulon-bottiere","24":"tag-nantes-erdre","25":"tag-nantes-malakoff-saint-donatien","26":"tag-nantes-metropole","27":"tag-nantes-nord","28":"tag-nantes-sud","29":"tag-news","30":"tag-pays-de-la-loire","31":"tag-republique-francaise","32":"tag-sport"},"share_on_mastodon":{"url":"https:\/\/pubeurope.com\/@fr\/114629735157576451","error":""},"_links":{"self":[{"href":"https:\/\/www.europesays.com\/fr\/wp-json\/wp\/v2\/posts\/153457","targetHints":{"allow":["GET"]}}],"collection":[{"href":"https:\/\/www.europesays.com\/fr\/wp-json\/wp\/v2\/posts"}],"about":[{"href":"https:\/\/www.europesays.com\/fr\/wp-json\/wp\/v2\/types\/post"}],"author":[{"embeddable":true,"href":"https:\/\/www.europesays.com\/fr\/wp-json\/wp\/v2\/users\/2"}],"replies":[{"embeddable":true,"href":"https:\/\/www.europesays.com\/fr\/wp-json\/wp\/v2\/comments?post=153457"}],"version-history":[{"count":0,"href":"https:\/\/www.europesays.com\/fr\/wp-json\/wp\/v2\/posts\/153457\/revisions"}],"wp:featuredmedia":[{"embeddable":true,"href":"https:\/\/www.europesays.com\/fr\/wp-json\/wp\/v2\/media\/153458"}],"wp:attachment":[{"href":"https:\/\/www.europesays.com\/fr\/wp-json\/wp\/v2\/media?parent=153457"}],"wp:term":[{"taxonomy":"category","embeddable":true,"href":"https:\/\/www.europesays.com\/fr\/wp-json\/wp\/v2\/categories?post=153457"},{"taxonomy":"post_tag","embeddable":true,"href":"https:\/\/www.europesays.com\/fr\/wp-json\/wp\/v2\/tags?post=153457"}],"curies":[{"name":"wp","href":"https:\/\/api.w.org\/{rel}","templated":true}]}}