{"id":153461,"date":"2025-06-05T08:09:11","date_gmt":"2025-06-05T08:09:11","guid":{"rendered":"https:\/\/www.europesays.com\/fr\/153461\/"},"modified":"2025-06-05T08:09:11","modified_gmt":"2025-06-05T08:09:11","slug":"tout-le-programme-du-betclic-bordeaux-p2-2025","status":"publish","type":"post","link":"https:\/\/www.europesays.com\/fr\/153461\/","title":{"rendered":"Tout le programme du Betclic Bordeaux P2 2025"},"content":{"rendered":"<p>La <strong>Patinoire de Bordeaux M\u00e9riadeck<\/strong> s\u2019appr\u00eate \u00e0 vibrer au rythme du <strong>Premier Padel<\/strong>, avec un <strong>programme dense et vari\u00e9<\/strong> du 28 juin au 6 juillet. Voici tout ce qu\u2019il faut savoir sur les temps forts du tournoi.<\/p>\n<blockquote class=\"instagram-media\" data-instgrm-captioned=\"\" data-instgrm-permalink=\"https:\/\/www.instagram.com\/p\/DKe660XsVnn\/?utm_source=ig_embed&amp;utm_campaign=loading\" data-instgrm-version=\"14\" style=\" background:#FFF; border:0; border-radius:3px; box-shadow:0 0 1px 0 rgba(0,0,0,0.5),0 1px 10px 0 rgba(0,0,0,0.15); margin: 1px; max-width:540px; min-width:326px; padding:0; width:99.375%; width:-webkit-calc(100% - 2px); width:calc(100% - 2px);\"\/><p>  <strong>Les qualifications : un week-end 100 % padel fran\u00e7ais<\/strong><\/p>\n<p>D\u00e8s le <strong>samedi 28 juin<\/strong>, les <strong>qualifications hommes et femmes<\/strong> d\u00e9buteront \u00e0 partir de <strong>10h<\/strong>, avec la participation de nombreuses <strong>pointures fran\u00e7aises<\/strong>. La <strong>Bodega \u00ab Chai Mica \u00bb<\/strong> ouvrira ses portes en parall\u00e8le pour accueillir les spectateurs dans une ambiance festive, avant le <strong>tournoi des partenaires<\/strong> \u00e0 20h.<\/p>\n<p>Le dimanche 29 juin, les qualifications se poursuivront d\u00e8s <strong>10h<\/strong>, toujours dans une atmosph\u00e8re conviviale.<\/p>\n<p><strong>Place au tableau principal d\u00e8s lundi<\/strong><\/p>\n<p>Le <strong>lundi 30 juin<\/strong> marquera la fin des qualifications (\u00e0 10h) et surtout le <strong>d\u00e9but du tableau principal<\/strong> d\u00e8s <strong>14h<\/strong>. Le <strong>village des partenaires<\/strong> et la bodega seront aussi de la partie pour animer l\u2019espace spectateurs.<\/p>\n<p>Le <strong>mardi 1er juillet<\/strong>,  grosse journ\u00e9e avec la deuxi\u00e8me journ\u00e9e des matchs du premier tour.<\/p>\n<p><strong>\u00c0 partir du 2 juillet : les choses s\u00e9rieuses commencent<\/strong><\/p>\n<p>D\u00e8s le <strong>mercredi 2 juillet<\/strong>, les <strong>huiti\u00e8mes de finale<\/strong> prendront le relais avec l\u2019ouverture du <strong>salon VIP \u00e0 11h<\/strong>, une <strong>journ\u00e9e d\u00e9di\u00e9e aux enfants<\/strong>, et une <strong>\u201cnight session\u201d<\/strong> \u00e0 partir de <strong>17h<\/strong> mettant \u00e0 l\u2019honneur les trois meilleurs matchs de la journ\u00e9e.<\/p>\n<p>Le <strong>jeudi 3 juillet<\/strong>, \u00e0 partir de 10h la suite des huiti\u00e8mes, avec la m\u00eame formule VIP et \u201cnight session\u201d.<\/p>\n<p><strong>Week-end final en apoth\u00e9ose<\/strong><\/p>\n<p>Le <strong>vendredi 4 juillet<\/strong>, place aux <strong>quarts de finale<\/strong> d\u00e8s 10h et \u00e0 une nouvelle journ\u00e9e d\u00e9di\u00e9e aux enfants. La soir\u00e9e proposera, comme la veille, les <strong>trois meilleurs matchs sur le court central<\/strong> d\u00e8s 17h.<\/p>\n<p>Le <strong>samedi 5 juillet<\/strong>, les demi-finales (\u00e0 partir de 13h30) seront pr\u00e9c\u00e9d\u00e9es d\u2019un <strong>tournoi All Star Padel<\/strong> d\u00e8s <strong>11h30<\/strong>, r\u00e9unissant c\u00e9l\u00e9brit\u00e9s du sport et des m\u00e9dias. Le soir, <strong>gala gastronomique<\/strong> sur invitation avec d\u00e9gustation de grands vins.<\/p>\n<p>Enfin, le <strong>dimanche 6 juillet<\/strong>, le tournoi s\u2019ach\u00e8vera avec :<\/p>\n<ul class=\"wp-block-list\">\n<li><strong>La finale du tournoi All Star Padel<\/strong> \u00e0 12h30<\/li>\n<li>Les <strong>finales hommes et femmes<\/strong> \u00e0 partir de <strong>14h<\/strong><\/li>\n<li>Et la <strong>c\u00e9r\u00e9monie de remise des prix<\/strong> pour conclure cette grande f\u00eate du padel.<\/li>\n<\/ul>\n<p><strong>Lieu<\/strong> : Patinoire Bordeaux M\u00e9riadeck \u2013 95 Cr Mar\u00e9chal Juin, 33000 Bordeaux<\/p>\n<p>R\u00e9servez vos billet <a href=\"https:\/\/www.betclic-bordeaux-premierpadel.com\/billetterie\/\" title=\"\" target=\"_blank\" rel=\"noopener\">ici<\/a>.<\/p>\n<p><img loading=\"lazy\" decoding=\"async\" data-del=\"avatar\" alt=\"Benjamin Dupouy\" src=\"https:\/\/www.europesays.com\/fr\/wp-content\/uploads\/2025\/04\/IMG_5219-150x150.jpg\" class=\"avatar pp-user-avatar avatar-100 photo \" height=\"100\" width=\"100\"\/><\/p>\n<p>J\u2019ai d\u00e9couvert le padel directement lors d\u2019un tournoi, et franchement, je n\u2019ai pas trop accroch\u00e9 au d\u00e9but. Mais la deuxi\u00e8me fois, \u00e7a a \u00e9t\u00e9 le coup de foudre, et depuis, je ne rate plus un seul match. Je suis m\u00eame pr\u00eat \u00e0 rester \u00e9veill\u00e9 jusqu\u2019\u00e0 3h du matin pour regarder une finale de Premier Padel !<\/p>\n<p class=\"related-title\">Sur le m\u00eame sujet<\/p>\n<p><script async src=\"\/\/www.instagram.com\/embed.js\"><\/script><\/p>\n","protected":false},"excerpt":{"rendered":"La Patinoire de Bordeaux M\u00e9riadeck s\u2019appr\u00eate \u00e0 vibrer au rythme du Premier Padel, avec un programme dense et&hellip;\n","protected":false},"author":2,"featured_media":153462,"comment_status":"","ping_status":"","sticky":false,"template":"","format":"standard","meta":{"footnotes":""},"categories":[2817],"tags":[1111,11,1997,28314,1777,674,1011,27,12,2219,25],"class_list":{"0":"post-153461","1":"post","2":"type-post","3":"status-publish","4":"format-standard","5":"has-post-thumbnail","7":"category-bordeaux","8":"tag-actu","9":"tag-actualites","10":"tag-bordeaux","11":"tag-bordeaux-premier-padel","12":"tag-eu","13":"tag-europe","14":"tag-fr","15":"tag-france","16":"tag-news","17":"tag-nouvelle-aquitaine","18":"tag-republique-francaise"},"share_on_mastodon":{"url":"https:\/\/pubeurope.com\/@fr\/114629742781194106","error":""},"_links":{"self":[{"href":"https:\/\/www.europesays.com\/fr\/wp-json\/wp\/v2\/posts\/153461","targetHints":{"allow":["GET"]}}],"collection":[{"href":"https:\/\/www.europesays.com\/fr\/wp-json\/wp\/v2\/posts"}],"about":[{"href":"https:\/\/www.europesays.com\/fr\/wp-json\/wp\/v2\/types\/post"}],"author":[{"embeddable":true,"href":"https:\/\/www.europesays.com\/fr\/wp-json\/wp\/v2\/users\/2"}],"replies":[{"embeddable":true,"href":"https:\/\/www.europesays.com\/fr\/wp-json\/wp\/v2\/comments?post=153461"}],"version-history":[{"count":0,"href":"https:\/\/www.europesays.com\/fr\/wp-json\/wp\/v2\/posts\/153461\/revisions"}],"wp:featuredmedia":[{"embeddable":true,"href":"https:\/\/www.europesays.com\/fr\/wp-json\/wp\/v2\/media\/153462"}],"wp:attachment":[{"href":"https:\/\/www.europesays.com\/fr\/wp-json\/wp\/v2\/media?parent=153461"}],"wp:term":[{"taxonomy":"category","embeddable":true,"href":"https:\/\/www.europesays.com\/fr\/wp-json\/wp\/v2\/categories?post=153461"},{"taxonomy":"post_tag","embeddable":true,"href":"https:\/\/www.europesays.com\/fr\/wp-json\/wp\/v2\/tags?post=153461"}],"curies":[{"name":"wp","href":"https:\/\/api.w.org\/{rel}","templated":true}]}}