{"id":153472,"date":"2025-06-05T08:15:09","date_gmt":"2025-06-05T08:15:09","guid":{"rendered":"https:\/\/www.europesays.com\/fr\/153472\/"},"modified":"2025-06-05T08:15:09","modified_gmt":"2025-06-05T08:15:09","slug":"stylistes-troupes-de-theatre-defiles-de-mode-la-seconde-vie-a-marseille-du-tapis-rouge-du-festival-de-cannes","status":"publish","type":"post","link":"https:\/\/www.europesays.com\/fr\/153472\/","title":{"rendered":"Stylistes, troupes de th\u00e9\u00e2tre, d\u00e9fil\u00e9s de mode&#8230; La seconde vie \u00e0 Marseille du tapis rouge du festival de Cannes"},"content":{"rendered":"<p>\u00ab\u00a0On ne vend pas ce tissu en jouant sur le c\u00f4t\u00e9 marketing, puisque quoi qu&rsquo;il en soit, il sera vendu au m\u00eame prix. L&rsquo;objectif, c&rsquo;est qu&rsquo;il soit accessible \u00e0 un maximum d&rsquo;adh\u00e9rents\u00a0\u00bb, poursuit-elle: \u00ab\u00a0Ce sont des \u00e9l\u00e9ments qui n&rsquo;\u00e9taient pas destin\u00e9s \u00e0 \u00eatre r\u00e9utilis\u00e9s. En les reconditionnant, on participe \u00e0 faire baisser l&rsquo;impact environnemental de l&rsquo;\u00e9v\u00e9nement, dont le festival est bien conscient\u00a0\u00bb.<\/p>\n<p><a href=\"https:\/\/www.laprovence.com\/article\/societe\/4695147009905815\/marseille-les-tresors-de-la-reserve-des-arts-animent-saint-mauront\" target=\"_blank\" rel=\"noopener\">La moquette rouge cannoise sera ainsi revendue un euro le kilogramme<\/a>, \u00ab\u00a0soit 33 centimes le m\u00e8tre carr\u00e9, c&rsquo;est imbattable !\u00a0\u00bb, affirme-t-elle.<\/p>\n<p>Dans l&rsquo;entrep\u00f4t de 300 m\u00e8tres carr\u00e9s, dans les quartiers populaires du nord de Marseille, l&rsquo;association remet en \u00e9tat tout type de produits r\u00e9cup\u00e9r\u00e9s aupr\u00e8s de th\u00e9\u00e2tres, d&rsquo;agences de production, mais aussi de mises en sc\u00e8ne de d\u00e9fil\u00e9s de mode, avant de les revendre \u00ab\u00a0\u00e0 des prix trois fois inf\u00e9rieurs \u00e0 ceux du march\u00e9\u00a0\u00bb, pr\u00e9cise Bonnie Guespin, la responsable des ventes.<\/p>\n<p>\u00ab\u00a0Avec ce tapis cannois, on fait des sacs \u00e0 main classiques mais aussi des sacs pour bouteilles de vins, des bobs, des \u00e9tuis \u00e0 lunettes, des pi\u00e8ces assez uniques\u00a0\u00bb, explique Elsa Ramouni-Yordikian, cliente de la R\u00e9serve des arts et secr\u00e9taire de l&rsquo;association Les Nippones, qui exploite des m\u00e8tres de la c\u00e9l\u00e8bre moquette depuis plus de quatre ans.<\/p>\n<p>Dans une exposition intitul\u00e9e \u00ab\u00a0S&rsquo;habiller comme une star de cin\u00e9ma\u00a0\u00bb, l&rsquo;artiste vient d&rsquo;ailleurs d&rsquo;exposer \u00e0 Marseille ses cr\u00e9ations faites avec le tapis 2024.<\/p>\n<p>\u00ab\u00a0Le fait que \u00e7a vienne d&rsquo;un fameux festival et que ce soit recycl\u00e9 dans la r\u00e9gion, pour nous, \u00e7a a du sens\u00a0\u00bb, explique-t-elle, \u00ab\u00a0ce n&rsquo;est pas forc\u00e9ment une qualit\u00e9 incroyable ce tapis, mais c&rsquo;est justement pour \u00e7a qu&rsquo;on l&rsquo;utilise\u00a0\u00bb. Selon la trentenaire, la production de \u00ab\u00a0ce genre de mati\u00e8res synth\u00e9tiques\u00a0\u00bb ne \u00ab\u00a0s&rsquo;arr\u00eatera jamais, il y en aura toujours, tout autant que de festivals, de salons, il faut donc trouver des moyens de les revaloriser\u00a0\u00bb.<\/p>\n<p>Du dernier festival de Cannes, du 13 au 24 mai, ont ainsi \u00e9t\u00e9 r\u00e9cup\u00e9r\u00e9s 1,5 tonne de ces tapis remplac\u00e9s quotidiennement, mais aussi plusieurs m\u00e8tres de tasseaux de bois, des affiches, des b\u00e2ches plastiques.<\/p>\n<p>Dans un coin du d\u00e9p\u00f4t, plusieurs palettes du tapis rouge attendent leur sort, emball\u00e9es dans des sacs poubelles noirs. Trou\u00e9, marqu\u00e9 par les marches ou les traces de chaussures, agraf\u00e9, scotch\u00e9, avec parfois une odeur d&rsquo;humidit\u00e9, il a d\u00e9j\u00e0 beaucoup subi. Mais l&rsquo;antenne de Marseille de la R\u00e9serve des arts s&#8217;emploie, avec cinq salari\u00e9s, \u00e0 lui \u00ab\u00a0donner une seconde vie\u00a0\u00bb, explique la coordinatrice, qui s&rsquo;affaire d&rsquo;abord \u00e0 le nettoyer.<\/p>\n<p>\u00ab\u00a0En travaillant avec nous, Cannes accepte que son budget soit un petit peu revu \u00e0 la hausse, parce que nous, notre action et notre savoir-faire vaut plus cher que des machines de recyclage\u00a0\u00bb, plaide la coordinatrice de la R\u00e9serve des arts: \u00ab\u00a0Si nous n&rsquo;\u00e9tions pas l\u00e0, elles auraient juste d\u00e9compos\u00e9 et d\u00e9chiquet\u00e9 la moquette pour en refaire des mati\u00e8res plastiques derri\u00e8re\u00a0\u00bb.<\/p>\n","protected":false},"excerpt":{"rendered":"\u00ab\u00a0On ne vend pas ce tissu en jouant sur le c\u00f4t\u00e9 marketing, puisque quoi qu&rsquo;il en soit, il&hellip;\n","protected":false},"author":2,"featured_media":153473,"comment_status":"","ping_status":"","sticky":false,"template":"","format":"standard","meta":{"footnotes":""},"categories":[2814],"tags":[17,1111,11,251,993,1777,674,1011,27,884,985,12,882,25,10040,28316,1347,16833,4717],"class_list":{"0":"post-153472","1":"post","2":"type-post","3":"status-publish","4":"format-standard","5":"has-post-thumbnail","7":"category-marseille","8":"tag-17","9":"tag-actu","10":"tag-actualites","11":"tag-culture","12":"tag-defiles","13":"tag-eu","14":"tag-europe","15":"tag-fr","16":"tag-france","17":"tag-marseille","18":"tag-mode","19":"tag-news","20":"tag-provence-alpes-cote-dazur","21":"tag-republique-francaise","22":"tag-seconde","23":"tag-stylistes","24":"tag-theatre","25":"tag-troupes","26":"tag-vie"},"share_on_mastodon":{"url":"https:\/\/pubeurope.com\/@fr\/114629766350082999","error":""},"_links":{"self":[{"href":"https:\/\/www.europesays.com\/fr\/wp-json\/wp\/v2\/posts\/153472","targetHints":{"allow":["GET"]}}],"collection":[{"href":"https:\/\/www.europesays.com\/fr\/wp-json\/wp\/v2\/posts"}],"about":[{"href":"https:\/\/www.europesays.com\/fr\/wp-json\/wp\/v2\/types\/post"}],"author":[{"embeddable":true,"href":"https:\/\/www.europesays.com\/fr\/wp-json\/wp\/v2\/users\/2"}],"replies":[{"embeddable":true,"href":"https:\/\/www.europesays.com\/fr\/wp-json\/wp\/v2\/comments?post=153472"}],"version-history":[{"count":0,"href":"https:\/\/www.europesays.com\/fr\/wp-json\/wp\/v2\/posts\/153472\/revisions"}],"wp:featuredmedia":[{"embeddable":true,"href":"https:\/\/www.europesays.com\/fr\/wp-json\/wp\/v2\/media\/153473"}],"wp:attachment":[{"href":"https:\/\/www.europesays.com\/fr\/wp-json\/wp\/v2\/media?parent=153472"}],"wp:term":[{"taxonomy":"category","embeddable":true,"href":"https:\/\/www.europesays.com\/fr\/wp-json\/wp\/v2\/categories?post=153472"},{"taxonomy":"post_tag","embeddable":true,"href":"https:\/\/www.europesays.com\/fr\/wp-json\/wp\/v2\/tags?post=153472"}],"curies":[{"name":"wp","href":"https:\/\/api.w.org\/{rel}","templated":true}]}}