{"id":153474,"date":"2025-06-05T08:16:12","date_gmt":"2025-06-05T08:16:12","guid":{"rendered":"https:\/\/www.europesays.com\/fr\/153474\/"},"modified":"2025-06-05T08:16:12","modified_gmt":"2025-06-05T08:16:12","slug":"bientot-lete-lyon-demain","status":"publish","type":"post","link":"https:\/\/www.europesays.com\/fr\/153474\/","title":{"rendered":"Bient\u00f4t l&rsquo;\u00e9t\u00e9 ! &#8211; Lyon Demain"},"content":{"rendered":"<p>Cette semaine Bient\u00f4t l\u2019\u00e9t\u00e9 et le temps de lire, d\u2019\u00e9couter de la musique et de d\u00e9couvrir les expos du moment. <strong>Serge Annequin<\/strong> et <strong>Mikael Mignet<\/strong> sont nos invit\u00e9s pour \u00e9voquer <a href=\"https:\/\/www.vivre-villes.fr\/lyon\/a-la-une-de-lyon\/2025\/06\/02\/sortie-le-mercredi-4-juin-dune-bande-dessinee-sur-lun-des-plus-grands-mysteres-de-lyon-les-aretes-de-poisson\/\" target=\"_blank\" rel=\"noopener\">la Bande dessin\u00e9e sur la th\u00e9matique <strong>des Ar\u00eates de poisson<\/strong><\/a><strong>, <\/strong>une \u00e9nigme qui continue d\u2019animer de vives controverses dans notre ville<strong>. Guillaume <\/strong>re\u00e7oitune partie du groupe<strong> Gloria, <\/strong>un collectif d\u2019artistes au service de la musique qui se laisse porter par leurs envie<strong>s. Ga\u00eblle<\/strong> nous parle des expos de l\u2019\u00e9t\u00e9 \u00e0 ne pas manquer\u00a0! et <strong>Thomas<\/strong> nous propose une lecture d\u2019un extrait de \u00ab\u00a0Portrait en pied de Suzanne\u00a0\u00bb de <strong>Roland Topor. <\/strong>Nous terminons avec nos G\u00e9d\u00e9ons\u00a0! Et pour nous \u00e9couter C\u2019est ici !<\/p>\n<p><strong>Une enqu\u00eate sous terraine<\/strong><\/p>\n<p><strong>Serge Annequin<\/strong> et <strong>Mikael Mignet<\/strong> sont avec nous <a href=\"https:\/\/www.vivre-villes.fr\/lyon\/a-la-une-de-lyon\/2025\/06\/02\/sortie-le-mercredi-4-juin-dune-bande-dessinee-sur-lun-des-plus-grands-mysteres-de-lyon-les-aretes-de-poisson\/\" target=\"_blank\" rel=\"noopener\">cette semaine pour \u00e9voquer la sortie de leur BD<\/a>. Elle est intitul\u00e9e <strong>\u00ab\u00a0Les Ar\u00eates de poisson\u00a0\u00bb<\/strong>, une \u00e9nigme souterraine et ce sont les \u00e9ditions Paquet qui diffuse ce document incontournable.<\/p>\n<p>Pour rappel que cette BD fait d\u2019un r\u00e9seau de galeries sous terraines le point de d\u00e9part d\u2019une enqu\u00eate et d\u2019une histoire d\u2019amiti\u00e9\u00a0! Un r\u00e9seau de galerie unique en son genre traverse une partie de notre ville. <a href=\"https:\/\/www.bubblebd.com\/aretes-de-poisson\/serie\/loVb3GSiKZBwlw\" target=\"_blank\" rel=\"noopener\">Pour en savoir d\u2019avantage il vous faudra lire cette tr\u00e8s belle enqu\u00eate dessin\u00e9e<\/a>. Une rencontre signature est programm\u00e9e le mardi 10 juin au coll\u00e8ge graphique dans le 1er arr. Dans l\u2019ancien coll\u00e8ge Truffaut sur les pentes de la Croix Rousse.<\/p>\n<p><strong>Gloria et la mythologie<\/strong><\/p>\n<p><strong>Une partie du <\/strong>groupe <a href=\"https:\/\/lepopclub.com\/gloria\/\" target=\"_blank\" rel=\"noopener\">Gloria <\/a>(Alexis et Wendy Martinez) est sur notre plateau cette semaine. Un nouvel album nomm\u00e9 III vient de sortir et ils en assurent la promo. Leur univers sonore, entre garage brut, pop c\u00e9leste et m\u00eame folk mystique, convoque les esprits du rock 60\u2019s tout en laissant r\u00e9sonner la soul de la Motown et l\u2019effronterie d\u2019un rock ind\u00e9 90\u2019s d\u00e9sinvolte.<\/p>\n<p>En 2025,\u00a0Gloria\u00a0revient avec un troisi\u00e8me album inspir\u00e9 par la mythologie antique, o\u00f9 muses et divinit\u00e9s s\u2019invitent dans leur monde. Plus rock et d\u00e9senchant\u00e9, cet opus rend hommage aux disques th\u00e9matiques des 60\u2019s tout en explorant de nouveaux horizons. <a href=\"https:\/\/www.periscope-lyon.com\/artists\/gloria\/\" target=\"_blank\" rel=\"noopener\">Ils seront en concert au p\u00e9riscope le 12 juin<\/a>.<\/p>\n<\/p>\n<p>Floril\u00e8ge<\/p>\n<p>Ga\u00eblle nous propose de belles d\u00e9couvertes en ce bient\u00f4t l\u2019\u00e9t\u00e9 ! Un floril\u00e8ge d\u2019expositions et de festivals\u2026<a href=\"https:\/\/www.mba-lyon.fr\/fr\/fiche-programmation\/visites-commentees-francois-rouan-autour-de-lempreinte\" target=\"_blank\" rel=\"noopener\">Exposition Rouan<\/a> autour de l\u2019empreinte au mus\u00e9e des Beaux arts de Lyon. <a href=\"https:\/\/www.artissima.com\/\" target=\"_blank\" rel=\"noopener\">Artissima<\/a> \u00e0 Rochetaill\u00e9e sur Sa\u00f4ne. L\u2019\u00e9t\u00e9 aux subsistances et la biennale de la danse.<\/p>\n<p>Roland Topor<\/p>\n<p><strong>Thomas<\/strong> propose un extrait de <a href=\"https:\/\/www.babelio.com\/livres\/Topor-Portrait-en-pied-de-Suzanne\/129631\" target=\"_blank\" rel=\"noopener\">\u00ab\u00a0Portrait en pied de Suzanne\u00a0\u00bb<\/a> de 1978 sign\u00e9 <strong>Roland Topor (1938-1997)<\/strong>, nous t\u2019\u00e9coutons on en parle apr\u00e8s\u00a0! Apr\u00e8s Le Locataire chim\u00e9rique (1964) et Joko f\u00eate son anniversaire (1969), Portrait en pied de Suzanne (1978) vient clore dans l\u2019\u0153uvre de Topor sa \u00ab trilogie noire \u00bb romanesque, plac\u00e9e sous le signe de Kafka. Dessinateur, peintre, \u00e9crivain, dramaturge, po\u00e8te, cin\u00e9aste, acteur, etc., Roland Topor (1938-1997) dessine pour Hara-Kiri, re\u00e7oit le prix de l\u2019Humour noir d\u00e8s 1961 et cofonde le mouvement Panique. Son premier roman, Le Locataire chim\u00e9rique, sera adapt\u00e9 au cin\u00e9ma par Roman Polanski ; il \u00e9crira aussi des recueils de nouvelles et des pi\u00e8ces de th\u00e9\u00e2tre. Du film d\u2019animation La Plan\u00e8te sauvage \u00e0 Marquis, en passant par Palace et T\u00e9l\u00e9chat, il marquera de son humour noir le cin\u00e9ma et l\u2019audiovisuel.<\/p>\n<p><a href=\"https:\/\/www.babelio.com\/livres\/Topor-Portrait-en-pied-de-Suzanne\/129631\" target=\"_blank\" rel=\"noopener\">https:\/\/www.babelio.com\/livres\/Topor-Portrait-en-pied-de-Suzanne\/129631<\/a><\/p>\n<p>G\u00e9d\u00e9ons<\/p>\n<p>Guillaume\u00a0nous fait d\u00e9couvrir le groupe Luge ! Et Ga\u00eblle nous parle de Lyon Nature.<\/p>\n<p>Pour ma part cette semaine ce sera BD encore et toujours\u00a0! La BD poss\u00e8de son festival \u00e0 Lyon et pas des moindre du 13 au 15 juin\u00a0! 3 jours pour rencontrer les auteurs et croiser les lieux culturels. Conf\u00e9rences, expo, d\u00e9bat, concerts dessin\u00e9s\u00a0! C\u2019est la 20 eme \u00e9dition\u00a0!!!<\/p>\n<p>Le festival Lyon BD renoue avec ce qui fait son ADN depuis sa cr\u00e9ation : faire d\u00e9couvrir la bande dessin\u00e9e \u00e9trang\u00e8re \u00e0 notre public lyonnais.<\/p>\n<p>Cette ann\u00e9e un \u00e9change avec le festival de Qu\u00e9bec, la biennale de Curitiba, au Br\u00e9sil. Rencontres avec des auteurs libanais, de Beyrouth et d\u2019ailleurs.<\/p>\n<p>Une centaine d\u2019autrices et d\u2019auteurs vous donnent rendez-vous pour cette \u00e9dition qui m\u00eale voyages et d\u00e9couvertes.<\/p>\n<p>L\u2019affiche, est sign\u00e9e <a><strong>Marcello Quintanilha<\/strong><\/a>, auteur br\u00e9silien, invit\u00e9 cette ann\u00e9e.<\/p>\n<p>Bref pour les amateurs du genre grands et petits\u00a0! Il y en a pou tous les go\u00fbts. Pour d\u00e9couvrir le programme\u00a0une seule adresse : Lyonbd.com<\/p>\n<p><img fetchpriority=\"high\" decoding=\"async\" width=\"700\" height=\"394\" src=\"https:\/\/www.europesays.com\/fr\/wp-content\/uploads\/2025\/06\/lyon-bd-festival-2025-v2-p.webp.webp\" alt=\"\" class=\"wp-image-249806\"  \/><\/p>\n<p>J\u2019aime \u00e7a\u00a0:<\/p>\n<p>J\u2019aime chargement\u2026<\/p>\n<p><a class=\"sd-link-color\"\/><\/p>\n<p>\n\tArticles similaires\n<\/p>\n<p>\t\t\t\t<img decoding=\"async\" src=\"https:\/\/www.europesays.com\/fr\/wp-content\/uploads\/2025\/06\/49adaf6f5045f4adb6ae3698cc4c61d757c24c08a05b8a6b070edfff6551293d\" alt=\"Ga\u00eble Beaussier\"\/><\/p>\n<p>Depuis 20 ans, rien d&rsquo;impossible&#8230; T\u00e9l\u00e9, Radio, presse \u00e9crite ! Des envies&#8230;plein la t\u00eate ! Et une \u00e9nergie d\u00e9bordante&#8230;&#13;<br \/>\nJ&rsquo;\u00e9cris pour diff\u00e9rents publics : Du visiteur de mus\u00e9e avec un Audio guide, \u00e0 l&rsquo;amateur d&rsquo;art devant sa t\u00e9l\u00e9, en passant par les accrocs de la radio&#8230; sans oublier la pub&#8230;&#13;<br \/>\nDepuis 2002 je r\u00e9alise des \u00e9v\u00e9nements et des programmes de formation dans le domaine de l&rsquo;art, de la communication et de la culture d&rsquo;entreprise. &#13;<br \/>\nJe poursuis \u00e9galement ma carri\u00e8re d&rsquo;enseignante en histoire de l&rsquo;art pour ne pas perdre le go\u00fbt du d\u00e9fi au quotidien&#8230;Captiver des \u00e9tudiants, pas toujours tr\u00e8s curieux !<\/p>\n","protected":false},"excerpt":{"rendered":"Cette semaine Bient\u00f4t l\u2019\u00e9t\u00e9 et le temps de lire, d\u2019\u00e9couter de la musique et de d\u00e9couvrir les expos&hellip;\n","protected":false},"author":2,"featured_media":153475,"comment_status":"","ping_status":"","sticky":false,"template":"","format":"standard","meta":{"footnotes":""},"categories":[1889],"tags":[1111,11,28317,2430,28318,1777,674,1011,27,21866,28319,28320,2428,28321,28322,12,25,28323,28324,28325,28326],"class_list":{"0":"post-153474","1":"post","2":"type-post","3":"status-publish","4":"format-standard","5":"has-post-thumbnail","7":"category-lyon","8":"tag-actu","9":"tag-actualites","10":"tag-artissima","11":"tag-auvergne-rhone-alpes","12":"tag-biennale-danse","13":"tag-eu","14":"tag-europe","15":"tag-fr","16":"tag-france","17":"tag-gloria","18":"tag-les-arretes-de-poisson","19":"tag-luge","20":"tag-lyon","21":"tag-lyon-bd-festival","22":"tag-mikael-mignet","23":"tag-news","24":"tag-republique-francaise","25":"tag-roland-topor","26":"tag-serge-annequin","27":"tag-susistances","28":"tag-wendy-martinez"},"share_on_mastodon":{"url":"https:\/\/pubeurope.com\/@fr\/114629770288189109","error":""},"_links":{"self":[{"href":"https:\/\/www.europesays.com\/fr\/wp-json\/wp\/v2\/posts\/153474","targetHints":{"allow":["GET"]}}],"collection":[{"href":"https:\/\/www.europesays.com\/fr\/wp-json\/wp\/v2\/posts"}],"about":[{"href":"https:\/\/www.europesays.com\/fr\/wp-json\/wp\/v2\/types\/post"}],"author":[{"embeddable":true,"href":"https:\/\/www.europesays.com\/fr\/wp-json\/wp\/v2\/users\/2"}],"replies":[{"embeddable":true,"href":"https:\/\/www.europesays.com\/fr\/wp-json\/wp\/v2\/comments?post=153474"}],"version-history":[{"count":0,"href":"https:\/\/www.europesays.com\/fr\/wp-json\/wp\/v2\/posts\/153474\/revisions"}],"wp:featuredmedia":[{"embeddable":true,"href":"https:\/\/www.europesays.com\/fr\/wp-json\/wp\/v2\/media\/153475"}],"wp:attachment":[{"href":"https:\/\/www.europesays.com\/fr\/wp-json\/wp\/v2\/media?parent=153474"}],"wp:term":[{"taxonomy":"category","embeddable":true,"href":"https:\/\/www.europesays.com\/fr\/wp-json\/wp\/v2\/categories?post=153474"},{"taxonomy":"post_tag","embeddable":true,"href":"https:\/\/www.europesays.com\/fr\/wp-json\/wp\/v2\/tags?post=153474"}],"curies":[{"name":"wp","href":"https:\/\/api.w.org\/{rel}","templated":true}]}}