{"id":153476,"date":"2025-06-05T08:17:09","date_gmt":"2025-06-05T08:17:09","guid":{"rendered":"https:\/\/www.europesays.com\/fr\/153476\/"},"modified":"2025-06-05T08:17:09","modified_gmt":"2025-06-05T08:17:09","slug":"gregory-doucet-en-pre-campagne-se-challenge-lui-meme","status":"publish","type":"post","link":"https:\/\/www.europesays.com\/fr\/153476\/","title":{"rendered":"Gr\u00e9gory Doucet, en pr\u00e9-campagne, se challenge lui-m\u00eame"},"content":{"rendered":"<p>Et ce, en d\u00e9pit des efforts que le cabinet du maire de Lyon <a href=\"https:\/\/www.lyonmag.com\/profil-personnalite-lyonnaise\/504\/gregory-doucet\" target=\"_blank\" rel=\"noopener\">Gr\u00e9gory Doucet<\/a> a d\u00fb faire pour cadrer les \u00e9changes.<\/p>\n<p>Ce mercredi soir, dans le gymnase Vivier-Merle du 3e arrondissement, on sentait \u00e0 la fois le cadrage et le d\u00e9rapage.<\/p>\n<p>Cadrage, quand Apolline a pris la parole pour dire combien elle se r\u00e9jouissait de voir tout ce que la mairie \u00e9cologiste faisait pour la sant\u00e9 de son petit gar\u00e7on de 5 ans, merveilleuse et inattendue introduction \u00e0 la pr\u00e9sentation de <a href=\"https:\/\/www.lyonmag.com\/profil-personnalite-lyonnaise\/580\/celine-de-laurens\" target=\"_blank\" rel=\"noopener\">C\u00e9line de Laurens<\/a> \u2013 adjointe \u00e0 la Sant\u00e9 \u2013 qui a d\u00e9roul\u00e9 au pas de charge le Griffon, le 102, l\u2019OMS, le point \u00e9coute adulte et la maison des femmes.<\/p>\n<p>Cadrage aussi quand <a href=\"https:\/\/www.lyonmag.com\/profil-personnalite-lyonnaise\/560\/valentin-lungenstrass\" target=\"_blank\" rel=\"noopener\">Valentin Lungenstrass<\/a> \u2013 adjoint \u00e0 la Mobilit\u00e9 \u2013 d\u00e9roulait dans les quelques minutes qui avaient d\u00fb lui \u00eatre accord\u00e9es \u2013 l\u2019int\u00e9gralit\u00e9 du r\u00e9seau Sytral ayant le malheur de passer aux alentours du 3e.<\/p>\n<p>(Petit) d\u00e9rapage quand le candidat \u00e0 la mairie Edouard Hoffmann s\u2019est procur\u00e9 par ruse le micro et s\u2019est lanc\u00e9 dans une longue plainte, reprochant \u00e0 Gr\u00e9gory Doucet de faire enlever trop vite les graffitis le mettant personnellement en cause et pas assez vite ceux visant la police. Hu\u00e9 par le public, il s\u2019est rassis en bougonnant.<\/p>\n<p>Mais au final, la partie la plus \u00e9tonnante de cette soir\u00e9e \u00e9tait de voir le maire se lancer avec \u00e9nergie et plus de s\u00e9rieux que d\u2019habitude dans un exercice d\u2019auto-accusation assez convaincant.<\/p>\n<p>Sans que personne ne lui reproche rien sur ce sujet, il a fustig\u00e9 sa propre incapacit\u00e9 \u00e0 mettre les migrants \u00e0 l\u2019abri, d\u00e9plorant le maintien des campements sauvages \u00e0 Jean Mac\u00e9 ou le long du cours du g\u00e9n\u00e9ral Giraud et martelant son \u00e9chec \u00e0 mettre fin au sans-abrisme malgr\u00e9 les 800 places d\u2019h\u00e9bergement ouvertes et les 2,5 millions d\u00e9pens\u00e9s pour une comp\u00e9tence qui appartient normalement \u00e0 l\u2019Etat. Comme sur le plateau de Quotidien il y a 18 mois, il a redit avec force son d\u00e9sespoir de savoir que parfois des enfants dorment dehors \u00e0 Lyon.<\/p>\n<p>Autre point \u00e0 front renvers\u00e9 : la volont\u00e9 farouche du maire de lutter contre les incivilit\u00e9s des cyclistes, se lan\u00e7ant dans une d\u00e9nonciation du non-respect par les deux-roues du code de la route et des dangers que cela faisait courir aux pi\u00e9tons, \u00e9rig\u00e9s en nouveaux citoyens mod\u00e8le couv\u00e9s comme le jeune moineau.<\/p>\n<p>Prenant son adjoint \u00e0 la S\u00e9curit\u00e9 \u00e0 t\u00e9moin, il a claironn\u00e9 sa joie d\u2019avoir multipli\u00e9 par 200 les amendes aux cyclistes qui br\u00fblent les feux rouges et son d\u00e9sir de poursuivre une politique de saisi des trottinettes qui d\u00e9passent les 25 km\/h. Pas de chiffre pour ce dernier point, mais on sent que les adeptes du d\u00e9bridement \u00e9lectrique vont bient\u00f4t atteindre dans la d\u00e9testation de Gr\u00e9gory Doucet, le di\u00e9s\u00e9liste.<\/p>\n<p>\u00c9videmment la question des travaux s\u2019est impos\u00e9e dans la discussion.<\/p>\n<p>Mais m\u00eame sur ce sujet o\u00f9 les reproches pleuvent (chantiers rendant inaccessible la rue et dangereux pour une personne malvoyante, travaux illisibles \u00e9ternellement recommenc\u00e9s puis abandonn\u00e9s par les ouvriers, etc) le maire a \u00e9t\u00e9 \u00e9tonnement modeste, en tout cas compar\u00e9 au Gr\u00e9gory Doucet du mois dernier, qui inaugurait une sorte de garage \u00e0 v\u00e9lo sous la Part-Dieu et assurant au micro \u00e0 cette occasion que \u00ab\u00a0l\u2019Europe et m\u00eame, osons le dire, le monde regardent ce que nous faisons \u00e0 Lyon\u00a0\u00bb.<\/p>\n<p>Sur les travaux, il a par exemple demand\u00e9 \u00e0 une interlocutrice ayant travaill\u00e9 dans le BTP de \u00ab\u00a0ne pas (l)\u2019entra\u00eener dans un d\u00e9bat d\u2019expert (qu&rsquo;il n&rsquo;est) pas. M\u00eame apr\u00e8s 5 ans \u00e0 la mairie je ne suis pas devenu un expert en travaux\u00a0\u00bb.<\/p>\n<p>Il \u00e9tait alors 20h47 et il \u00e9tait temps de passer \u00e0 un \u00ab\u00a0temps plus convivial\u00a0\u00bb.<\/p>\n<p>Suite le 10 juin pour le 5e arrondissement de Lyon.<\/p>\n<p><a href=\"https:\/\/x.com\/lemediapol\" target=\"_blank\">@lemediapol<\/a><\/p>\n","protected":false},"excerpt":{"rendered":"Et ce, en d\u00e9pit des efforts que le cabinet du maire de Lyon Gr\u00e9gory Doucet a d\u00fb faire&hellip;\n","protected":false},"author":2,"featured_media":153477,"comment_status":"","ping_status":"","sticky":false,"template":"","format":"standard","meta":{"footnotes":""},"categories":[1889],"tags":[1111,11,2813,2190,2430,1109,251,1112,2811,1777,674,118,1011,27,1922,1110,1114,2428,2810,12,241,316,25,2812,517,800],"class_list":{"0":"post-153476","1":"post","2":"type-post","3":"status-publish","4":"format-standard","5":"has-post-thumbnail","7":"category-lyon","8":"tag-actu","9":"tag-actualites","10":"tag-article","11":"tag-asvel","12":"tag-auvergne-rhone-alpes","13":"tag-breves","14":"tag-culture","15":"tag-depeches","16":"tag-economique","17":"tag-eu","18":"tag-europe","19":"tag-faits-divers","20":"tag-fr","21":"tag-france","22":"tag-info","23":"tag-informations","24":"tag-infos","25":"tag-lyon","26":"tag-lyonmag","27":"tag-news","28":"tag-ol","29":"tag-politique","30":"tag-republique-francaise","31":"tag-sociale","32":"tag-sport","33":"tag-transports"},"share_on_mastodon":{"url":"https:\/\/pubeurope.com\/@fr\/114629774066605827","error":""},"_links":{"self":[{"href":"https:\/\/www.europesays.com\/fr\/wp-json\/wp\/v2\/posts\/153476","targetHints":{"allow":["GET"]}}],"collection":[{"href":"https:\/\/www.europesays.com\/fr\/wp-json\/wp\/v2\/posts"}],"about":[{"href":"https:\/\/www.europesays.com\/fr\/wp-json\/wp\/v2\/types\/post"}],"author":[{"embeddable":true,"href":"https:\/\/www.europesays.com\/fr\/wp-json\/wp\/v2\/users\/2"}],"replies":[{"embeddable":true,"href":"https:\/\/www.europesays.com\/fr\/wp-json\/wp\/v2\/comments?post=153476"}],"version-history":[{"count":0,"href":"https:\/\/www.europesays.com\/fr\/wp-json\/wp\/v2\/posts\/153476\/revisions"}],"wp:featuredmedia":[{"embeddable":true,"href":"https:\/\/www.europesays.com\/fr\/wp-json\/wp\/v2\/media\/153477"}],"wp:attachment":[{"href":"https:\/\/www.europesays.com\/fr\/wp-json\/wp\/v2\/media?parent=153476"}],"wp:term":[{"taxonomy":"category","embeddable":true,"href":"https:\/\/www.europesays.com\/fr\/wp-json\/wp\/v2\/categories?post=153476"},{"taxonomy":"post_tag","embeddable":true,"href":"https:\/\/www.europesays.com\/fr\/wp-json\/wp\/v2\/tags?post=153476"}],"curies":[{"name":"wp","href":"https:\/\/api.w.org\/{rel}","templated":true}]}}