{"id":153492,"date":"2025-06-05T08:26:13","date_gmt":"2025-06-05T08:26:13","guid":{"rendered":"https:\/\/www.europesays.com\/fr\/153492\/"},"modified":"2025-06-05T08:26:13","modified_gmt":"2025-06-05T08:26:13","slug":"le-conflit-entre-les-houthis-et-israel-se-poursuit-malgre-laccord-de-treve-avec-les-etats-unis","status":"publish","type":"post","link":"https:\/\/www.europesays.com\/fr\/153492\/","title":{"rendered":"Le conflit entre les Houthis et Isra\u00ebl se poursuit malgr\u00e9 l&rsquo;accord de tr\u00eave avec les \u00c9tats-Unis"},"content":{"rendered":"<p><strong>Le groupe rebelle des Houthis a conclu un accord de tr\u00eave avec les \u00c9tats-Unis et obtenu la suspension des attaques mutuelles dans la r\u00e9gion de la mer Rouge.<\/strong> Cela n&rsquo;a toutefois pas abouti \u00e0 un cessez-le-feu global dans la r\u00e9gion et les tensions avec Isra\u00ebl persistent.<\/p>\n<p>Il s&rsquo;agit d&rsquo;un accord surprise n\u00e9goci\u00e9 par Oman et annonc\u00e9 le 6 mai dernier, alors que le cessez-le-feu dans la mer Rouge d\u00e9pendait de la suspension des frappes a\u00e9riennes am\u00e9ricaines dans les territoires contr\u00f4l\u00e9s par les Houthis au Y\u00e9men.<strong> Cela a mis fin \u00e0 une intense escalade qui durait depuis des mois entre les deux parties. <\/strong>Les Houthis ont accept\u00e9 la proposition am\u00e9ricaine et l&rsquo;ont consid\u00e9r\u00e9e comme une victoire politique pour le Y\u00e9men, tout en affirmant que cet accord ne s&rsquo;\u00e9tendait pas \u00e0 Isra\u00ebl et en soulignant l&rsquo;importance de leurs op\u00e9rations de soutien \u00e0 Gaza, mettant en avant les attaques men\u00e9es contre Isra\u00ebl depuis le territoire y\u00e9m\u00e9nite.<\/p>\n<p><strong>L&rsquo;attaque men\u00e9e \u00e0 l&rsquo;aide d&rsquo;un missile balistique contre l&rsquo;a\u00e9roport isra\u00e9lien de Ben Gourion a \u00e9t\u00e9 suivie d&rsquo;une s\u00e9rie de frappes a\u00e9riennes contre des installations vitales de la R\u00e9publique du Y\u00e9men, <\/strong>qui ont notamment touch\u00e9 l&rsquo;a\u00e9roport international de Sanaa le 28 mai, o\u00f9 se trouvait le seul avion en service dans tout l&rsquo;a\u00e9roport, ce qui a entra\u00een\u00e9 l&rsquo;annulation de tous les vols. Il s&rsquo;agit en outre d&rsquo;une escalade \u00e9troitement li\u00e9e \u00e0 la guerre de Gaza et \u00e0 d&rsquo;autres conflits.\u00a0<\/p>\n<p>Le calme actuel avec Washington permet aux Houthis de se r\u00e9organiser sur le plan g\u00e9opolitique et de d\u00e9finir leurs priorit\u00e9s en vue d&rsquo;un affrontement pr\u00e9visible avec Isra\u00ebl et de renforcer \u00ab l&rsquo;axe de la r\u00e9sistance \u00bb dirig\u00e9 par l&rsquo;Iran. Historiquement, les Houthis et l&rsquo;Iran ont toujours entretenu une relation strat\u00e9gique solide fond\u00e9e sur un soutien militaire, technique et logistique. Cette relation est \u00e9galement celle qu&rsquo;ils entretiennent avec le Hezbollah au Liban, ainsi qu&rsquo;avec les factions palestiniennes et leur action en Irak. <strong>Ce sont l\u00e0 les armes qui consolident la position de l&rsquo;Iran dans la r\u00e9gion du Moyen-Orient.<\/strong><\/p>\n<p><img decoding=\"async\" width=\"1200\" height=\"675\" alt=\"Combatientes hut\u00edes reci\u00e9n reclutados asisten a una manifestaci\u00f3n celebrada por manifestantes, principalmente partidarios hut\u00edes, para mostrar su apoyo al Hezbol\u00e1 del L\u00edbano y a los palestinos en la Franja de Gaza, en San\u00e1, Yemen, el 29 de noviembre de 2024 - REUTERS\/ KHALED ABDULLAH\" src=\"https:\/\/www.europesays.com\/fr\/wp-content\/uploads\/2025\/06\/2025011416232461042.jpg\" loading=\"lazy\"  \/><br \/>\nDes combattants houthis nouvellement recrut\u00e9s participent \u00e0 un rassemblement organis\u00e9 par des manifestants, principalement des partisans houthis, pour montrer leur soutien au Hezbollah libanais et aux Palestiniens de la bande de Gaza, \u00e0 Sanaa, au Y\u00e9men, le 29 novembre 2024 &#8211; REUTERS\/Khaled Abdullah<\/p>\n<p>L&rsquo;analyste politique y\u00e9m\u00e9nite Aziz Al-Ahmadi affirme que cette tr\u00eave a donn\u00e9 aux Houthis l&rsquo;occasion d&rsquo;agir sans la pression am\u00e9ricaine et leur a permis d&rsquo;\u00e9tendre leur champ d&rsquo;action. En outre, Al-Ahmadi sp\u00e9cule sur les accords indirects et tactiques entre Washington et T\u00e9h\u00e9ran et sur la reprise des n\u00e9gociations nucl\u00e9aires entre les deux nations. Cela pourrait \u00eatre l&rsquo;une des raisons qui expliquent l&rsquo;apaisement de l&rsquo;attitude am\u00e9ricaine, m\u00eame si la question isra\u00e9lienne n&rsquo;est pas incluse dans l&rsquo;argumentation.\u00a0<\/p>\n<p><strong>Les Houthis ont ainsi d\u00e9velopp\u00e9 leur armement et leur arsenal de combat,<\/strong> en particulier dans le domaine des missiles et des drones, et ont transform\u00e9 le Y\u00e9men en une base d&rsquo;op\u00e9rations de lancement face \u00e0 la dynamique r\u00e9gionale et contre Isra\u00ebl et les \u00c9tats-Unis.<\/p>\n<p><img decoding=\"async\" width=\"1200\" height=\"675\" alt=\"El MV Tutor, de propiedad griega, antes de hundirse debido a un ataque de los hut\u00edes - PHOTO\/ HOUTHI MEDIA CENTRE via REUTERS\" src=\"https:\/\/www.europesays.com\/fr\/wp-content\/uploads\/2025\/06\/2024062611272663095.jpg\" loading=\"lazy\"  \/><br \/>\nLe MV Tutor, navire grec, avant son naufrage suite \u00e0 une attaque des Houthis &#8211; PHOTO\/ HOUTHI MEDIA CENTRE via REUTERS<\/p>\n<p>Selon le sociologue Milad Rasam, les Houthis voient dans la guerre \u00e0 Gaza et en Isra\u00ebl une occasion id\u00e9ale pour d\u00e9velopper leur propagande et accro\u00eetre leur soutien populaire. Cependant, il ne faut pas oublier que le Y\u00e9men continue de traverser l&rsquo;une des pires crises humanitaires au monde et qu&rsquo;il est le pays le plus pauvre de la p\u00e9ninsule arabique, avec des millions de personnes touch\u00e9es et ayant besoin d&rsquo;aide. L&rsquo;appauvrissement du pays, l&rsquo;effondrement des infrastructures fondamentales, la diminution des services de base et la crise \u00e9conomique ont fait perdre au groupe sa l\u00e9gitimit\u00e9 interne et l&rsquo;ont pouss\u00e9 \u00e0 intensifier ses activit\u00e9s ext\u00e9rieures afin d&rsquo;attirer l&rsquo;opinion arabe et islamique et de r\u00e9affirmer le symbolisme politique que repr\u00e9sente la cause palestinienne, tout cela pour rester un acteur important dans l&rsquo;\u00e9quation r\u00e9gionale et assurer sa survie.<\/p>\n<p><strong>Le conflit avec Isra\u00ebl sert de moyen de propagande et de preuve de loyaut\u00e9 envers l&rsquo;Iran et l&rsquo;axe \u00e9tabli, face aux tentatives de contr\u00f4le des \u00c9tats-Unis. <\/strong>Rassam ajoute que les attaques rappellent \u00e9galement la capacit\u00e9 du groupe \u00e0 mener des attaques sophistiqu\u00e9es et complexes gr\u00e2ce au soutien iranien et aux technologies militaires russes et chinoises<\/p>\n<p><strong>La poursuite de la guerre \u00e0 Gaza et des attaques est li\u00e9e au conflit entre les Houthis et Isra\u00ebl, dans un contexte r\u00e9gional instable qui pourrait s&rsquo;\u00e9tendre \u00e0 grande \u00e9chelle.<\/strong> D&rsquo;o\u00f9 l&rsquo;importance des mouvements tactiques dans ce contexte tendu<\/p>\n","protected":false},"excerpt":{"rendered":"Le groupe rebelle des Houthis a conclu un accord de tr\u00eave avec les \u00c9tats-Unis et obtenu la suspension&hellip;\n","protected":false},"author":2,"featured_media":153493,"comment_status":"","ping_status":"","sticky":false,"template":"","format":"standard","meta":{"footnotes":""},"categories":[1589],"tags":[11,12621,8937,73,1866,664,1577,12,1864,1865,1863,308,3885],"class_list":{"0":"post-153492","1":"post","2":"type-post","3":"status-publish","4":"format-standard","5":"has-post-thumbnail","7":"category-etats-unis","8":"tag-actualites","9":"tag-eeuu","10":"tag-estados-unidos","11":"tag-etats-unis","12":"tag-etats-unis-damerique","13":"tag-israel","14":"tag-l","15":"tag-news","16":"tag-united-states","17":"tag-united-states-of-america","18":"tag-us","19":"tag-usa","20":"tag-yemen"},"share_on_mastodon":{"url":"https:\/\/pubeurope.com\/@fr\/114629809572629055","error":""},"_links":{"self":[{"href":"https:\/\/www.europesays.com\/fr\/wp-json\/wp\/v2\/posts\/153492","targetHints":{"allow":["GET"]}}],"collection":[{"href":"https:\/\/www.europesays.com\/fr\/wp-json\/wp\/v2\/posts"}],"about":[{"href":"https:\/\/www.europesays.com\/fr\/wp-json\/wp\/v2\/types\/post"}],"author":[{"embeddable":true,"href":"https:\/\/www.europesays.com\/fr\/wp-json\/wp\/v2\/users\/2"}],"replies":[{"embeddable":true,"href":"https:\/\/www.europesays.com\/fr\/wp-json\/wp\/v2\/comments?post=153492"}],"version-history":[{"count":0,"href":"https:\/\/www.europesays.com\/fr\/wp-json\/wp\/v2\/posts\/153492\/revisions"}],"wp:featuredmedia":[{"embeddable":true,"href":"https:\/\/www.europesays.com\/fr\/wp-json\/wp\/v2\/media\/153493"}],"wp:attachment":[{"href":"https:\/\/www.europesays.com\/fr\/wp-json\/wp\/v2\/media?parent=153492"}],"wp:term":[{"taxonomy":"category","embeddable":true,"href":"https:\/\/www.europesays.com\/fr\/wp-json\/wp\/v2\/categories?post=153492"},{"taxonomy":"post_tag","embeddable":true,"href":"https:\/\/www.europesays.com\/fr\/wp-json\/wp\/v2\/tags?post=153492"}],"curies":[{"name":"wp","href":"https:\/\/api.w.org\/{rel}","templated":true}]}}