{"id":153494,"date":"2025-06-05T08:27:25","date_gmt":"2025-06-05T08:27:25","guid":{"rendered":"https:\/\/www.europesays.com\/fr\/153494\/"},"modified":"2025-06-05T08:27:25","modified_gmt":"2025-06-05T08:27:25","slug":"les-britanniques-blancs-bientot-minoritaires-dans-leur-propre-pays","status":"publish","type":"post","link":"https:\/\/www.europesays.com\/fr\/153494\/","title":{"rendered":"les Britanniques blancs bient\u00f4t minoritaires dans leur propre pays"},"content":{"rendered":"<p>Un rapport r\u00e9cemment publi\u00e9 par le professeur Matt Goodwin, <a href=\"https:\/\/www.telegraph.co.uk\/news\/2025\/06\/03\/white-british-minority-in-40-years-report-claims\/\" target=\"_blank\" rel=\"noopener\">politologue \u00e0 l\u2019Universit\u00e9 de Buckingham, vient confirmer ce que certains dont breizh-info.com \u00e9voquent depuis des ann\u00e9es<\/a> : la transformation d\u00e9mographique radicale du Royaume-Uni est en marche, et elle s\u2019acc\u00e9l\u00e8re. D\u2019ici moins de 40 ans, les Britanniques blancs \u2014 d\u00e9finis comme les personnes d\u2019origine britannique sans parents immigr\u00e9s \u2014 deviendront minoritaires dans leur propre pays.<\/p>\n<p>Une chute vertigineuse de la population britannique \u00ab de souche \u00bb<\/p>\n<p>Selon les projections d\u00e9mographiques \u00e9tablies sur la base des donn\u00e9es de l\u2019Office national des statistiques et des recensements, la part des Britanniques blancs dans la population totale devrait passer de 73 % aujourd\u2019hui \u00e0 57 % d\u2019ici 2050. \u00c0 l\u2019horizon 2063, ils ne seraient plus majoritaires. Et \u00e0 la fin du si\u00e8cle, leur proportion pourrait tomber \u00e0\u00a0<strong>seulement 33,7 %<\/strong>, transformant d\u00e9finitivement le visage identitaire du pays.<\/p>\n<p>Matt Goodwin alerte : \u00ab La majorit\u00e9 des habitants du Royaume-Uni \u00e0 la fin du XXIe si\u00e8cle ne pourront plus retracer leurs racines dans ce pays au-del\u00e0 d\u2019une ou deux g\u00e9n\u00e9rations. \u00bb<\/p>\n<p>L\u2019explosion de la population immigr\u00e9e et musulmane<\/p>\n<p>La part des personnes n\u00e9es \u00e0 l\u2019\u00e9tranger ou issues de l\u2019immigration de deuxi\u00e8me g\u00e9n\u00e9ration devrait quant \u00e0 elle atteindre\u00a0<strong>33,5 % d\u00e8s 2050<\/strong>, puis grimper \u00e0 60 % d\u2019ici 2100.<\/p>\n<p>Le rapport pr\u00e9voit \u00e9galement\u00a0<strong>un triplement de la population musulmane<\/strong>, qui pourrait repr\u00e9senter pr\u00e8s d\u2019un cinqui\u00e8me de la population britannique \u00e0 l\u2019horizon 2100. En cause : un taux de f\u00e9condit\u00e9 nettement sup\u00e9rieur (2,35 enfants par femme musulmane contre 1,54 chez les non-musulmanes), combin\u00e9 \u00e0 une immigration constante.<\/p>\n<p>Ces chiffres traduisent un bouleversement in\u00e9dit de la structure ethnique et culturelle du Royaume-Uni, qui ne va pas sans susciter une inqui\u00e9tude profonde chez une partie de la population. Goodwin anticipe \u00ab une mont\u00e9e de l\u2019anxi\u00e9t\u00e9, de l\u2019opposition politique et du rejet \u00bb face \u00e0 ce qu\u2019il qualifie de transformation \u00ab historiquement sans pr\u00e9c\u00e9dent \u00bb.<\/p>\n<p>L\u2019universitaire \u00e9voque le risque d\u2019un effondrement du sentiment d\u2019unit\u00e9 nationale : \u00ab Comment b\u00e2tir une identit\u00e9 commune, des valeurs partag\u00e9es, une culture nationale stable, quand une majorit\u00e9 de citoyens n\u2019aura bient\u00f4t plus de lien historique avec la nation ? \u00bb Il cite \u00e9galement une formule de Keir Starmer, Premier ministre travailliste, qui \u00e9voquait r\u00e9cemment le risque de devenir \u00ab une \u00eele d\u2019\u00e9trangers \u00bb.<\/p>\n<p>Fronti\u00e8res d\u00e9bord\u00e9es : les travers\u00e9es de la Manche explosent<\/p>\n<p>Cette mutation d\u00e9mographique est directement aliment\u00e9e par une immigration massive, que les gouvernements britanniques successifs semblent incapables de contr\u00f4ler. Le week-end dernier,\u00a0<strong>plus de 1 200 migrants ont travers\u00e9 la Manche en une seule journ\u00e9e<\/strong>, un nouveau record pour l\u2019ann\u00e9e 2025. Les services de secours ont \u00e9t\u00e9 d\u00e9bord\u00e9s, contraints de r\u00e9quisitionner des bateaux de p\u00eache pour faire face \u00e0 l\u2019afflux.<\/p>\n<p>Malgr\u00e9 un accord sign\u00e9 avec la France pr\u00e9voyant 480 millions de livres sur trois ans pour renforcer la surveillance des c\u00f4tes, les travers\u00e9es ne faiblissent pas. \u00c0 Gravelines, des policiers fran\u00e7ais ont m\u00eame \u00e9t\u00e9 film\u00e9s observant passivement des migrants monter dans des canots pneumatiques.<\/p>\n<p>L\u2019opposition d\u00e9nonce l\u2019inefficacit\u00e9 du gouvernement : \u00ab C\u2019est un jour de honte \u00bb, a d\u00e9clar\u00e9 Chris Philp, porte-parole \u00e0 l\u2019int\u00e9rieur du cabinet fant\u00f4me. Richard Tice, d\u00e9put\u00e9 de Reform UK, ironise : \u00ab Nous payons les policiers fran\u00e7ais pour qu\u2019ils fassent de la photographie. \u00bb<\/p>\n<p>La bombe migratoire : une r\u00e9alit\u00e9 ni\u00e9e, un avenir incertain<\/p>\n<p>Malgr\u00e9 la baisse r\u00e9cente des arriv\u00e9es d\u2019\u00e9tudiants \u00e9trangers et de certains travailleurs non-europ\u00e9ens, l\u2019immigration nette reste \u00e0 des niveaux historiques :\u00a0<strong>431 000 personnes en 2024<\/strong>, apr\u00e8s un pic de 860 000 l\u2019ann\u00e9e pr\u00e9c\u00e9dente. L\u2019\u00e9migration, elle, augmente mais ne compense en rien les flux entrants.<\/p>\n<p>Le constat est brutal : le Royaume-Uni n\u2019a plus la ma\u00eetrise de ses fronti\u00e8res ni de son avenir d\u00e9mographique. Une r\u00e9volution silencieuse est en cours, \u00e0 bas bruit, aliment\u00e9e par les politiques successives et l\u2019aveuglement id\u00e9ologique de nombreux responsables. La question, d\u00e9sormais, n\u2019est plus de savoir\u00a0<strong>si<\/strong>\u00a0cette mutation aura lieu \u2014 mais comment un peuple devenu minoritaire pourra encore faire entendre sa voix dans une nation qu\u2019il ne reconna\u00eetra peut-\u00eatre plus.<\/p>\n<p>Cr\u00e9dit photo : DR<br \/>[cc] Breizh-info.com, 2025, d\u00e9p\u00eaches libres de copie et de diffusion sous r\u00e9serve de mention et de lien vers la source d\u2019origine<\/p>\n","protected":false},"excerpt":{"rendered":"Un rapport r\u00e9cemment publi\u00e9 par le professeur Matt Goodwin, politologue \u00e0 l\u2019Universit\u00e9 de Buckingham, vient confirmer ce que&hellip;\n","protected":false},"author":2,"featured_media":153495,"comment_status":"","ping_status":"","sticky":false,"template":"","format":"standard","meta":{"footnotes":""},"categories":[1588],"tags":[11,28327,1777,674,28328,12,473,1853,1851,1850,1852],"class_list":{"0":"post-153494","1":"post","2":"type-post","3":"status-publish","4":"format-standard","5":"has-post-thumbnail","7":"category-royaume-uni","8":"tag-actualites","9":"tag-blancs","10":"tag-eu","11":"tag-europe","12":"tag-minorite","13":"tag-news","14":"tag-royaume-uni","15":"tag-royaume-uni-de-grande-bretagne-et-dirlande-du-nord","16":"tag-uk","17":"tag-united-kingdom","18":"tag-united-kingdom-of-great-britain-and-northern-ireland"},"share_on_mastodon":{"url":"https:\/\/pubeurope.com\/@fr\/114629813533404958","error":""},"_links":{"self":[{"href":"https:\/\/www.europesays.com\/fr\/wp-json\/wp\/v2\/posts\/153494","targetHints":{"allow":["GET"]}}],"collection":[{"href":"https:\/\/www.europesays.com\/fr\/wp-json\/wp\/v2\/posts"}],"about":[{"href":"https:\/\/www.europesays.com\/fr\/wp-json\/wp\/v2\/types\/post"}],"author":[{"embeddable":true,"href":"https:\/\/www.europesays.com\/fr\/wp-json\/wp\/v2\/users\/2"}],"replies":[{"embeddable":true,"href":"https:\/\/www.europesays.com\/fr\/wp-json\/wp\/v2\/comments?post=153494"}],"version-history":[{"count":0,"href":"https:\/\/www.europesays.com\/fr\/wp-json\/wp\/v2\/posts\/153494\/revisions"}],"wp:featuredmedia":[{"embeddable":true,"href":"https:\/\/www.europesays.com\/fr\/wp-json\/wp\/v2\/media\/153495"}],"wp:attachment":[{"href":"https:\/\/www.europesays.com\/fr\/wp-json\/wp\/v2\/media?parent=153494"}],"wp:term":[{"taxonomy":"category","embeddable":true,"href":"https:\/\/www.europesays.com\/fr\/wp-json\/wp\/v2\/categories?post=153494"},{"taxonomy":"post_tag","embeddable":true,"href":"https:\/\/www.europesays.com\/fr\/wp-json\/wp\/v2\/tags?post=153494"}],"curies":[{"name":"wp","href":"https:\/\/api.w.org\/{rel}","templated":true}]}}