{"id":153496,"date":"2025-06-05T08:28:09","date_gmt":"2025-06-05T08:28:09","guid":{"rendered":"https:\/\/www.europesays.com\/fr\/153496\/"},"modified":"2025-06-05T08:28:09","modified_gmt":"2025-06-05T08:28:09","slug":"lallemagne-va-avoir-besoin-de-50-000-a-60-000-soldats-supplementaires","status":"publish","type":"post","link":"https:\/\/www.europesays.com\/fr\/153496\/","title":{"rendered":"L\u2019Allemagne va avoir besoin de \u00ab\u00a050\u00a0000\u00a0\u00e0 60\u00a0000\u00a0\u00bb soldats suppl\u00e9mentaires"},"content":{"rendered":"<p>\u00ab Nous supposons, mais ce n\u2019est qu\u2019une estimation approximative, que nous avons besoin d\u2019environ 50 000 \u00e0 60 000 soldats de plus dans les forces arm\u00e9es \u00bb pour r\u00e9pondre aux nouvelles capacit\u00e9s de d\u00e9fense r\u00e9clam\u00e9es par l\u2019Otan, a-t-il d\u00e9clar\u00e9 devant la presse, peu avant une r\u00e9union des ministres de la D\u00e9fense de l\u2019Alliance.<\/p>\n<p>Le secr\u00e9taire g\u00e9n\u00e9ral de l\u2019Otan, Mark Rutte, a propos\u00e9 que les 32 pays de l\u2019Alliance consacrent 5 % de leur produit int\u00e9rieur brut (PIB) \u00e0 leur d\u00e9fense, dont 3,5 % \u00e0 des d\u00e9penses exclusivement militaires.<\/p>\n<p>Un effort de quelque 150 milliards d\u2019euros<\/p>\n<p>Atteindre cet objectif repr\u00e9sente pour l\u2019Allemagne, premi\u00e8re \u00e9conomie europ\u00e9enne, un effort budg\u00e9taire suppl\u00e9mentaire de quelque 150 milliards d\u2019euros, a encore expliqu\u00e9 Pistorius.<\/p>\n<p>En 2024, la Bundeswehr comptait plus de 180 000 soldats avec l\u2019objectif de d\u00e9passer les 203 000 d\u2019ici 2031. Mais elle peine \u00e0 recruter en d\u00e9pit d\u2019une ambitieuse campagne publicitaire.<\/p>\n<p>Pistorius veut faire adopter rapidement une r\u00e9forme visant \u00e0 recenser les jeunes hommes \u00e0 leurs 18 ans, pour identifier des candidats potentiels au service militaire.<\/p>\n<p>Il mise \u00ab dans un premier temps sur la participation volontaire \u00bb, a-t-il dit, sans exclure des \u00e9l\u00e9ments contraignants faute de candidats suffisants.<\/p>\n","protected":false},"excerpt":{"rendered":"\u00ab Nous supposons, mais ce n\u2019est qu\u2019une estimation approximative, que nous avons besoin d\u2019environ 50 000 \u00e0 60&hellip;\n","protected":false},"author":2,"featured_media":153497,"comment_status":"","ping_status":"","sticky":false,"template":"","format":"standard","meta":{"footnotes":""},"categories":[1587],"tags":[11,672,1804,1805,1803,765,1777,674,1801,74,12,1802,656],"class_list":{"0":"post-153496","1":"post","2":"type-post","3":"status-publish","4":"format-standard","5":"has-post-thumbnail","7":"category-allemagne","8":"tag-actualites","9":"tag-allemagne","10":"tag-bundesrepublik-deutschland","11":"tag-de","12":"tag-deutschland","13":"tag-en-continu","14":"tag-eu","15":"tag-europe","16":"tag-germany","17":"tag-monde","18":"tag-news","19":"tag-republique-federale-dallemagne","20":"tag-securite"},"share_on_mastodon":{"url":"https:\/\/pubeurope.com\/@fr\/114629817395547222","error":""},"_links":{"self":[{"href":"https:\/\/www.europesays.com\/fr\/wp-json\/wp\/v2\/posts\/153496","targetHints":{"allow":["GET"]}}],"collection":[{"href":"https:\/\/www.europesays.com\/fr\/wp-json\/wp\/v2\/posts"}],"about":[{"href":"https:\/\/www.europesays.com\/fr\/wp-json\/wp\/v2\/types\/post"}],"author":[{"embeddable":true,"href":"https:\/\/www.europesays.com\/fr\/wp-json\/wp\/v2\/users\/2"}],"replies":[{"embeddable":true,"href":"https:\/\/www.europesays.com\/fr\/wp-json\/wp\/v2\/comments?post=153496"}],"version-history":[{"count":0,"href":"https:\/\/www.europesays.com\/fr\/wp-json\/wp\/v2\/posts\/153496\/revisions"}],"wp:featuredmedia":[{"embeddable":true,"href":"https:\/\/www.europesays.com\/fr\/wp-json\/wp\/v2\/media\/153497"}],"wp:attachment":[{"href":"https:\/\/www.europesays.com\/fr\/wp-json\/wp\/v2\/media?parent=153496"}],"wp:term":[{"taxonomy":"category","embeddable":true,"href":"https:\/\/www.europesays.com\/fr\/wp-json\/wp\/v2\/categories?post=153496"},{"taxonomy":"post_tag","embeddable":true,"href":"https:\/\/www.europesays.com\/fr\/wp-json\/wp\/v2\/tags?post=153496"}],"curies":[{"name":"wp","href":"https:\/\/api.w.org\/{rel}","templated":true}]}}