{"id":15350,"date":"2025-04-10T16:03:11","date_gmt":"2025-04-10T16:03:11","guid":{"rendered":"https:\/\/www.europesays.com\/fr\/15350\/"},"modified":"2025-04-10T16:03:11","modified_gmt":"2025-04-10T16:03:11","slug":"idees-de-sorties-pour-les-vacances-de-paques-5-parcs-gratuits-en-ile-de-france-pour-flaner-et-jouer","status":"publish","type":"post","link":"https:\/\/www.europesays.com\/fr\/15350\/","title":{"rendered":"Id\u00e9es de sorties pour les vacances de P\u00e2ques\u00a0: 5 parcs gratuits en \u00cele-de-France pour fl\u00e2ner et jouer"},"content":{"rendered":"<p class=\"paragraph text_align_left\">C\u2019est le plus grand de notre s\u00e9lection. Le parc Georges-Valbon, appel\u00e9 aussi <a href=\"https:\/\/www.leparisien.fr\/seine-saint-denis-93\/sur-les-traces-des-crapauds-calamites-qui-ont-survecu-a-lepreuve-des-jo-au-parc-de-la-courneuve-28-03-2025-FTJUNMQAMVBFLIAYLDYTBN3ALQ.php\" target=\"_blank\" rel=\"nofollow noopener\">parc de La Courneuve (Seine-Saint-Denis)<\/a>, s\u2019\u00e9tend sur 410 ha magnifiquement ordonn\u00e9s, entre vallons, lacs, prairies, cascades et roseraie pas encore en fleur. Plus de 140 esp\u00e8ces d\u2019oiseaux ont \u00e9t\u00e9 r\u00e9pertori\u00e9es dans cette diversit\u00e9 de milieux naturels.<\/p>\n<p class=\"paragraph text_align_left\">C\u2019est aussi un parc id\u00e9al pour les enfants, avec de grandes aires de jeux. Huit parcours d\u2019orientation, des pistes cyclables, des chemins de petite et grande randonn\u00e9e, trois aires de fitness \u00e9quip\u00e9es de v\u00e9los fixes et d\u2019appareils de musculation permettent de partager du temps en famille.<\/p>\n","protected":false},"excerpt":{"rendered":"C\u2019est le plus grand de notre s\u00e9lection. Le parc Georges-Valbon, appel\u00e9 aussi parc de La Courneuve (Seine-Saint-Denis), s\u2019\u00e9tend&hellip;\n","protected":false},"author":2,"featured_media":15351,"comment_status":"","ping_status":"","sticky":false,"template":"","format":"standard","meta":{"footnotes":""},"categories":[1592],"tags":[1111,11,872,1777,674,1011,27,662,12,626,25,6047],"class_list":{"0":"post-15350","1":"post","2":"type-post","3":"status-publish","4":"format-standard","5":"has-post-thumbnail","7":"category-ile-de-france","8":"tag-actu","9":"tag-actualites","10":"tag-culture-et-loisirs","11":"tag-eu","12":"tag-europe","13":"tag-fr","14":"tag-france","15":"tag-ile-de-france","16":"tag-news","17":"tag-paris","18":"tag-republique-francaise","19":"tag-sortir-en-region-parisienne"},"share_on_mastodon":{"url":"https:\/\/pubeurope.com\/@fr\/114314517208066860","error":""},"_links":{"self":[{"href":"https:\/\/www.europesays.com\/fr\/wp-json\/wp\/v2\/posts\/15350","targetHints":{"allow":["GET"]}}],"collection":[{"href":"https:\/\/www.europesays.com\/fr\/wp-json\/wp\/v2\/posts"}],"about":[{"href":"https:\/\/www.europesays.com\/fr\/wp-json\/wp\/v2\/types\/post"}],"author":[{"embeddable":true,"href":"https:\/\/www.europesays.com\/fr\/wp-json\/wp\/v2\/users\/2"}],"replies":[{"embeddable":true,"href":"https:\/\/www.europesays.com\/fr\/wp-json\/wp\/v2\/comments?post=15350"}],"version-history":[{"count":0,"href":"https:\/\/www.europesays.com\/fr\/wp-json\/wp\/v2\/posts\/15350\/revisions"}],"wp:featuredmedia":[{"embeddable":true,"href":"https:\/\/www.europesays.com\/fr\/wp-json\/wp\/v2\/media\/15351"}],"wp:attachment":[{"href":"https:\/\/www.europesays.com\/fr\/wp-json\/wp\/v2\/media?parent=15350"}],"wp:term":[{"taxonomy":"category","embeddable":true,"href":"https:\/\/www.europesays.com\/fr\/wp-json\/wp\/v2\/categories?post=15350"},{"taxonomy":"post_tag","embeddable":true,"href":"https:\/\/www.europesays.com\/fr\/wp-json\/wp\/v2\/tags?post=15350"}],"curies":[{"name":"wp","href":"https:\/\/api.w.org\/{rel}","templated":true}]}}