{"id":153500,"date":"2025-06-05T08:30:08","date_gmt":"2025-06-05T08:30:08","guid":{"rendered":"https:\/\/www.europesays.com\/fr\/153500\/"},"modified":"2025-06-05T08:30:08","modified_gmt":"2025-06-05T08:30:08","slug":"les-pays-africains-qui-essuient-le-plus-de-refus-de-visas-schengen","status":"publish","type":"post","link":"https:\/\/www.europesays.com\/fr\/153500\/","title":{"rendered":"les pays africains qui essuient le plus de refus de visas Schengen"},"content":{"rendered":"\n<p>\u201cPour de nombreux Africains qui r\u00eavent de se rendre en Europe pour y faire du tourisme, assister \u00e0 des conf\u00e9rences, suivre des \u00e9tudes ou retrouver leur famille, l\u2019obtention d\u2019un visa Schengen devient un combat de plus en plus difficile, <a class=\"ithalc\" data-ithal=\"lien_externe\" data-ithalc=\"[nav_article]\" target=\"_blank\" href=\"https:\/\/www.africanews.com\/2025\/05\/26\/visa-denied-african-travellers-hit-hard-by-soaring-schengen-rejections\/\" rel=\"nofollow noopener\">constate <strong>Africanews<\/strong><\/a>. Les derni\u00e8res donn\u00e9es de la Commission europ\u00e9enne r\u00e9v\u00e8lent une r\u00e9alit\u00e9 troublante\u00a0: les demandeurs africains essuient un des taux de refus de visa Schengen parmi les plus \u00e9lev\u00e9s au monde.\u201d<\/p>\n<p>Le m\u00e9dia s\u2019appuie sur les donn\u00e9es officielles pour 2024 publi\u00e9es le 20\u00a0mai <a class=\"ithalc\" data-ithal=\"lien_externe\" data-ithalc=\"[nav_article]\" target=\"_blank\" href=\"https:\/\/home-affairs.ec.europa.eu\/news\/visa-applications-reach-117-million-eu-and-schengen-associated-countries-2025-05-20_en\" rel=\"nofollow noopener\">sur le site de la Commission europ\u00e9enne<\/a>. En t\u00eate de ce classement, <a class=\"ithalc\" data-ithal=\"lien_externe\" data-ithalc=\"[nav_article]\" target=\"_blank\" href=\"https:\/\/www.tunisienumerique.com\/refus-massifs-de-visas-schengen-des-pays-africains-en-tete-des-taux-de-rejet-en-2024\/\" rel=\"nofollow noopener\">note le site <strong>Tunisie num\u00e9rique<\/strong><\/a><strong>,<\/strong> se trouvent les Comores, qui affichent un taux de refus de 62,8\u00a0%. Viennent ensuite la Guin\u00e9e-Bissau avec 47\u00a0%, le S\u00e9n\u00e9gal avec 46,8\u00a0%, le Nigeria avec 45,9\u00a0% et le Ghana avec 45,5\u00a0%.<\/p>\n<p>Des taux de refus \u201cdisproportionn\u00e9s\u201d qui plongent \u201cles voyageurs africains dans une grande incertitude\u201d, <a class=\"ithalc\" data-ithal=\"lien_externe\" data-ithalc=\"[nav_article]\" target=\"_blank\" href=\"https:\/\/fr.africanews.com\/2025\/05\/26\/visa-schengen-les-pays-africains-confrontes-aux-plus-hauts-taux-de-refus\/\" rel=\"nofollow noopener\">estime Africanews<\/a>. Une entrave qui restreint \u00e0 la fois les voyages et les opportunit\u00e9s \u00e9conomiques des ressortissants africains, sans compter la perte financi\u00e8re que repr\u00e9sentent les frais de dossier non remboursables.<\/p>\n<p>\u201cMoult visas refus\u00e9s et toute une manne encaiss\u00e9e\u201d, <a class=\"ithalc\" data-ithal=\"lien_externe\" data-ithalc=\"[nav_article]\" target=\"_blank\" href=\"https:\/\/www.libe.ma\/Moult-visas-refuses-et-toute-une-manne-encaissee_a153914.html\" rel=\"nofollow noopener\">titre le quotidien d\u2019informations marocain <strong>Lib\u00e9ration<\/strong><\/a><strong>.<\/strong> Selon une ana<\/p>\n","protected":false},"excerpt":{"rendered":"\u201cPour de nombreux Africains qui r\u00eavent de se rendre en Europe pour y faire du tourisme, assister \u00e0&hellip;\n","protected":false},"author":2,"featured_media":153501,"comment_status":"","ping_status":"","sticky":false,"template":"","format":"standard","meta":{"footnotes":""},"categories":[1586],"tags":[11,879,12374,5124,1777,674,1779,1011,27,1892,28329,2223,19865,12,25,1857,17661,1778,364],"class_list":{"0":"post-153500","1":"post","2":"type-post","3":"status-publish","4":"format-standard","5":"has-post-thumbnail","7":"category-europe","8":"tag-actualites","9":"tag-afrique","10":"tag-comores","11":"tag-espace-schengen","12":"tag-eu","13":"tag-europe","14":"tag-european-union","15":"tag-fr","16":"tag-france","17":"tag-gu00e9opolitique","18":"tag-guinu00e9e-bissau","19":"tag-maroc","20":"tag-migrants-et-flux-migratoires","21":"tag-news","22":"tag-republique-francaise","23":"tag-sociu00e9tu00e9","24":"tag-su00e9nu00e9gal","25":"tag-ue","26":"tag-union-europeenne"},"share_on_mastodon":{"url":"https:\/\/pubeurope.com\/@fr\/114629825239404664","error":""},"_links":{"self":[{"href":"https:\/\/www.europesays.com\/fr\/wp-json\/wp\/v2\/posts\/153500","targetHints":{"allow":["GET"]}}],"collection":[{"href":"https:\/\/www.europesays.com\/fr\/wp-json\/wp\/v2\/posts"}],"about":[{"href":"https:\/\/www.europesays.com\/fr\/wp-json\/wp\/v2\/types\/post"}],"author":[{"embeddable":true,"href":"https:\/\/www.europesays.com\/fr\/wp-json\/wp\/v2\/users\/2"}],"replies":[{"embeddable":true,"href":"https:\/\/www.europesays.com\/fr\/wp-json\/wp\/v2\/comments?post=153500"}],"version-history":[{"count":0,"href":"https:\/\/www.europesays.com\/fr\/wp-json\/wp\/v2\/posts\/153500\/revisions"}],"wp:featuredmedia":[{"embeddable":true,"href":"https:\/\/www.europesays.com\/fr\/wp-json\/wp\/v2\/media\/153501"}],"wp:attachment":[{"href":"https:\/\/www.europesays.com\/fr\/wp-json\/wp\/v2\/media?parent=153500"}],"wp:term":[{"taxonomy":"category","embeddable":true,"href":"https:\/\/www.europesays.com\/fr\/wp-json\/wp\/v2\/categories?post=153500"},{"taxonomy":"post_tag","embeddable":true,"href":"https:\/\/www.europesays.com\/fr\/wp-json\/wp\/v2\/tags?post=153500"}],"curies":[{"name":"wp","href":"https:\/\/api.w.org\/{rel}","templated":true}]}}