{"id":153510,"date":"2025-06-05T08:35:11","date_gmt":"2025-06-05T08:35:11","guid":{"rendered":"https:\/\/www.europesays.com\/fr\/153510\/"},"modified":"2025-06-05T08:35:11","modified_gmt":"2025-06-05T08:35:11","slug":"volley-ball-spikeligue-le-capitaine-de-lequipe-despagne-signe-aux-centurions-narbonne","status":"publish","type":"post","link":"https:\/\/www.europesays.com\/fr\/153510\/","title":{"rendered":"Volley-ball \u2013 SpikeLigue\u00a0: le capitaine de l\u2019\u00e9quipe d\u2019Espagne signe aux Centurions Narbonne"},"content":{"rendered":"<p>\n                                                                Il s\u2019agit d\u2019un retour puisque le central Miguel Angel Forn\u00e9s avait d\u00e9j\u00e0 \u00e9volu\u00e9 sur les bords de la Robine en 2015-2016. Il signe deux ans.\n                            <\/p>\n<p>Miguel Angel Forn\u00e9s, 31 ans, sera le nouveau central des Centurions Narbonne la saison prochaine. Enfin nouveau\u2026 Pas vraiment. Puisque le capitaine de l\u2019\u00e9quipe d\u2019Espagne avait d\u00e9j\u00e0 fait un s\u00e9jour dans l\u2019Aude en 2015-2016. Pas forc\u00e9ment un excellent souvenir d\u2019ailleurs\u00a0puisque Narbonne avait termin\u00e9 13e et avant-dernier du championnat\u2026<\/p>\n<p>Le central de 2\u00a0m 02 n\u2019\u00e9tait donc rest\u00e9 qu\u2019une saison dans les rangs des Centurions. En 2016, il avait sign\u00e9 en Belgique \u00e0\u00a0Roeselare avant de s\u2019exiler \u00e0 Teruel en Espagne, et de revenir en France \u00e0 Tourcoing en 2019-2020 pour ensuite se poser \u00e0 Almeria\u00a0en Espagne puis \u00e0 Maaseik en Belgique.<\/p>\n<p>\u00ab\u00a0Miguel Angel Forn\u00e9s, c\u2019est un bon souvenir pour nous\u00a0\u00bb, se r\u00e9jouit le manager g\u00e9n\u00e9ral des Centurions Michel Mandrou. \u00ab\u00a0On l\u2019a revu il y a cinq\u00a0ans lorsqu\u2019il a rejoint Tourcoing. Il avait r\u00e9alis\u00e9 une saison int\u00e9ressante. Il s\u2019agit d\u2019un \u00e9l\u00e9ment d\u2019exp\u00e9rience, c\u2019est le capitaine de l\u2019\u00e9quipe d\u2019Espagne, un leader de vestiaire. Il a disput\u00e9 la Ligue des Champions durant quatre ans.\u00a0\u00bb<\/p>\n<p>Il est bon partout<\/p>\n<p>Ressemble-t-il sur le parquet \u00e0 celui qu\u2019il va remplacer \u00e0 Narbonne, Twan Wiltenburg\u00a0? \u00ab\u00a0Ils ont des qualit\u00e9s diff\u00e9rentes. Miguel Angel Forn\u00e9s est un joueur assez complet, capable de bien servir, d\u2019\u00eatre bon au bloc-attaque, c\u2019est un joueur complet tr\u00e8s stable. Il n\u2019est pas g\u00e9nial dans tel ou tel secteur, il est bon partout\u00a0\u00bb, r\u00e9pond Michel Mandrou.<\/p>\n<p>Au bloc, il \u00e9voluera aux c\u00f4t\u00e9s notamment du Fran\u00e7ais Ibrahim Tour\u00e9.<\/p>\n<p>Pour rappel, les Centurions Narbonne ont d\u00e9j\u00e0 enregistr\u00e9 les arriv\u00e9es du r\u00e9ceptionneur-attaquant\u00a0V\u00e9n\u00e9zu\u00e9lien\u00a0de 30 ans Willner Rivas (1\u00a0m 94), du r\u00e9ceptionneur-attaquant fran\u00e7ais de 28 ans Thibaut Thoral (1\u00a0m 93), du pointu autrichien\u00a0Michael Czerwinski (2\u00a0m 07, 21 ans) et du passeur estonien Robert Viiber, \u00e2g\u00e9 de 28 ans.\u00a0\u00c0 noter que le 26\u00a0f\u00e9vrier 2025, lindependant.fr avait annonc\u00e9 la signature du libero en provenance de S\u00e8te, Enzo Lopez (18 ans, 1\u00a0m 78).<\/p>\n","protected":false},"excerpt":{"rendered":"Il s\u2019agit d\u2019un retour puisque le central Miguel Angel Forn\u00e9s avait d\u00e9j\u00e0 \u00e9volu\u00e9 sur les bords de la&hellip;\n","protected":false},"author":2,"featured_media":153511,"comment_status":"","ping_status":"","sticky":false,"template":"","format":"standard","meta":{"footnotes":""},"categories":[1417],"tags":[1011,27,60,1470,1469],"class_list":{"0":"post-153510","1":"post","2":"type-post","3":"status-publish","4":"format-standard","5":"has-post-thumbnail","7":"category-volley","8":"tag-fr","9":"tag-france","10":"tag-sports","11":"tag-volley","12":"tag-volleyball"},"share_on_mastodon":{"url":"https:\/\/pubeurope.com\/@fr\/114629844890482757","error":""},"_links":{"self":[{"href":"https:\/\/www.europesays.com\/fr\/wp-json\/wp\/v2\/posts\/153510","targetHints":{"allow":["GET"]}}],"collection":[{"href":"https:\/\/www.europesays.com\/fr\/wp-json\/wp\/v2\/posts"}],"about":[{"href":"https:\/\/www.europesays.com\/fr\/wp-json\/wp\/v2\/types\/post"}],"author":[{"embeddable":true,"href":"https:\/\/www.europesays.com\/fr\/wp-json\/wp\/v2\/users\/2"}],"replies":[{"embeddable":true,"href":"https:\/\/www.europesays.com\/fr\/wp-json\/wp\/v2\/comments?post=153510"}],"version-history":[{"count":0,"href":"https:\/\/www.europesays.com\/fr\/wp-json\/wp\/v2\/posts\/153510\/revisions"}],"wp:featuredmedia":[{"embeddable":true,"href":"https:\/\/www.europesays.com\/fr\/wp-json\/wp\/v2\/media\/153511"}],"wp:attachment":[{"href":"https:\/\/www.europesays.com\/fr\/wp-json\/wp\/v2\/media?parent=153510"}],"wp:term":[{"taxonomy":"category","embeddable":true,"href":"https:\/\/www.europesays.com\/fr\/wp-json\/wp\/v2\/categories?post=153510"},{"taxonomy":"post_tag","embeddable":true,"href":"https:\/\/www.europesays.com\/fr\/wp-json\/wp\/v2\/tags?post=153510"}],"curies":[{"name":"wp","href":"https:\/\/api.w.org\/{rel}","templated":true}]}}