{"id":153514,"date":"2025-06-05T08:37:09","date_gmt":"2025-06-05T08:37:09","guid":{"rendered":"https:\/\/www.europesays.com\/fr\/153514\/"},"modified":"2025-06-05T08:37:09","modified_gmt":"2025-06-05T08:37:09","slug":"ruffin-demande-une-pause-pour-suivre-la-demi-finale-de-la-francaise-lois-boisson-a-roland-garros","status":"publish","type":"post","link":"https:\/\/www.europesays.com\/fr\/153514\/","title":{"rendered":"Ruffin demande une \u00abpause\u00bb pour suivre la demi-finale de la fran\u00e7aise Lo\u00efs Boisson \u00e0 Roland-Garros"},"content":{"rendered":"<p>\u00c0 la veille d\u2019un d\u00e9bat voulu par les communistes sur la r\u00e9forme des retraites \u00e0 l\u2019Assembl\u00e9e, le d\u00e9put\u00e9 \u00e9cologiste a souhait\u00e9 une interruption de s\u00e9ance ce jeudi, en fin d\u2019apr\u00e8s-midi, pour \u00ab\u00e9viter la tentation du \u201cstreaming\u201d sur l\u2019ordinateur\u00bb dans l\u2019H\u00e9micycle.<\/p>\n<p class=\"fig-paragraph\">Tous derri\u00e8re Lo\u00efs Boisson\u00a0! Apr\u00e8s un nouvel exploit, la joueuse fran\u00e7aise de tennis s\u2019est qualifi\u00e9e ce mercredi pour les demi-finales du tournoi de Roland-Garros en battant son adversaire russe Mirra Andreeva. Elle retrouvera demain apr\u00e8s-midi les courts de la porte d\u2019Auteuil pour y affronter la num\u00e9ro 2 mondiale, l\u2019Am\u00e9ricaine Coco Gauff, dans l\u2019espoir de d\u00e9crocher sa place pour la finale, pr\u00e9vue samedi. Nul doute que cette confrontation suscitera l\u2019int\u00e9r\u00eat de nombreux Fran\u00e7ais&#8230; et m\u00eame de certaines\u00a0<a href=\"http:\/\/www.lefigaro.fr\/politique\/l-assemblee-nationale-repousse-largement-une-motion-de-censure-insoumise-contre-francois-bayrou-20250604\" data-fig-type=\"NewsFlash\" data-gtm-custom-categorie=\"navigation\" data-gtm-custom-action=\"crossclick\" data-gtm-custom-label=\"Contextuel\" data-gtm-event=\"customEventSPE\" data-fig-domain=\"LEFIGARO\" rel=\"nofollow noopener\" target=\"_blank\">personnalit\u00e9s politiques<\/a>, qui ont tenu \u00e0 saluer d\u00e8s ce 4 juin sur les r\u00e9seaux sociaux la performance de la sportive de 22 ans.<\/p>\n<p class=\"fig-paragraph\">Probl\u00e8me\u00a0: tombe le m\u00eame jour la niche parlementaire, pr\u00e9vue de longue date, du groupe communiste \u00e0 l\u2019Assembl\u00e9e nationale. Laquelle doit permettre aux d\u00e9put\u00e9s de d\u00e9battre d\u2019une r\u00e9solution visant \u00e0 abroger la r\u00e9forme des retraites de 2023 \u2013 celle qui avait progressivement repouss\u00e9 l\u2019\u00e2ge l\u00e9gal de d\u00e9part \u00e0 64 ans, et \u00e9t\u00e9 adopt\u00e9e \u00e0 l\u2019aide du tr\u00e8s d\u00e9cri\u00e9 article 49-3 de la Constitution.<\/p>\n<p class=\"fig-paragraph\">Face \u00e0 ce dilemme entre sport et politique, qui se pose surtout \u00e0 la gauche en raison de son combat l\u00e9gislatif pour la suppression de la derni\u00e8re r\u00e9forme des retraites, le d\u00e9put\u00e9 de la Somme Fran\u00e7ois Ruffin sugg\u00e8re, avec plus ou moins d\u2019ironie, \u00e0 ses coll\u00e8gues communistes d\u2019instaurer \u00abune pause, m\u00eame courte, vers 17h\u00bb pour suivre le match, sans \u00eatre d\u00e9rang\u00e9 par le brouhaha habituel de la Chambre basse. Et par les interpellations des uns et des autres. Une solution qui selon l\u2019ancien d\u00e9put\u00e9 Insoumis \u00ab\u00e9viterait la tentation du streaming (visionnage) sur l\u2019ordinateur\u00bb en plein H\u00e9micycle. En attendant la r\u00e9ponse du groupe PCF, une chose semble certaine\u00a0: les rangs de l\u2019Assembl\u00e9e nationale risquent bien d\u2019\u00eatre clairsem\u00e9s ce jeudi apr\u00e8s-midi. Pause ou non.<\/p>\n","protected":false},"excerpt":{"rendered":"\u00c0 la veille d\u2019un d\u00e9bat voulu par les communistes sur la r\u00e9forme des retraites \u00e0 l\u2019Assembl\u00e9e, le d\u00e9put\u00e9&hellip;\n","protected":false},"author":2,"featured_media":153515,"comment_status":"","ping_status":"","sticky":false,"template":"","format":"standard","meta":{"footnotes":""},"categories":[1415],"tags":[416,426,427,422,423,1011,27,4483,418,424,425,420,421,419,8387,316,429,60,1467,428],"class_list":{"0":"post-153514","1":"post","2":"type-post","3":"status-publish","4":"format-standard","5":"has-post-thumbnail","7":"category-tennis","8":"tag-assemblee-nationale","9":"tag-candidat","10":"tag-candidats","11":"tag-depute","12":"tag-deputes","13":"tag-fr","14":"tag-france","15":"tag-francois-ruffin","16":"tag-gouvernement","17":"tag-institution","18":"tag-institutions","19":"tag-loi","20":"tag-lois","21":"tag-opposition","22":"tag-parti-communiste","23":"tag-politique","24":"tag-ps","25":"tag-sports","26":"tag-tennis","27":"tag-ump"},"share_on_mastodon":{"url":"https:\/\/pubeurope.com\/@fr\/114629852709078767","error":""},"_links":{"self":[{"href":"https:\/\/www.europesays.com\/fr\/wp-json\/wp\/v2\/posts\/153514","targetHints":{"allow":["GET"]}}],"collection":[{"href":"https:\/\/www.europesays.com\/fr\/wp-json\/wp\/v2\/posts"}],"about":[{"href":"https:\/\/www.europesays.com\/fr\/wp-json\/wp\/v2\/types\/post"}],"author":[{"embeddable":true,"href":"https:\/\/www.europesays.com\/fr\/wp-json\/wp\/v2\/users\/2"}],"replies":[{"embeddable":true,"href":"https:\/\/www.europesays.com\/fr\/wp-json\/wp\/v2\/comments?post=153514"}],"version-history":[{"count":0,"href":"https:\/\/www.europesays.com\/fr\/wp-json\/wp\/v2\/posts\/153514\/revisions"}],"wp:featuredmedia":[{"embeddable":true,"href":"https:\/\/www.europesays.com\/fr\/wp-json\/wp\/v2\/media\/153515"}],"wp:attachment":[{"href":"https:\/\/www.europesays.com\/fr\/wp-json\/wp\/v2\/media?parent=153514"}],"wp:term":[{"taxonomy":"category","embeddable":true,"href":"https:\/\/www.europesays.com\/fr\/wp-json\/wp\/v2\/categories?post=153514"},{"taxonomy":"post_tag","embeddable":true,"href":"https:\/\/www.europesays.com\/fr\/wp-json\/wp\/v2\/tags?post=153514"}],"curies":[{"name":"wp","href":"https:\/\/api.w.org\/{rel}","templated":true}]}}