{"id":153529,"date":"2025-06-05T08:46:07","date_gmt":"2025-06-05T08:46:07","guid":{"rendered":"https:\/\/www.europesays.com\/fr\/153529\/"},"modified":"2025-06-05T08:46:07","modified_gmt":"2025-06-05T08:46:07","slug":"mapr-2025-spoiler-on-ne-sest-pas-mallaury-et-melanie-optent-pour-une-nuit-de-noces-tres-particuliere","status":"publish","type":"post","link":"https:\/\/www.europesays.com\/fr\/153529\/","title":{"rendered":"MAPR 2025 (spoiler) : \u00ab\u00a0On ne s\u2019est pas\u2026\u00a0\u00bb, Mallaury et M\u00e9lanie optent pour une nuit de noces tr\u00e8s particuli\u00e8re"},"content":{"rendered":"<p>Tout ne s\u00a0\u00bbest pas pass\u00e9 comme esp\u00e9r\u00e9 entre <a href=\"https:\/\/www.closermag.fr\/tv_tele_realite\/mapr-2025-ces-scenes-entre-mallaury-et-melanie-volontairement-non-diffusees-a-lantenne-3549409\" rel=\"nofollow noopener\" target=\"_blank\"><br \/>\nMallaury et M\u00e9lanie<\/a>. Apr\u00e8s s&rsquo;\u00eatre dit \u00ab\u00a0oui\u00a0\u00bb dans \u00ab\u00a0<a href=\"https:\/\/www.telestar.fr\/actu_tv\/billet-maries-au-premier-regard-pourquoi-a-plus-de-30-ans-moi-aussi-je-suis-cap-dy-aller-les-yeux-fermes-1711945\" rel=\"nofollow noopener\" target=\"_blank\">Mari\u00e9s<br \/>\nau premier regard<\/a>\u00ab\u00a0, les deux jeunes femmes ont pris la<br \/>\ndirection de leur h\u00f4tel pour passer la nuit ensemble. Mais comme on<br \/>\npeut le voir dans le prochain \u00e9pisode diffus\u00e9 sur M6 le 9 juin<br \/>\n2025, <strong>l&rsquo;atmosph\u00e8re \u00e9tait plus que glaciale<\/strong>&#8230;<\/p>\n<p>C&rsquo;est en effet face cam\u00e9ra que l&rsquo;aide-soignante confie :<br \/>\n\u00ab\u00a0<strong>Dans ce grand lit, on ne s&rsquo;est pas touch\u00e9es de la<br \/>\nnuit<\/strong>\u00ab\u00a0. Mais alors, pourquoi les deux mari\u00e9es ne se<br \/>\nsont-elle pas rapproch\u00e9es ? Un probl\u00e8me est-il survenu ? Et bien<br \/>\nnon ! C&rsquo;est tout simplement un choix d\u00e9lib\u00e9r\u00e9. Mallaury et M\u00e9lanie<br \/>\nont pr\u00e9f\u00e9r\u00e9 apprendre \u00e0 se conna\u00eetre avant de se rapprocher<br \/>\nphysiquement. \u00ab\u00a0\u00c7a faisait tr\u00e8s longtemps que je n&rsquo;avais pas<br \/>\npartag\u00e9 mon lit avec quelqu&rsquo;un, mais pour<br \/>\nautant\u00a0<strong>on est rest\u00e9es chacune de son c\u00f4t\u00e9<br \/>\n(&#8230;) On ne s&rsquo;est m\u00eame pas fr\u00f4l\u00e9es le petit<br \/>\ndoigt<\/strong>. Je pense qu&rsquo;on avait juste envie de<br \/>\nparler, de se reposer sans forcer les choses\u00a0\u00bb, raconte<br \/>\nl&rsquo;animatrice de 34 ans.<\/p>\n<p>MAPR : ce d\u00e9tail chez M\u00e9lanie qui compte pour Mallaury<\/p>\n<p>Apr\u00e8 leur nuit de noces qui s&rsquo;est d\u00e9roul\u00e9e de la fa\u00e7on la plus<br \/>\nsage, Mallaury et M\u00e9lanie ont d\u00e9couvert la destination de leur<br \/>\nvoyage de noces lors du petit-d\u00e9je\u00fbner. Et c&rsquo;est en Espagne, \u00e0<br \/>\nAvil\u00e9s, une ville du Nord, qu&rsquo;elles vont se rendre. De quoi les<br \/>\nmettre en joie. Autour de la table, les rires fusent. \u00ab\u00a0Elle a<br \/>\nbeaucoup d&rsquo;humour et \u00e7a c&rsquo;est g\u00e9nial, parce<br \/>\nque\u00a0<strong>j&rsquo;en ai beaucoup aussi et c&rsquo;est ultra<br \/>\nimportant pour moi\u00a0<\/strong>de rire avec sa<br \/>\nmoiti\u00e9\u00a0\u00bb confie Mallaury.<\/p>\n<p>Si elles ne se connaissent que depuis quelques jours, Mallaury<br \/>\net M\u00e9lanie ont pourtant l&rsquo;impression que leur histoire dure depuis<br \/>\ndes ann\u00e9es. \u00ab\u00a0Je suis trop contente, on rigole, <strong>je vois<br \/>\nqu&rsquo;on est complices alors que \u00e7a ne fait m\u00eame pas 24 heures qu&rsquo;on<br \/>\nse conna\u00eet. J&rsquo;ai l&rsquo;impression que \u00e7a fait semaines finalement qu&rsquo;on<br \/>\nse conna\u00eet.<\/strong>\u00ab\u00a0, ajoute Mallaury.<\/p>\n<p>MAPR 2025 : pourquoi<br \/>\nla m\u00e8re de Mallaury est-elle absente le jour du mariage ?<\/p>\n<p>D\u00e9j\u00e0, quelques instants apr\u00e8s avoir rencontr\u00e9 sa femme, Mallaury<br \/>\n\u00e9tait pleine d&rsquo;\u00e9loges. \u00ab\u00a0Il n&rsquo;y a pas de g\u00eane,<br \/>\nM\u00e9lanie est pleine de bienveillance, elle n&rsquo;est pas du<br \/>\ntout dans le jugement. \u00c7a me rassure, \u00e7a me met en confiance, je me<br \/>\nsens \u00e0 l&rsquo;aise \u00e0 franchir des \u00e9tapes avec elle\u00a0\u00bb d\u00e9clarait-elle.<br \/>\nMalgr\u00e9 l&rsquo;<a href=\"https:\/\/www.closermag.fr\/tv_tele_realite\/mapr-2025-spoiler-la-mere-de-mallaury-absente-a-son-mariage-les-raisons-font-de-la-peine-3546225\" rel=\"nofollow noopener\" target=\"_blank\">absence<br \/>\nde sa m\u00e8re<\/a> d\u00fb \u00e0 un probl\u00e8me de santt\u00e9, Mallaury profite donc \u00e0<br \/>\nfond de son mariage.<\/p>\n","protected":false},"excerpt":{"rendered":"Tout ne s\u00a0\u00bbest pas pass\u00e9 comme esp\u00e9r\u00e9 entre Mallaury et M\u00e9lanie. Apr\u00e8s s&rsquo;\u00eatre dit \u00ab\u00a0oui\u00a0\u00bb dans \u00ab\u00a0Mari\u00e9s au&hellip;\n","protected":false},"author":2,"featured_media":153530,"comment_status":"","ping_status":"","sticky":false,"template":"","format":"standard","meta":{"footnotes":""},"categories":[1356],"tags":[548,58,59,1011,27,6218,252,1364],"class_list":{"0":"post-153529","1":"post","2":"type-post","3":"status-publish","4":"format-standard","5":"has-post-thumbnail","7":"category-television","8":"tag-article-simple","9":"tag-divertissement","10":"tag-entertainment","11":"tag-fr","12":"tag-france","13":"tag-maries-au-premier-regard","14":"tag-television","15":"tag-tv"},"share_on_mastodon":{"url":"https:\/\/pubeurope.com\/@fr\/114629888201915967","error":""},"_links":{"self":[{"href":"https:\/\/www.europesays.com\/fr\/wp-json\/wp\/v2\/posts\/153529","targetHints":{"allow":["GET"]}}],"collection":[{"href":"https:\/\/www.europesays.com\/fr\/wp-json\/wp\/v2\/posts"}],"about":[{"href":"https:\/\/www.europesays.com\/fr\/wp-json\/wp\/v2\/types\/post"}],"author":[{"embeddable":true,"href":"https:\/\/www.europesays.com\/fr\/wp-json\/wp\/v2\/users\/2"}],"replies":[{"embeddable":true,"href":"https:\/\/www.europesays.com\/fr\/wp-json\/wp\/v2\/comments?post=153529"}],"version-history":[{"count":0,"href":"https:\/\/www.europesays.com\/fr\/wp-json\/wp\/v2\/posts\/153529\/revisions"}],"wp:featuredmedia":[{"embeddable":true,"href":"https:\/\/www.europesays.com\/fr\/wp-json\/wp\/v2\/media\/153530"}],"wp:attachment":[{"href":"https:\/\/www.europesays.com\/fr\/wp-json\/wp\/v2\/media?parent=153529"}],"wp:term":[{"taxonomy":"category","embeddable":true,"href":"https:\/\/www.europesays.com\/fr\/wp-json\/wp\/v2\/categories?post=153529"},{"taxonomy":"post_tag","embeddable":true,"href":"https:\/\/www.europesays.com\/fr\/wp-json\/wp\/v2\/tags?post=153529"}],"curies":[{"name":"wp","href":"https:\/\/api.w.org\/{rel}","templated":true}]}}