{"id":153553,"date":"2025-06-05T08:58:10","date_gmt":"2025-06-05T08:58:10","guid":{"rendered":"https:\/\/www.europesays.com\/fr\/153553\/"},"modified":"2025-06-05T08:58:10","modified_gmt":"2025-06-05T08:58:10","slug":"saint-etienne-primaprix-a-ouvert-a-centre-deux","status":"publish","type":"post","link":"https:\/\/www.europesays.com\/fr\/153553\/","title":{"rendered":"Saint-Etienne : PrimaPrix a ouvert \u00e0 Centre-Deux"},"content":{"rendered":"<p><img loading=\"lazy\" decoding=\"async\" alt=\"\u00a9 Denis Meynard - Le directeur de la boutique PrimaPrix install\u00e9e dans le centre commercial Centre-Deux, \u00e0 Saint-Etienne, et son adjointe.\" data-zoom-src=\"https:\/\/www.europesays.com\/fr\/wp-content\/uploads\/2025\/06\/initial-primaprix.jpg\" data-zoomable=\"\" height=\"702\" src=\"https:\/\/www.europesays.com\/fr\/wp-content\/uploads\/2025\/06\/initial-primaprix.jpg\" width=\"1248\"\/>  <\/p>\n<p class=\"article-desc\">\u00a9 Denis Meynard &#8211; Le directeur de la boutique PrimaPrix install\u00e9e dans le centre commercial Centre-Deux, \u00e0 Saint-Etienne, et son adjointe. <\/p>\n<p>L\u2019enseigne espagnole de grande consommation <strong>PrimaPrix<\/strong>, pr\u00e9sente en France depuis fin 2022, a choisi le centre commercial st\u00e9phanois <a href=\"https:\/\/mesinfos.fr\/42000-saint-etienne\/ouverture-du-nouveau-quick-de-centre-deux-a-saint-etienne-le-29-aout-205221.html\" rel=\"noopener nofollow\" target=\"_blank\">Centre-Deux<\/a> pour la premi\u00e8re implantation en Auvergne Rh\u00f4ne-Alpes de son concept associant l\u2019<strong>alimentation<\/strong>, l\u2019<strong>hygi\u00e8ne<\/strong> et la <strong>cosm\u00e9tique<\/strong>. <\/p>\n<p>Car la boutique \u00e0 l\u2019enseigne PrimaPrix Beauty, ouverte en d\u00e9cembre 2024 \u00e0 Lyon Part-Dieu, est quant \u00e0 elle centr\u00e9e sur segment droguerie, parfumerie et hygi\u00e8ne.<\/p>\n<p>Une forte affluence a marqu\u00e9 ce 4 juin l\u2019ouverture de la boutique de 280 m\u00e8tres carr\u00e9s qui emploiera neuf personnes en rythme de croisi\u00e8re. Parmi lesquels son directeur Vittorio Bau et son adjointe Nadia Mahah. <\/p>\n<p>Par rapport \u00e0 ses concurrents (Action, Normal\u2026) PrimaPrix se distingue par un agencement plus abouti, la pr\u00e9sence de nombreuses <strong>marques nationales <\/strong>(notamment espagnoles) ou internationales. Ainsi que par son offre alimentaire, qui comprend du sec et des produits frais (fruits et l\u00e9gumes, laitages, charcuterie\u2026etc). \u00ab\u00a0Nous allons mettre en place une zone anti-gaspi, o\u00f9 les produits frais arrivant en date-limite de consommation seront vendus \u00e0 des prix encore plus bas\u00a0\u00bb, annonce Vittorio Bau.<\/p>\n<p> L&rsquo;ouverture d&rsquo;un PrimaPrix place du Peuple, \u00e0 Saint-Etienne est \u00ab\u00a0report\u00e9e de quelques mois\u00a0\u00bb <\/p>\n<p>Pr\u00e9vue au d\u00e9but de l\u2019\u00e9t\u00e9, l\u2019<strong>ouverture du deuxi\u00e8me magasin <\/strong>de l\u2019enseigne dans les<a class=\"invalid-link\" href=\"https:\/\/mesinfos.fr\/PrimaPrix%20ouvre%20simultan%C3%A9ment%20deux%20magasins%20%C3%A0%20Saint-Etienne\" rel=\"noopener nofollow\" target=\"_blank\"> 550 m\u00e8tres carr\u00e9s de locaux laiss\u00e9s vacants place du Peuple <\/a>par le d\u00e9part de Zara femmes \u00ab\u00a0n\u2019est pas abandonn\u00e9e. Elle est report\u00e9e de quelques mois pour nous concentrer sur celle de Centre-Deux et devrait intervenir en fin d\u2019ann\u00e9e ou d\u00e9but 2026\u00a0\u00bb, d\u00e9clare Sandrine Munoz, responsable du d\u00e9veloppement de PrimaPrix en r\u00e9gion Auvergne-Rh\u00f4ne-Alpes.<\/p>\n","protected":false},"excerpt":{"rendered":"\u00a9 Denis Meynard &#8211; Le directeur de la boutique PrimaPrix install\u00e9e dans le centre commercial Centre-Deux, \u00e0 Saint-Etienne,&hellip;\n","protected":false},"author":2,"featured_media":153554,"comment_status":"","ping_status":"","sticky":false,"template":"","format":"standard","meta":{"footnotes":""},"categories":[9653],"tags":[1111,11,2430,7227,1777,674,1011,27,12,25,4001],"class_list":{"0":"post-153553","1":"post","2":"type-post","3":"status-publish","4":"format-standard","5":"has-post-thumbnail","7":"category-saint-etienne","8":"tag-actu","9":"tag-actualites","10":"tag-auvergne-rhone-alpes","11":"tag-commerces","12":"tag-eu","13":"tag-europe","14":"tag-fr","15":"tag-france","16":"tag-news","17":"tag-republique-francaise","18":"tag-saint-etienne"},"share_on_mastodon":{"url":"https:\/\/pubeurope.com\/@fr\/114629935738396774","error":""},"_links":{"self":[{"href":"https:\/\/www.europesays.com\/fr\/wp-json\/wp\/v2\/posts\/153553","targetHints":{"allow":["GET"]}}],"collection":[{"href":"https:\/\/www.europesays.com\/fr\/wp-json\/wp\/v2\/posts"}],"about":[{"href":"https:\/\/www.europesays.com\/fr\/wp-json\/wp\/v2\/types\/post"}],"author":[{"embeddable":true,"href":"https:\/\/www.europesays.com\/fr\/wp-json\/wp\/v2\/users\/2"}],"replies":[{"embeddable":true,"href":"https:\/\/www.europesays.com\/fr\/wp-json\/wp\/v2\/comments?post=153553"}],"version-history":[{"count":0,"href":"https:\/\/www.europesays.com\/fr\/wp-json\/wp\/v2\/posts\/153553\/revisions"}],"wp:featuredmedia":[{"embeddable":true,"href":"https:\/\/www.europesays.com\/fr\/wp-json\/wp\/v2\/media\/153554"}],"wp:attachment":[{"href":"https:\/\/www.europesays.com\/fr\/wp-json\/wp\/v2\/media?parent=153553"}],"wp:term":[{"taxonomy":"category","embeddable":true,"href":"https:\/\/www.europesays.com\/fr\/wp-json\/wp\/v2\/categories?post=153553"},{"taxonomy":"post_tag","embeddable":true,"href":"https:\/\/www.europesays.com\/fr\/wp-json\/wp\/v2\/tags?post=153553"}],"curies":[{"name":"wp","href":"https:\/\/api.w.org\/{rel}","templated":true}]}}