{"id":15356,"date":"2025-04-10T16:06:13","date_gmt":"2025-04-10T16:06:13","guid":{"rendered":"https:\/\/www.europesays.com\/fr\/15356\/"},"modified":"2025-04-10T16:06:13","modified_gmt":"2025-04-10T16:06:13","slug":"le-parcours-complet-de-la-course","status":"publish","type":"post","link":"https:\/\/www.europesays.com\/fr\/15356\/","title":{"rendered":"Le parcours complet de la course"},"content":{"rendered":"<p><strong>SPORT &#8211; La course solidaire revient ce samedi dans la capitale, avec une distance de 4 kilom\u00e8tres, courus pour la bonne cause, la veille du marathon de Paris<\/strong><\/p>\n<p>La course solidaire Paris Run For All est de retour en\u00a02025. Samedi, pour la deuxi\u00e8me ann\u00e9e cons\u00e9cutive, l\u2019\u00e9v\u00e9nement soutiendra l\u2019association ANA\u00c9, \u00e0 laquelle tous les fonds seront revers\u00e9s. Celle-ci aide l\u2019acc\u00e8s au sport aux handicap\u00e9s, \u00e0 travers des s\u00e9jours adapt\u00e9s ou le financement d\u2019\u00e9quipements sp\u00e9cialis\u00e9s.<\/p>\n<p>Les coureurs devront parcourir 4 kilom\u00e8tres, pour la bonne cause, le long des quais de <a href=\"https:\/\/www.20minutes.fr\/dossier\/seine\" rel=\"nofollow noopener\" target=\"_blank\" data-ylk=\"slk:Seine;elm:context_link;itc:0;sec:content-canvas\" class=\"link \">Seine<\/a>. Une belle occasion de s\u2019\u00e9chauffer avant le grand marathon de <a href=\"https:\/\/www.20minutes.fr\/paris\/\" rel=\"nofollow noopener\" target=\"_blank\" data-ylk=\"slk:Paris;elm:context_link;itc:0;sec:content-canvas\" class=\"link \">Paris<\/a>, dimanche. En plus, le petit-d\u00e9jeuner est offert \u00e0 l\u2019arriv\u00e9e de cette course ouverte \u00e0 tous.<\/p>\n<p>Le parcours de Paris Run For All 2025<img decoding=\"async\" class=\"caas-img caas-lazy has-preview\" alt=\"[object Object]\" src=\"https:\/\/www.europesays.com\/fr\/wp-content\/uploads\/2025\/04\/e7325b34d11caaaa26d0f813ef042659.jpeg\"\/><\/p>\n<p>[object Object]<\/p>\n<p>Les 4 kilom\u00e8tres du Paris Run For All, entre le Louvre et le Champs de Mars, peuvent \u00eatre r\u00e9alis\u00e9s en marchant ou en courant. Les coureurs valides et handisports se retrouvent sur cette course, dont les fonds permettront \u00e9galement d\u2019acheter des jo\u00eblettes, des fauteuils tout terrain, ou des <a href=\"https:\/\/www.20minutes.fr\/dossier\/velo\" rel=\"nofollow noopener\" target=\"_blank\" data-ylk=\"slk:v\u00e9los;elm:context_link;itc:0;sec:content-canvas\" class=\"link \">v\u00e9los<\/a> \u00e0 4 roues (co\u00fbt unitaire 3 250 euros).<\/p>\n<p>L\u2019inscription co\u00fbte \u00e0 partir de 9\u20ac. L\u2019objectif de cette course est de rassembler, unir et mettre du sport dans toutes les vies. Pour s\u2019inscrire au Run For All, c\u2019est facile\u00a0:<\/p>\n<p><a href=\"https:\/\/in.timeto.com\/paris-run-for-all-2025\" rel=\"nofollow noopener\" target=\"_blank\" data-ylk=\"slk:Inscrptions pour Paris Run For All;elm:context_link;itc:0;sec:content-canvas\" class=\"link \">Inscrptions pour Paris Run For All<\/a><\/p>\n<p><a href=\"https:\/\/www.20minutes.fr\/sport\/4147817-20250410-paris-run-for-all-parcours-complet-course&quot;\" rel=\"nofollow noopener\" target=\"_blank\" data-ylk=\"slk:Lire la suite sur 20minutes;elm:context_link;itc:0;sec:content-canvas\" class=\"link \">Lire la suite sur 20minutes<\/a><\/p>\n<p>\u00c0 lire aussi :<br \/><a href=\"https:\/\/www.20minutes.fr\/economie\/4146621-20250404-chiffres-decevants-changement-cap-concurrence-comment-decathlon-perdu-forme\" rel=\"nofollow noopener\" target=\"_blank\" data-ylk=\"slk:Chiffres d\u00e9cevants, changement de cap, concurrence\u2026 Comment Decathlon a perdu la forme\u00a0?;elm:context_link;itc:0;sec:content-canvas\" class=\"link \">Chiffres d\u00e9cevants, changement de cap, concurrence\u2026 Comment Decathlon a perdu la forme\u00a0?<\/a><br \/><a href=\"https:\/\/www.20minutes.fr\/sport\/4146211-20250401-5-conseils-gerer-parcours-pendant-marathon-paris\" rel=\"nofollow noopener\" target=\"_blank\" data-ylk=\"slk:5 conseils pour g\u00e9rer son parcours pendant le marathon de Paris;elm:context_link;itc:0;sec:content-canvas\" class=\"link \">5 conseils pour g\u00e9rer son parcours pendant le marathon de Paris<\/a><\/p>\n","protected":false},"excerpt":{"rendered":"SPORT &#8211; La course solidaire revient ce samedi dans la capitale, avec une distance de 4 kilom\u00e8tres, courus&hellip;\n","protected":false},"author":2,"featured_media":15357,"comment_status":"","ping_status":"","sticky":false,"template":"","format":"standard","meta":{"footnotes":""},"categories":[1888],"tags":[1111,1928,11,1927,6465,6464,6466,1777,674,1011,27,4909,6463,12,1926,626,1925,25],"class_list":{"0":"post-15356","1":"post","2":"type-post","3":"status-publish","4":"format-standard","5":"has-post-thumbnail","7":"category-paris","8":"tag-actu","9":"tag-actu-paris","10":"tag-actualites","11":"tag-actualites-paris","12":"tag-champs-de-mars","13":"tag-changement-de-cap","14":"tag-course","15":"tag-eu","16":"tag-europe","17":"tag-fr","18":"tag-france","19":"tag-la-capitale","20":"tag-marathon-de-paris","21":"tag-news","22":"tag-news-paris","23":"tag-paris","24":"tag-paris-news","25":"tag-republique-francaise"},"share_on_mastodon":{"url":"https:\/\/pubeurope.com\/@fr\/114314528999913762","error":""},"_links":{"self":[{"href":"https:\/\/www.europesays.com\/fr\/wp-json\/wp\/v2\/posts\/15356","targetHints":{"allow":["GET"]}}],"collection":[{"href":"https:\/\/www.europesays.com\/fr\/wp-json\/wp\/v2\/posts"}],"about":[{"href":"https:\/\/www.europesays.com\/fr\/wp-json\/wp\/v2\/types\/post"}],"author":[{"embeddable":true,"href":"https:\/\/www.europesays.com\/fr\/wp-json\/wp\/v2\/users\/2"}],"replies":[{"embeddable":true,"href":"https:\/\/www.europesays.com\/fr\/wp-json\/wp\/v2\/comments?post=15356"}],"version-history":[{"count":0,"href":"https:\/\/www.europesays.com\/fr\/wp-json\/wp\/v2\/posts\/15356\/revisions"}],"wp:featuredmedia":[{"embeddable":true,"href":"https:\/\/www.europesays.com\/fr\/wp-json\/wp\/v2\/media\/15357"}],"wp:attachment":[{"href":"https:\/\/www.europesays.com\/fr\/wp-json\/wp\/v2\/media?parent=15356"}],"wp:term":[{"taxonomy":"category","embeddable":true,"href":"https:\/\/www.europesays.com\/fr\/wp-json\/wp\/v2\/categories?post=15356"},{"taxonomy":"post_tag","embeddable":true,"href":"https:\/\/www.europesays.com\/fr\/wp-json\/wp\/v2\/tags?post=15356"}],"curies":[{"name":"wp","href":"https:\/\/api.w.org\/{rel}","templated":true}]}}