{"id":153564,"date":"2025-06-05T09:04:13","date_gmt":"2025-06-05T09:04:13","guid":{"rendered":"https:\/\/www.europesays.com\/fr\/153564\/"},"modified":"2025-06-05T09:04:13","modified_gmt":"2025-06-05T09:04:13","slug":"un-nouveau-feuilleton-m6-tourne-dans-la-region","status":"publish","type":"post","link":"https:\/\/www.europesays.com\/fr\/153564\/","title":{"rendered":"un nouveau feuilleton M6 tourn\u00e9 dans la r\u00e9gion"},"content":{"rendered":"<p>\n\t\t\t\t\t\u00ab\u00a0Nouveau jour\u00a0\u00bb, c&rsquo;est le nom du premier feuilleton quotidien de M6 qui est tourn\u00e9 dans la r\u00e9gion de Montpellier. Apr\u00e8s France T\u00e9l\u00e9visions et TF1, la cha\u00eene mise elle aussi sur l\u2019univers tr\u00e8s concurrentiel des feuilletons quotidiens.\t\t\t\t<\/p>\n<p>\n\t\t\t\t\t\t\t\t\t\u00a9 M6. Montpellier : un nouveau feuilleton M6 tourn\u00e9 dans la r\u00e9gion.\t\t\t\t\t\t\t\t<\/p>\n<p>\t\t\t\t\t<a data-no-instant=\"1\" href=\"https:\/\/gard.fr\" rel=\"noopener\" class=\"a2t-link\" aria-label=\"001-image\" target=\"_blank\"><img decoding=\"async\" src=\"https:\/\/www.europesays.com\/fr\/wp-content\/uploads\/2025\/06\/001-image.jpeg\" alt=\"\"  \/><\/a><\/p>\n<p><a href=\"https:\/\/infoccitanie.fr\/herault-sete-accueille-lemission-de-m6-tous-en-cuisine-ce-jeudi\/\" target=\"_blank\" rel=\"noopener\">M6<\/a> a d\u00e9voil\u00e9 \u00e0 la presse son feuilleton tourn\u00e9 dans la r\u00e9gion de <a href=\"https:\/\/infoccitanie.fr\/tag\/montpellier\/\" target=\"_blank\" rel=\"noopener\">Montpellier. <\/a>Une belle mise en lumi\u00e8re du territoire via le petit \u00e9cran. La s\u00e9rie est tourn\u00e9e <strong>en studio \u00e0 Vendargues, dans un coeur de village reconstitu\u00e9 \u00e0 Montpellier et \u00e0 Aniane, au ch\u00e2teau Capion<\/strong>. Le premier \u00e9pisode devrait \u00eatre diffus\u00e9 cet \u00e9t\u00e9. Le tournage de ce feuilleton a commenc\u00e9 mi-avril avec pour acteurs Bruno Solo, La\u00ebtitia Milot et Jean-Baptiste Maunier. La chanteuse Hoshi signe le g\u00e9n\u00e9rique. <\/p>\n<p>Une disparition en mer\u2026 <\/p>\n<p>Le synopsis ? Suite \u00e0 la myst\u00e9rieuse disparition en mer de Lucien Bartoli, propri\u00e9taire de l\u2019\u00e9tablissement, sa fille a\u00een\u00e9e Louise (interpr\u00e9t\u00e9e par Helena Noguerra) prend les r\u00eanes de l\u2019h\u00f4tel. <\/p>\n<p>Cette d\u00e9cision ravive les tensions au sein de la fratrie, d\u00e9j\u00e0 \u00e9branl\u00e9e par un lourd secret de famille. Le retour inattendu de Th\u00e9a (Marion Aym\u00e9), fille d\u2019Audrey, vient bouleverser l\u2019\u00e9quilibre pr\u00e9caire du clan Bartoli.<\/p>\n<p>Un corbeau\u2026<\/p>\n<p>L\u2019intrigue prend un tournant lorsque le domaine devient la cible d\u2019un myst\u00e9rieux corbeau, poussant chaque membre de la famille et leur entourage \u00e0 r\u00e9\u00e9valuer leur destin et \u00e0 envisager un nouveau d\u00e9part. Mohamed Benyekhlef et Mari Mouazan, anciens sc\u00e9naristes de \u00ab\u00a0Demain nous appartient\u00a0\u00bb et \u00ab\u00a0Ici tout commence\u00a0\u00bb, ont imagin\u00e9 \u00ab\u00a0Nouveau jour\u00a0\u00bb.  Pour en savoir plus <a href=\"https:\/\/actu.m6.fr\/series\/nouveau-jour-tout-savoir-sur-la-prochaine-serie-quotidienne-de-m6-tournee-a-montpellier\" target=\"_blank\" rel=\"nofollow noopener\">cliquez ici.<\/a><\/p>\n<p><a data-no-instant=\"1\" href=\"https:\/\/festivaldenimes.com\/\" rel=\"noopener\" class=\"a2t-link\" aria-label=\"013-image\" target=\"_blank\"><img decoding=\"async\" src=\"https:\/\/www.europesays.com\/fr\/wp-content\/uploads\/2025\/06\/013-image.jpeg\" alt=\"\"  \/><\/a>\t\t\t\t<\/p>\n","protected":false},"excerpt":{"rendered":"\u00ab\u00a0Nouveau jour\u00a0\u00bb, c&rsquo;est le nom du premier feuilleton quotidien de M6 qui est tourn\u00e9 dans la r\u00e9gion de&hellip;\n","protected":false},"author":2,"featured_media":153565,"comment_status":"","ping_status":"","sticky":false,"template":"","format":"standard","meta":{"footnotes":""},"categories":[9599],"tags":[1111,11,1777,674,1011,27,494,2208,12,2680,25],"class_list":{"0":"post-153564","1":"post","2":"type-post","3":"status-publish","4":"format-standard","5":"has-post-thumbnail","7":"category-montpellier","8":"tag-actu","9":"tag-actualites","10":"tag-eu","11":"tag-europe","12":"tag-fr","13":"tag-france","14":"tag-m6","15":"tag-montpellier","16":"tag-news","17":"tag-occitanie","18":"tag-republique-francaise"},"share_on_mastodon":{"url":"https:\/\/pubeurope.com\/@fr\/114629959119005833","error":""},"_links":{"self":[{"href":"https:\/\/www.europesays.com\/fr\/wp-json\/wp\/v2\/posts\/153564","targetHints":{"allow":["GET"]}}],"collection":[{"href":"https:\/\/www.europesays.com\/fr\/wp-json\/wp\/v2\/posts"}],"about":[{"href":"https:\/\/www.europesays.com\/fr\/wp-json\/wp\/v2\/types\/post"}],"author":[{"embeddable":true,"href":"https:\/\/www.europesays.com\/fr\/wp-json\/wp\/v2\/users\/2"}],"replies":[{"embeddable":true,"href":"https:\/\/www.europesays.com\/fr\/wp-json\/wp\/v2\/comments?post=153564"}],"version-history":[{"count":0,"href":"https:\/\/www.europesays.com\/fr\/wp-json\/wp\/v2\/posts\/153564\/revisions"}],"wp:featuredmedia":[{"embeddable":true,"href":"https:\/\/www.europesays.com\/fr\/wp-json\/wp\/v2\/media\/153565"}],"wp:attachment":[{"href":"https:\/\/www.europesays.com\/fr\/wp-json\/wp\/v2\/media?parent=153564"}],"wp:term":[{"taxonomy":"category","embeddable":true,"href":"https:\/\/www.europesays.com\/fr\/wp-json\/wp\/v2\/categories?post=153564"},{"taxonomy":"post_tag","embeddable":true,"href":"https:\/\/www.europesays.com\/fr\/wp-json\/wp\/v2\/tags?post=153564"}],"curies":[{"name":"wp","href":"https:\/\/api.w.org\/{rel}","templated":true}]}}