{"id":153568,"date":"2025-06-05T09:06:09","date_gmt":"2025-06-05T09:06:09","guid":{"rendered":"https:\/\/www.europesays.com\/fr\/153568\/"},"modified":"2025-06-05T09:06:09","modified_gmt":"2025-06-05T09:06:09","slug":"une-retraitee-de-82-ans-pres-de-rouen-rejoint-son-brouteur-a-abidjan-les-investigations-relancees","status":"publish","type":"post","link":"https:\/\/www.europesays.com\/fr\/153568\/","title":{"rendered":"Une retrait\u00e9e de 82 ans pr\u00e8s de Rouen rejoint son brouteur \u00e0 Abidjan : les investigations relanc\u00e9es"},"content":{"rendered":"<p>            Par<br \/>\n        <strong><br \/>\n            <a href=\"https:\/\/actu.fr\/auteur\/eaube\" title=\"Consulter tous les articles de Elo\u00efse Aub\u00e9\" rel=\"nofollow noopener\" target=\"_blank\">Elo\u00efse Aub\u00e9<\/a><br \/>\n        <\/strong><\/p>\n<p>        Publi\u00e9 le<\/p>\n<p>            5 juin 2025 \u00e0 10h04        <\/p>\n<p>L\u2019affaire fait grand bruit. Depuis septembre\u00a02024, <strong>Marie-Jos\u00e9, une retrait\u00e9e de 82\u00a0ans<\/strong> install\u00e9e \u00e0 Bois-Guillaume pr\u00e8s de <a href=\"https:\/\/actu.fr\/normandie\/rouen_76540\" rel=\"nofollow noopener\" target=\"_blank\">Rouen<\/a> est partie vivre \u00e0 Abidjan aux c\u00f4t\u00e9s d\u2019un homme avec lequel, d\u2019apr\u00e8s ses dires, elle semble filer le parfait amour. C\u2019est ce qu\u2019a r\u00e9v\u00e9l\u00e9 le quotidien <a href=\"https:\/\/www.bienpublic.com\/faits-divers-justice\/2025\/05\/09\/sa-mere-de-82-ans-partie-sans-prevenir-en-afrique-les-brouteurs-ont-detruit-notre-famille\" rel=\"nofollow noopener\" target=\"_blank\">Le Bien Public.<\/a><\/p>\n<p class=\" wall-content\">Mais selon ses proches, il s\u2019agit d\u2019une <strong>arnaque aux sentiments<\/strong>. S\u00e9bastien Gallois, le Procureur de la R\u00e9publique de Rouen a annonc\u00e9, mercredi 4\u00a0juin 2025, l\u2019ouverture d\u2019une <strong>\u00ab\u2009enqu\u00eate soumise au secret\u2009\u00bb<\/strong>, apprend-on.<\/p>\n<p class=\" wall-content\">Deux enqu\u00eates avaient d\u00e9j\u00e0 \u00e9t\u00e9 ouvertes fin 2024 dont une pour disparition inqui\u00e9tante.<\/p>\n<p>Que se passe-t-il\u2009?<\/p>\n<p class=\" wall-content\">Rembobinons un peu. \u00c0 l\u2019\u00e9t\u00e9 2024, la retrait\u00e9e originaire de Dijon rencontre en ligne un homme qui se fait passer pour un faux Fr\u00e9d\u00e9ric Lopez. Elle d\u00e9couvre rapidement le mensonge mais continue n\u00e9anmoins les \u00e9changes jusqu\u2019\u00e0 s\u2019envoler, en septembre\u00a02024, en C\u00f4te d\u2019Ivoire pour rejoindre ce qui semble \u00eatre un<a href=\"https:\/\/actu.fr\/societe\/arnaques-en-ligne-qui-sont-les-brouteurs-et-comment-ne-pas-tomber-dans-leurs-pieges_46852352.html\" rel=\"nofollow noopener\" target=\"_blank\"> brouteur<\/a> [des escrocs du web qui s\u00e9duisent des personnes en ligne pour leur retirer de l\u2019argent, NDLR]<\/p>\n<p class=\" wall-content\">Xavier, son fils est d\u00e9sesp\u00e9r\u00e9 : \u00ab\u2009Ses comptes en banque fondent comme neige au soleil, soit environ l\u2019\u00e9quivalent de 100\u2009000 euros\u2009! Et ils commencent \u00e0 s\u2019attaquer aux assurances vie. Sa maison est \u00e0 l\u2019abandon, risque d\u2019\u00eatre squatt\u00e9e\u2026\u2009\u00bb relaient nos confr\u00e8res de <a href=\"https:\/\/france3-regions.franceinfo.fr\/normandie\/seine-maritime\/rouen\/temoignage-a-82-ans-elle-tombe-dans-les-griffes-d-un-brouteur-un-faux-frederic-lopez-elle-est-partie-vivre-avec-lui-en-afrique-ses-comptes-sont-vides-3161865.html\" rel=\"nofollow noopener\" target=\"_blank\">France 3<\/a>.<\/p>\n<p class=\" wall-content\">Depuis la d\u00e9couverte de cette supercherie, le fils multiplie les signalements et a m\u00eame d\u00e9pos\u00e9 plainte.<\/p>\n<p>Vid\u00e9os : en ce moment sur Actu<\/p>\n<p class=\" wall-content\">Les investigations ont donc \u00e9t\u00e9 relanc\u00e9es et confi\u00e9es aux enqu\u00eateurs de la DIPN76.<\/p>\n<p class=\" wall-content\">Suivez toute l\u2019actualit\u00e9 de vos villes et m\u00e9dias favoris en vous inscrivant \u00e0 <a href=\"https:\/\/moncompte.actu.fr\" title=\"D\u00e9couvez Mon Actu\" rel=\"nofollow noopener\" data-trk=\"{&quot;cta&quot;:{&quot;action&quot;:&quot;https:\\\/\\\/moncompte.actu.fr&quot;,&quot;category&quot;:&quot;mon compte&quot;,&quot;from&quot;:&quot;article footer&quot;,&quot;name&quot;:&quot;Mon actu&quot;,&quot;type&quot;:&quot;cta&quot;}}\" target=\"_blank\">Mon Actu<\/a>.<\/p>\n","protected":false},"excerpt":{"rendered":"Par Elo\u00efse Aub\u00e9 Publi\u00e9 le 5 juin 2025 \u00e0 10h04 L\u2019affaire fait grand bruit. Depuis septembre\u00a02024, Marie-Jos\u00e9, une&hellip;\n","protected":false},"author":2,"featured_media":153569,"comment_status":"","ping_status":"","sticky":false,"template":"","format":"standard","meta":{"footnotes":""},"categories":[9587],"tags":[1111,11,1261,3514,1777,674,118,1011,27,12,5161,1072,25,9590],"class_list":{"0":"post-153568","1":"post","2":"type-post","3":"status-publish","4":"format-standard","5":"has-post-thumbnail","7":"category-rouen","8":"tag-actu","9":"tag-actualites","10":"tag-argent","11":"tag-arnaque","12":"tag-eu","13":"tag-europe","14":"tag-faits-divers","15":"tag-fr","16":"tag-france","17":"tag-news","18":"tag-normandie","19":"tag-police","20":"tag-republique-francaise","21":"tag-rouen"},"share_on_mastodon":{"url":"https:\/\/pubeurope.com\/@fr\/114629966758877659","error":""},"_links":{"self":[{"href":"https:\/\/www.europesays.com\/fr\/wp-json\/wp\/v2\/posts\/153568","targetHints":{"allow":["GET"]}}],"collection":[{"href":"https:\/\/www.europesays.com\/fr\/wp-json\/wp\/v2\/posts"}],"about":[{"href":"https:\/\/www.europesays.com\/fr\/wp-json\/wp\/v2\/types\/post"}],"author":[{"embeddable":true,"href":"https:\/\/www.europesays.com\/fr\/wp-json\/wp\/v2\/users\/2"}],"replies":[{"embeddable":true,"href":"https:\/\/www.europesays.com\/fr\/wp-json\/wp\/v2\/comments?post=153568"}],"version-history":[{"count":0,"href":"https:\/\/www.europesays.com\/fr\/wp-json\/wp\/v2\/posts\/153568\/revisions"}],"wp:featuredmedia":[{"embeddable":true,"href":"https:\/\/www.europesays.com\/fr\/wp-json\/wp\/v2\/media\/153569"}],"wp:attachment":[{"href":"https:\/\/www.europesays.com\/fr\/wp-json\/wp\/v2\/media?parent=153568"}],"wp:term":[{"taxonomy":"category","embeddable":true,"href":"https:\/\/www.europesays.com\/fr\/wp-json\/wp\/v2\/categories?post=153568"},{"taxonomy":"post_tag","embeddable":true,"href":"https:\/\/www.europesays.com\/fr\/wp-json\/wp\/v2\/tags?post=153568"}],"curies":[{"name":"wp","href":"https:\/\/api.w.org\/{rel}","templated":true}]}}