{"id":153570,"date":"2025-06-05T09:08:10","date_gmt":"2025-06-05T09:08:10","guid":{"rendered":"https:\/\/www.europesays.com\/fr\/153570\/"},"modified":"2025-06-05T09:08:10","modified_gmt":"2025-06-05T09:08:10","slug":"grenoble-preparation-3-adversaires-de-ligue-2-et-de-ligue-1-au-programme-du-gf38","status":"publish","type":"post","link":"https:\/\/www.europesays.com\/fr\/153570\/","title":{"rendered":"Grenoble &#8211; Pr\u00e9paration : 3 adversaires de Ligue 2 et de Ligue 1 au programme du GF38"},"content":{"rendered":"<p style=\"text-align: justify;\">Maintenu en <strong>Ligue 2<\/strong> sans trembler au terme de l\u2019exercice 2024-2025, <strong>Grenoble<\/strong> a d\u00e9j\u00e0 les yeux riv\u00e9s sur la saison \u00e0 venir. Le GF38 a officiellement d\u00e9voil\u00e9 le programme de sa pr\u00e9paration, avec cinq matchs amicaux \u00e0 disputer et un stage pr\u00e9vu au mois de juillet avant le retour \u00e0 la comp\u00e9tition, le 8 ao\u00fbt prochain.<\/p>\n<p>\u00c0 lire aussi &gt;&gt;\u00a0<a href=\"https:\/\/maligue2.fr\/2025\/05\/28\/ligue-2-les-decisions-de-la-dncg-concernant-grenoble-amiens-le-red-star-et-lestac\/\" rel=\"nofollow noopener\" target=\"_blank\">Ligue 2 \u2013 Les d\u00e9cisions de la DNCG concernant Grenoble, Amiens, le Red Star et l\u2019ESTAC<\/a><\/p>\n<p style=\"text-align: justify;\">Les Is\u00e9rois reprendront le chemin de leur centre d\u2019entra\u00eenement le 25 juin pour la traditionnelle reprise. Avec une grosse quinzaine de jours \u00e0 leur disposition afin d\u2019effectuer les tests physiques requis et de se remettre en jambes, les hommes de Franck Rizzetto affronteront le <strong>Servette FC<\/strong> (D1 suisse) \u00e0 Thonon le 12 juillet pour leur premi\u00e8re confrontation amicale de l\u2019\u00e9t\u00e9.<\/p>\n<p style=\"text-align: justify;\">Une semaine plus tard, ils prendront la direction du Chambon-sur-Lignon pour un stage de six jours (19 au 25 juillet) durant lequel ils affronteront un autre pensionnaire de seconde division, l\u2019<strong>ESTAC Troyes<\/strong> (19 juillet).<\/p>\n<p style=\"text-align: justify;\">Un d\u00e9placement \u00e0 Roanne sera ensuite organis\u00e9 pour s\u2019opposer \u00e0 <strong>Rodez<\/strong> (L2, 25 juillet), avant d\u2019aller \u00e0 Gueugnon o\u00f9 le GF se frottera \u00e0 l\u2019<strong>AJ Auxerre<\/strong> (L1, 30 juillet). Quatre jours plus tard, l\u2019\u00e9curie dauphinoise conclura son intersaison par un ultime match face \u00e0 l\u2019\u00e9quipe du <strong>Puy Foot 43<\/strong>, fra\u00eechement promue en National (2 ao\u00fbt, Saint-Marcellin).<\/p>\n<p>Source : <a href=\"https:\/\/x.com\/GF38_Officiel\/status\/1930544053533204545\" rel=\"nofollow\">Compte \u00ab\u00a0X\u00a0\u00bb officiel du Grenoble Foot 38<\/a><\/p>\n<p>Photo Alex Martin\/FEP\/Icon Sport<\/p>\n","protected":false},"excerpt":{"rendered":"Maintenu en Ligue 2 sans trembler au terme de l\u2019exercice 2024-2025, Grenoble a d\u00e9j\u00e0 les yeux riv\u00e9s sur&hellip;\n","protected":false},"author":2,"featured_media":153571,"comment_status":"","ping_status":"","sticky":false,"template":"","format":"standard","meta":{"footnotes":""},"categories":[9566],"tags":[1111,11,2430,4245,1777,674,1011,27,2731,28332,12,25,26119,1964],"class_list":{"0":"post-153570","1":"post","2":"type-post","3":"status-publish","4":"format-standard","5":"has-post-thumbnail","7":"category-grenoble","8":"tag-actu","9":"tag-actualites","10":"tag-auvergne-rhone-alpes","11":"tag-auxerre","12":"tag-eu","13":"tag-europe","14":"tag-fr","15":"tag-france","16":"tag-grenoble","17":"tag-le-puy-f-43","18":"tag-news","19":"tag-republique-francaise","20":"tag-rodez","21":"tag-troyes"},"share_on_mastodon":{"url":"https:\/\/pubeurope.com\/@fr\/114629974644718173","error":""},"_links":{"self":[{"href":"https:\/\/www.europesays.com\/fr\/wp-json\/wp\/v2\/posts\/153570","targetHints":{"allow":["GET"]}}],"collection":[{"href":"https:\/\/www.europesays.com\/fr\/wp-json\/wp\/v2\/posts"}],"about":[{"href":"https:\/\/www.europesays.com\/fr\/wp-json\/wp\/v2\/types\/post"}],"author":[{"embeddable":true,"href":"https:\/\/www.europesays.com\/fr\/wp-json\/wp\/v2\/users\/2"}],"replies":[{"embeddable":true,"href":"https:\/\/www.europesays.com\/fr\/wp-json\/wp\/v2\/comments?post=153570"}],"version-history":[{"count":0,"href":"https:\/\/www.europesays.com\/fr\/wp-json\/wp\/v2\/posts\/153570\/revisions"}],"wp:featuredmedia":[{"embeddable":true,"href":"https:\/\/www.europesays.com\/fr\/wp-json\/wp\/v2\/media\/153571"}],"wp:attachment":[{"href":"https:\/\/www.europesays.com\/fr\/wp-json\/wp\/v2\/media?parent=153570"}],"wp:term":[{"taxonomy":"category","embeddable":true,"href":"https:\/\/www.europesays.com\/fr\/wp-json\/wp\/v2\/categories?post=153570"},{"taxonomy":"post_tag","embeddable":true,"href":"https:\/\/www.europesays.com\/fr\/wp-json\/wp\/v2\/tags?post=153570"}],"curies":[{"name":"wp","href":"https:\/\/api.w.org\/{rel}","templated":true}]}}