{"id":153578,"date":"2025-06-05T09:13:09","date_gmt":"2025-06-05T09:13:09","guid":{"rendered":"https:\/\/www.europesays.com\/fr\/153578\/"},"modified":"2025-06-05T09:13:09","modified_gmt":"2025-06-05T09:13:09","slug":"protection-des-oceans-lue-veut-afficher-son-leadership-avant-le-sommet-de-lonu-a-nice","status":"publish","type":"post","link":"https:\/\/www.europesays.com\/fr\/153578\/","title":{"rendered":"Protection des oc\u00e9ans: l&rsquo;UE veut afficher son \u00ab\u00a0leadership\u00a0\u00bb, avant le sommet de l&rsquo;ONU \u00e0 Nice"},"content":{"rendered":"<p>Le<a href=\"https:\/\/www.nicematin.com\/environnement\/sommet-de-l-ocean-a-nice-venez-poser-toutes-vos-questions-a-nos-journalistes-experts-988577\" rel=\"nofollow noopener\" target=\"_blank\"> sommet des oc\u00e9ans approche \u00e0 Nice, <\/a>et les dirigeants europ\u00e9ens vont pr\u00e9senter ce jeudi 5 juin leur plan d&rsquo;action pour mieux prot\u00e9ger les oc\u00e9ans.<\/p>\n<p>\u00ab\u00a0L&rsquo;oc\u00e9an se r\u00e9chauffe. Son niveau s&rsquo;\u00e9l\u00e8ve. Il s&rsquo;acidifie. La pollution par les plastiques, les produits chimiques et le bruit alt\u00e8re les \u00e9cosyst\u00e8mes marins (&#8230;). Il est urgent d&rsquo;agir\u00a0\u00bb, souligne le commissaire europ\u00e9en Costas Kadis.<\/p>\n<p>Mais une premi\u00e8re \u00e9bauche de ce<strong> \u00ab\u00a0pacte\u00a0\u00bb europ\u00e9en pour les oc\u00e9ans avait fuit\u00e9 mi-mai<\/strong> et profond\u00e9ment d\u00e9\u00e7u les organisations environnementales, en l&rsquo;absence de mesures fortes.<\/p>\n<p>L&rsquo;ex\u00e9cutif europ\u00e9en y reconnaissait la n\u00e9cessit\u00e9 d&rsquo;augmenter et de diversifier les financements, sans prendre d&rsquo;engagements concrets.<\/p>\n<p><strong>Pas de big bang<\/strong><\/p>\n<p>Malgr\u00e9 \u00ab\u00a0des avanc\u00e9es en mati\u00e8re d&rsquo;application des lois existantes\u00a0\u00bb, cette feuille de route \u00ab\u00a0ne contient pas d&rsquo;actions concr\u00e8tes pour r\u00e9pondre aux menaces les plus urgentes\u00a0\u00bb, avaient d\u00e9plor\u00e9 les<strong> ONG Surfrider, WWF, ClientEarth ou Oceana.<\/strong><\/p>\n<p>Dans les aires marines prot\u00e9g\u00e9es, ces organisations r\u00e9clament notamment l&rsquo;interdiction imm\u00e9diate du chalutage de fond, une technique de p\u00eache critiqu\u00e9e pour son impact \u00e9cologique destructeur.<\/p>\n<p>Mais ce sujet, sensible pour de nombreux Etats membres, divise les forces politiques, la droite et le centre plaidant pour une approche au \u00ab\u00a0cas par cas\u00a0\u00bb.<\/p>\n<p>Dans le document provisoire d\u00e9voil\u00e9 mi-mai par le m\u00e9dia Contexte, la Commission ne promettait pas de big bang en mati\u00e8re de protection de l&rsquo;oc\u00e9an mais une s\u00e9rie de mesures pour renforcer ou mieux appliquer la loi.<\/p>\n<p>L&rsquo;ex\u00e9cutif europ\u00e9en voudrait par exemple r\u00e9viser une \u00ab\u00a0directive-cadre\u00a0\u00bb sur les milieux marins, vieille de plus de 15 ans, et qui harmonise les r\u00e8gles concernant la protection de la biodiversit\u00e9 dans les 27 Etats membres.<\/p>\n<p>Bruxelles \u00e9voquait aussi pour 2026 un <strong>plan d&rsquo;action sur le carbone bleu,<\/strong> afin de cartographier et d&rsquo;\u00e9tendre des \u00e9cosyst\u00e8mes marins capables de davantage capter le CO2.<\/p>\n<p>                                <strong>70% d&rsquo;importations<\/strong><\/p>\n<p>La Commission promettait \u00e9galement de rendre plus efficace le syst\u00e8me de surveillance par <strong>satellite CleanSeaNet,<\/strong> qui scrute les mers afin de d\u00e9tecter le plus vite possible des \u00e9pisodes de pollution.<\/p>\n<p>Un r\u00e9cent rapport de la Cour des comptes europ\u00e9enne en a d\u00e9montr\u00e9 les consid\u00e9rables lacunes.<\/p>\n<p>Au cours de la p\u00e9riode 2022-2023, CleanSeaNet a rep\u00e9r\u00e9 plus de 7.700 d\u00e9versements potentiels d&rsquo;hydrocarbures dans les mers europ\u00e9ennes, notamment en Espagne (1.462), en Gr\u00e8ce (1.367) et en Italie (1.188).<\/p>\n<p>Mais selon cet audit, les Etats membres ont donn\u00e9 suite \u00e0 moins de la moiti\u00e9 de ces alertes et n&rsquo;ont confirm\u00e9 la <strong>pollution que dans 7% des cas.<\/strong> En cause bien souvent, le d\u00e9calage entre le moment o\u00f9 l&rsquo;image satellite est prise et celui o\u00f9 le contr\u00f4le en mer est effectu\u00e9.<\/p>\n<p>Mi-mai, la Commission avait insist\u00e9 sur la version tr\u00e8s provisoire du document de travail.<\/p>\n<p>Avec sa nouvelle strat\u00e9gie, l&rsquo;Union europ\u00e9enne promet d&rsquo;accorder une attention particuli\u00e8re aux \u00ab\u00a0petits p\u00eacheurs\u00a0\u00bb et aux \u00ab\u00a0communaut\u00e9s c\u00f4ti\u00e8res vuln\u00e9rables\u00a0\u00bb.<\/p>\n<p>Bruxelles souligne la place de la mer dans le quotidien des Europ\u00e9ens.<\/p>\n<p>Environ 40% d&rsquo;entre eux vivent \u00e0 moins de 50 kilom\u00e8tres des c\u00f4tes. L&rsquo;\u00e9conomie bleue\u00a0\u00bb repr\u00e9sente pr\u00e8s de cinq millions d&#8217;emplois et contribue \u00e0 hauteur de plus de 250 milliards d&rsquo;euros au PIB annuel de l&rsquo;UE.<\/p>\n<p>Mais paradoxalement, l&rsquo;UE demeure encore d\u00e9pendante : ses habitants importent 70% des produits de la mer qu&rsquo;ils consomment.<\/p>\n<p>Le tout dans un monde o\u00f9 l&rsquo;oc\u00e9an est confront\u00e9 \u00e0 la pression sans cesse grandissante du r\u00e9chauffement climatique et de la pollution.<\/p>\n<p>Apr\u00e8s la pr\u00e9sentation \u00e0 Bruxelles, la pr\u00e9sidente de la Commission europ\u00e9enne Ursula von der Leyen ira d\u00e9fendre ce \u00ab\u00a0pacte\u00a0\u00bb lundi \u00e0 Nice, dans le sud de la France, \u00e0 la troisi\u00e8me conf\u00e9rence de l&rsquo;ONU sur les oc\u00e9ans.<\/p>\n<p>Les oc\u00e9ans, qui couvrent 70,8% du globe, ont \u00e9t\u00e9 victimes ces deux derni\u00e8res ann\u00e9es de canicules in\u00e9dites qui menacent la survie des esp\u00e8ces marines.<\/p>\n<p>La conf\u00e9rence permettra \u00ab\u00a0soit d&rsquo;inverser le d\u00e9clin des oc\u00e9ans d&rsquo;ici \u00e0 2030, soit de documenter l&rsquo;\u00e9chec de l&rsquo;humanit\u00e9 \u00e0 agir\u00a0\u00bb, a pr\u00e9venu Maritza Chan, l&rsquo;ambassadrice \u00e0 l&rsquo;ONU du Costa Rica, le pays coorganisateur avec la France.<\/p>\n<p>Mme Chan dit attendre 100 milliards de dollars de nouveaux financements publics et priv\u00e9s en faveur du d\u00e9veloppement durable de l&rsquo;oc\u00e9an. \u00ab\u00a0C&rsquo;est ce qui est diff\u00e9rent cette fois-ci : z\u00e9ro rh\u00e9torique, maximum de r\u00e9sultats\u00a0\u00bb, veut-elle croire.<\/p>\n","protected":false},"excerpt":{"rendered":"Le sommet des oc\u00e9ans approche \u00e0 Nice, et les dirigeants europ\u00e9ens vont pr\u00e9senter ce jeudi 5 juin leur&hellip;\n","protected":false},"author":2,"featured_media":153579,"comment_status":"","ping_status":"","sticky":false,"template":"","format":"standard","meta":{"footnotes":""},"categories":[2819],"tags":[1111,11,436,1777,674,1011,27,12,2401,882,25],"class_list":{"0":"post-153578","1":"post","2":"type-post","3":"status-publish","4":"format-standard","5":"has-post-thumbnail","7":"category-nice","8":"tag-actu","9":"tag-actualites","10":"tag-environnement","11":"tag-eu","12":"tag-europe","13":"tag-fr","14":"tag-france","15":"tag-news","16":"tag-nice","17":"tag-provence-alpes-cote-dazur","18":"tag-republique-francaise"},"share_on_mastodon":{"url":"https:\/\/pubeurope.com\/@fr\/114629994400772529","error":""},"_links":{"self":[{"href":"https:\/\/www.europesays.com\/fr\/wp-json\/wp\/v2\/posts\/153578","targetHints":{"allow":["GET"]}}],"collection":[{"href":"https:\/\/www.europesays.com\/fr\/wp-json\/wp\/v2\/posts"}],"about":[{"href":"https:\/\/www.europesays.com\/fr\/wp-json\/wp\/v2\/types\/post"}],"author":[{"embeddable":true,"href":"https:\/\/www.europesays.com\/fr\/wp-json\/wp\/v2\/users\/2"}],"replies":[{"embeddable":true,"href":"https:\/\/www.europesays.com\/fr\/wp-json\/wp\/v2\/comments?post=153578"}],"version-history":[{"count":0,"href":"https:\/\/www.europesays.com\/fr\/wp-json\/wp\/v2\/posts\/153578\/revisions"}],"wp:featuredmedia":[{"embeddable":true,"href":"https:\/\/www.europesays.com\/fr\/wp-json\/wp\/v2\/media\/153579"}],"wp:attachment":[{"href":"https:\/\/www.europesays.com\/fr\/wp-json\/wp\/v2\/media?parent=153578"}],"wp:term":[{"taxonomy":"category","embeddable":true,"href":"https:\/\/www.europesays.com\/fr\/wp-json\/wp\/v2\/categories?post=153578"},{"taxonomy":"post_tag","embeddable":true,"href":"https:\/\/www.europesays.com\/fr\/wp-json\/wp\/v2\/tags?post=153578"}],"curies":[{"name":"wp","href":"https:\/\/api.w.org\/{rel}","templated":true}]}}