{"id":153582,"date":"2025-06-05T09:15:22","date_gmt":"2025-06-05T09:15:22","guid":{"rendered":"https:\/\/www.europesays.com\/fr\/153582\/"},"modified":"2025-06-05T09:15:22","modified_gmt":"2025-06-05T09:15:22","slug":"a-reze-le-centre-daction-sociale-tire-la-sonnette-dalarme","status":"publish","type":"post","link":"https:\/\/www.europesays.com\/fr\/153582\/","title":{"rendered":"\u00c0 Rez\u00e9, le centre d\u2019action sociale tire la sonnette d\u2019alarme"},"content":{"rendered":"<p>Fin avril, <a href=\"https:\/\/nevers.maville.com\/actu\/actudet_-entretien.-comment-francois-rebsamen-veut-simplifier-la-vie-des-elus...-et-des-francais-_54135-6782075_actu.Htm\" target=\"_self\" rel=\"nofollow noopener\">parmi les mesures du \u00ab\u00a0Roquelaure de la simplification\u00a0\u00bb<\/a>, celles sur <a href=\"https:\/\/rennes.maville.com\/actu\/actudet_-la-fin-de-l-obligation-pour-les-collectivites-de-creer-un-ccas-menace-l-action-sociale-_54135-6827495_actu.Htm\" target=\"_self\" rel=\"nofollow noopener\">les centres communaux d\u2019action sociale (CCAS) ne passent pas.<\/a> La mission envisage de laisser aux \u00e9lus le choix de cr\u00e9er ou non des CCAS.\u00a0Pour les maires et les travailleurs sociaux, cette mesure fait resurgir de vieilles inqui\u00e9tudes. En 2015, la <a href=\"https:\/\/www.ouest-france.fr\/bretagne\/ille-et-vilaine\/loi-notre-transfert-de-competences-et-de-personnels-4312978\" target=\"_self\" rel=\"nofollow noopener\">loi NOTRe<\/a> a rendu la pr\u00e9sence de CCAS facultative dans les communes de moins de 1\u00a0500\u00a0habitants.<\/p>\n<p>Dans un communiqu\u00e9, le Conseil d\u2019administration du CCAS de Rez\u00e9 (Loire-Atlantique) et les \u00e9lus de la majorit\u00e9 du conseil municipal ont d\u00e9nonc\u00e9 une <strong>\u00ab\u00a0d\u00e9cision technocratique\u00a0\u00bb<\/strong>, susceptible de <strong>\u00ab\u00a0fragiliser le lien social, l\u00e0 o\u00f9 il est d\u00e9j\u00e0 tendu\u00a0\u00bb<\/strong>. <strong>\u00ab\u00a0Ils sont souvent le premier rempart contre la pr\u00e9carit\u00e9, l\u2019isolement, les violences, la perte d\u2019autonomie\u00a0\u00bb<\/strong>, soulignent les \u00e9lus.<\/p>\n<p>Plusieurs services de proximit\u00e9 \u00e0 Rez\u00e9<\/p>\n<p>Le CCAS de Rez\u00e9 est dot\u00e9 de <a href=\"https:\/\/nantes.maville.com\/actu\/actudet_-la-ville-de-reze-muscle-son-service-social-_8-4577225_actu.Htm\" target=\"_self\" rel=\"nofollow noopener\">plusieurs services de proximit\u00e9<\/a>, dont un <a href=\"https:\/\/nantes.maville.com\/actu\/actudet_-reze.-la-ville-propose-une-aide-pour-gerer-son-budget-_8-5031351_actu.Htm\" target=\"_self\" rel=\"nofollow noopener\">Point conseil budget<\/a>, une \u00e9picerie sociale ou encore une aide pour les personnes \u00e2g\u00e9es et vuln\u00e9rables. Les habitants sont accueillis, orient\u00e9s et accompagn\u00e9s en fonction de leur situation. <strong>\u00ab<\/strong> <strong>\u00a0La solidarit\u00e9 ne peut pas \u00eatre une variable d\u2019ajustement budg\u00e9taire\u00a0\u00bb<\/strong>, assurent les signataires du communiqu\u00e9. Les \u00e9conomies pr\u00e9vues par\u00a0la mission Roquelaure sont estim\u00e9es \u00e0 plusieurs milliards, d\u2019apr\u00e8s <a href=\"https:\/\/nevers.maville.com\/actu\/actudet_-portrait.-gouvernement-francois-rebsamen-l-aile-gauche-de-la-macronie-_54135-6611498_actu.Htm\" target=\"_self\" rel=\"nofollow noopener\">Fran\u00e7ois Rebsamen, ministre de l\u2019Am\u00e9nagement du territoire et de la D\u00e9centralisation<\/a>.<\/p>\n<p>\u00a0<\/p>\n","protected":false},"excerpt":{"rendered":"Fin avril, parmi les mesures du \u00ab\u00a0Roquelaure de la simplification\u00a0\u00bb, celles sur les centres communaux d\u2019action sociale (CCAS)&hellip;\n","protected":false},"author":2,"featured_media":153583,"comment_status":"","ping_status":"","sticky":false,"template":"","format":"standard","meta":{"footnotes":""},"categories":[2818],"tags":[631,1111,11,19352,3335,1777,674,1011,27,766,12,2636,25,3740,2812,9775,19455],"class_list":{"0":"post-153582","1":"post","2":"type-post","3":"status-publish","4":"format-standard","5":"has-post-thumbnail","7":"category-nantes","8":"tag-action","9":"tag-actu","10":"tag-actualites","11":"tag-alarme","12":"tag-centre","13":"tag-eu","14":"tag-europe","15":"tag-fr","16":"tag-france","17":"tag-nantes","18":"tag-news","19":"tag-pays-de-la-loire","20":"tag-republique-francaise","21":"tag-reze","22":"tag-sociale","23":"tag-sonnette","24":"tag-tire"},"share_on_mastodon":{"url":"https:\/\/pubeurope.com\/@fr\/114630002200974172","error":""},"_links":{"self":[{"href":"https:\/\/www.europesays.com\/fr\/wp-json\/wp\/v2\/posts\/153582","targetHints":{"allow":["GET"]}}],"collection":[{"href":"https:\/\/www.europesays.com\/fr\/wp-json\/wp\/v2\/posts"}],"about":[{"href":"https:\/\/www.europesays.com\/fr\/wp-json\/wp\/v2\/types\/post"}],"author":[{"embeddable":true,"href":"https:\/\/www.europesays.com\/fr\/wp-json\/wp\/v2\/users\/2"}],"replies":[{"embeddable":true,"href":"https:\/\/www.europesays.com\/fr\/wp-json\/wp\/v2\/comments?post=153582"}],"version-history":[{"count":0,"href":"https:\/\/www.europesays.com\/fr\/wp-json\/wp\/v2\/posts\/153582\/revisions"}],"wp:featuredmedia":[{"embeddable":true,"href":"https:\/\/www.europesays.com\/fr\/wp-json\/wp\/v2\/media\/153583"}],"wp:attachment":[{"href":"https:\/\/www.europesays.com\/fr\/wp-json\/wp\/v2\/media?parent=153582"}],"wp:term":[{"taxonomy":"category","embeddable":true,"href":"https:\/\/www.europesays.com\/fr\/wp-json\/wp\/v2\/categories?post=153582"},{"taxonomy":"post_tag","embeddable":true,"href":"https:\/\/www.europesays.com\/fr\/wp-json\/wp\/v2\/tags?post=153582"}],"curies":[{"name":"wp","href":"https:\/\/api.w.org\/{rel}","templated":true}]}}