{"id":153591,"date":"2025-06-05T09:20:08","date_gmt":"2025-06-05T09:20:08","guid":{"rendered":"https:\/\/www.europesays.com\/fr\/153591\/"},"modified":"2025-06-05T09:20:08","modified_gmt":"2025-06-05T09:20:08","slug":"toulouse-qui-prendra-la-suite-de-damien-comolli-a-la-presidence-du-tfc-ces-deux-candidats-envisages","status":"publish","type":"post","link":"https:\/\/www.europesays.com\/fr\/153591\/","title":{"rendered":"Toulouse. Qui prendra la suite de Damien Comolli \u00e0 la pr\u00e9sidence du TFC ? Ces deux candidats envisag\u00e9s"},"content":{"rendered":"<p>            Par<br \/>\n        <strong><br \/>\n            <a href=\"https:\/\/actu.fr\/auteur\/marie-lamarque\" title=\"Consulter tous les articles de Marie Lamarque\" rel=\"nofollow noopener\" target=\"_blank\">Marie Lamarque<\/a><br \/>\n        <\/strong><\/p>\n<p>        Publi\u00e9 le<\/p>\n<p>            5 juin 2025 \u00e0 10h58        <\/p>\n<p>\u00c0 <a href=\"https:\/\/actu.fr\/occitanie\/toulouse_31555\/toulouse-c-est-officiel-le-tfc-annonce-le-depart-de-son-president-damien-comolli_62703427.html\" rel=\"nofollow noopener\" target=\"_blank\">l\u2019annonce du d\u00e9part de son pr\u00e9sident<\/a> le 28 mai 2025, le <a href=\"https:\/\/actu.fr\/toulouse\/\" rel=\"nofollow noopener\" target=\"_blank\">Toulouse<\/a> FC expliquait d\u00e9j\u00e0 pr\u00e9parer sa nouvelle gouvernance. Apr\u00e8s cinq ann\u00e9es de service pour les Violets, <strong>Damien Comolli<\/strong> a quitt\u00e9 la Ville rose pour rejoindre <strong>la Juventus Turin,<\/strong> <a href=\"https:\/\/actu.fr\/occitanie\/toulouse_31555\/desormais-ex-president-du-toulouse-fc-damien-comolli-rejoint-la-juventus-turin-quel-sera-son-poste_62714552.html\" rel=\"nofollow noopener\" target=\"_blank\">a-t-il officialis\u00e9 quatre jours plus tard<\/a>.<\/p>\n<p class=\" wall-content\">De son c\u00f4t\u00e9, le T\u00e9F\u00e9C\u00e9, <strong>10e de Ligue 1<\/strong>, doit maintenant se concentrer sur sa prochaine saison et assurer le mercato estival. Le club explique prioriser la nomination de son nouveau pr\u00e9sident. <strong>Deux candidats sont envisag\u00e9s<\/strong>.<\/p>\n<p>Les noms envisag\u00e9s<\/p>\n<p class=\" wall-content\">Les recrutements ont \u00ab\u00a0d\u00e9j\u00e0 commenc\u00e9\u00a0\u00bb, souligne le TFC. Le candidat choisi devra partager \u00ab\u00a0les ambitions et la passion des propri\u00e9taires, la direction et les supporters. [Il] jouera un r\u00f4le cl\u00e9 dans la mise en \u0153uvre de la vision strat\u00e9gique \u00e0 long terme du Toulouse FC\u00a0\u00bb.<\/p>\n<p class=\" wall-content\">L\u2019information avait \u00e9t\u00e9 d\u00e9voil\u00e9e par <a href=\"https:\/\/www.lequipe.fr\/Football\/Article\/Les-pistes-de-redbird-pour-remplacer-damien-comolli-au-poste-de-president-du-toulouse-fc\/1567391\" rel=\"nofollow noopener\" target=\"_blank\">L\u2019\u00c9quipe<\/a>, confirm\u00e9e aupr\u00e8s de l\u2019AFP. Deux noms sont en balance : <strong>Julien Fournier<\/strong>, l\u2019ancien directeur du football \u00e0 Nice, et<strong> Olivier Cloarec<\/strong>, l\u2019ex-pr\u00e9sident ex\u00e9cutif de Rennes.<\/p>\n<p>En attendant, qui est le pr\u00e9sident en interim ?<\/p>\n<p class=\" wall-content\">En attendant une nomination officielle,<strong> Neil Chugani<\/strong>, directeur g\u00e9n\u00e9ral de RedBird Capital Partners, <a href=\"https:\/\/actu.fr\/occitanie\/toulouse_31555\/ligue-2-qui-est-derriere-redbird-capital-partners-fonds-americain-passe-racheter-tfc_33782939.html\" rel=\"nofollow noopener\" target=\"_blank\">le fonds am\u00e9ricain propri\u00e9taire du club<\/a>, occupe le <strong>poste en int\u00e9rimaire<\/strong>. Son \u00ab\u00a0r\u00f4le est transitoire en attendant l\u2019arriv\u00e9e d\u2019un nouveau pr\u00e9sident\u00a0\u00bb, appuie le club.<\/p>\n<p>Vid\u00e9os : en ce moment sur Actu<\/p>\n<p class=\" wall-content\">Responsable de l\u2019\u00e9quipe RedBird \u00e0 Londres, Neil Chugani \u00ab\u00a0apporte une exp\u00e9rience approfondie acquise au cours de plus de 25 ans d\u2019exp\u00e9rience dans les m\u00e9dias, le sport et la technologie\u00a0\u00bb.<\/p>\n<p class=\" wall-content\">\u00c0 56 ans, cet<strong> ancien sportif de haut niveau<\/strong> a \u00e9t\u00e9 m\u00e9daill\u00e9 d\u2019or avec l\u2019\u00e9quipe britannique aux championnats du monde d\u2019aviron en 2001.<\/p>\n<p class=\" wall-content\">Il a occup\u00e9 des postes de direction au sein de tr\u00e8s puissants groupes tels que \u00ab\u00a0<strong>Warner Bros., Discovery, Google et Sky<\/strong>, tout en \u00e9tant membre strat\u00e9gique du conseil d\u2019administration de <strong>UK Sport<\/strong>, l\u2019organisme gouvernemental charg\u00e9 du financement des athl\u00e8tes britanniques pour les Jeux Olympiques et paralympiques\u00a0\u00bb.<\/p>\n<p>Un avis positif rendu sur le club<\/p>\n<p class=\" wall-content\">Neil Chugani a repr\u00e9sent\u00e9 les Violets lors d\u2019une r\u00e9union avec la Direction Nationale du Contr\u00f4le de Gestion (DNCG), <strong>le gendarme financier du football fran\u00e7ais<\/strong>. Ce mercredi 4 juin, la structure a rendu les conclusions de son examen annuel sur le club.<\/p>\n<p class=\" wall-content\">\u00c0 l\u2019approche de la saison 2025-2026 de la Ligue 1 McDonald\u2019s, elle a fait \u00e9tat de la \u00ab\u00a0solide position \u00e9conomique et structurelle\u00a0\u00bb du TFC. RedBird \u00ab\u00a0a apport\u00e9 des fonds suppl\u00e9mentaires au club afin de garantir sa solidit\u00e9 financi\u00e8re pour la saison 2025-2026\u00a0\u00bb et \u00ab\u00a0la DNCG n\u2019a pris aucune mesure \u00e0 l\u2019encontre du club, confirmant la gestion saine et l\u2019orientation strat\u00e9gique\u00a0\u00bb du propri\u00e9taire.<\/p>\n<p>Avec l\u2019AFP<\/p>\n<p class=\" wall-content\">Suivez toute l\u2019actualit\u00e9 de vos villes et m\u00e9dias favoris en vous inscrivant \u00e0 <a href=\"https:\/\/moncompte.actu.fr\" title=\"D\u00e9couvez Mon Actu\" rel=\"nofollow noopener\" data-trk=\"{&quot;cta&quot;:{&quot;action&quot;:&quot;https:\\\/\\\/moncompte.actu.fr&quot;,&quot;category&quot;:&quot;mon compte&quot;,&quot;from&quot;:&quot;article footer&quot;,&quot;name&quot;:&quot;Mon actu&quot;,&quot;type&quot;:&quot;cta&quot;}}\" target=\"_blank\">Mon Actu<\/a>.<\/p>\n<ul class=\"ac-article-tag wall-content\">\n<li><a href=\"https:\/\/actu.fr\/tag\/toulouse-football-club-tfc\" data-trk=\"{&quot;cta&quot;:{&quot;action&quot;:&quot;Toulouse Football Club (TFC)&quot;,&quot;category&quot;:&quot;tag&quot;,&quot;from&quot;:&quot;article footer&quot;,&quot;name&quot;:&quot;Toulouse Football Club (TFC)&quot;,&quot;type&quot;:&quot;cta&quot;}}\" rel=\"nofollow noopener\" target=\"_blank\">#Toulouse Football Club (TFC)<\/a><\/li>\n<\/ul>\n","protected":false},"excerpt":{"rendered":"Par Marie Lamarque Publi\u00e9 le 5 juin 2025 \u00e0 10h58 \u00c0 l\u2019annonce du d\u00e9part de son pr\u00e9sident le&hellip;\n","protected":false},"author":2,"featured_media":153592,"comment_status":"","ping_status":"","sticky":false,"template":"","format":"standard","meta":{"footnotes":""},"categories":[2816],"tags":[1111,11,1777,674,63,1011,27,12,2680,25,60,2312,4159],"class_list":{"0":"post-153591","1":"post","2":"type-post","3":"status-publish","4":"format-standard","5":"has-post-thumbnail","7":"category-toulouse","8":"tag-actu","9":"tag-actualites","10":"tag-eu","11":"tag-europe","12":"tag-football","13":"tag-fr","14":"tag-france","15":"tag-news","16":"tag-occitanie","17":"tag-republique-francaise","18":"tag-sports","19":"tag-toulouse","20":"tag-toulouse-football-club-tfc"},"share_on_mastodon":{"url":"https:\/\/pubeurope.com\/@fr\/114630021844819954","error":""},"_links":{"self":[{"href":"https:\/\/www.europesays.com\/fr\/wp-json\/wp\/v2\/posts\/153591","targetHints":{"allow":["GET"]}}],"collection":[{"href":"https:\/\/www.europesays.com\/fr\/wp-json\/wp\/v2\/posts"}],"about":[{"href":"https:\/\/www.europesays.com\/fr\/wp-json\/wp\/v2\/types\/post"}],"author":[{"embeddable":true,"href":"https:\/\/www.europesays.com\/fr\/wp-json\/wp\/v2\/users\/2"}],"replies":[{"embeddable":true,"href":"https:\/\/www.europesays.com\/fr\/wp-json\/wp\/v2\/comments?post=153591"}],"version-history":[{"count":0,"href":"https:\/\/www.europesays.com\/fr\/wp-json\/wp\/v2\/posts\/153591\/revisions"}],"wp:featuredmedia":[{"embeddable":true,"href":"https:\/\/www.europesays.com\/fr\/wp-json\/wp\/v2\/media\/153592"}],"wp:attachment":[{"href":"https:\/\/www.europesays.com\/fr\/wp-json\/wp\/v2\/media?parent=153591"}],"wp:term":[{"taxonomy":"category","embeddable":true,"href":"https:\/\/www.europesays.com\/fr\/wp-json\/wp\/v2\/categories?post=153591"},{"taxonomy":"post_tag","embeddable":true,"href":"https:\/\/www.europesays.com\/fr\/wp-json\/wp\/v2\/tags?post=153591"}],"curies":[{"name":"wp","href":"https:\/\/api.w.org\/{rel}","templated":true}]}}