{"id":153593,"date":"2025-06-05T09:21:10","date_gmt":"2025-06-05T09:21:10","guid":{"rendered":"https:\/\/www.europesays.com\/fr\/153593\/"},"modified":"2025-06-05T09:21:10","modified_gmt":"2025-06-05T09:21:10","slug":"hip-hop-talents-debarque-a-roubaix-rap-danse-et-street-art-au-sommet","status":"publish","type":"post","link":"https:\/\/www.europesays.com\/fr\/153593\/","title":{"rendered":"Hip Hop Talents d\u00e9barque \u00e0 Roubaix : rap, danse et street art au sommet"},"content":{"rendered":"<p data-start=\"1124\" data-end=\"1486\">Depuis son lancement, <strong data-start=\"1146\" data-end=\"1165\">Hip Hop Talents<\/strong> s\u2019est impos\u00e9 comme un tremplin unique pour les artistes \u00e9mergents. Cette troisi\u00e8me \u00e9dition promet une nouvelle fois de faire vibrer la sc\u00e8ne fran\u00e7aise avec six s\u00e9lections r\u00e9gionales dans des villes embl\u00e9matiques comme Le Havre, Bordeaux, Nantes, Lyon, Paris\u2026 et <strong data-start=\"1428\" data-end=\"1439\">Roubaix<\/strong>, o\u00f9 l\u2019\u00e9v\u00e9nement est accueilli pour la 3e fois.<\/p>\n<p data-start=\"1488\" data-end=\"1811\">Le 7 juin, <strong data-start=\"1499\" data-end=\"1524\">La Condition Publique<\/strong>, laboratoire cr\u00e9atif ancr\u00e9 au c\u0153ur du quartier du Pile, accueillera les prestations live des talents locaux. Objectif : d\u00e9crocher une place en <strong data-start=\"1668\" data-end=\"1702\">finale \u00e0 Paris le 13 septembre<\/strong>, et peut-\u00eatre suivre les pas de <strong data-start=\"1735\" data-end=\"1745\">Gulien<\/strong> ou <strong data-start=\"1749\" data-end=\"1759\">Reaphe<\/strong>, deux artistes roubaisiens r\u00e9v\u00e9l\u00e9s par le concours.<\/p>\n<p data-start=\"1813\" data-end=\"2184\">Sur sc\u00e8ne, un <strong data-start=\"1827\" data-end=\"1844\">jury de renom<\/strong> :<br data-start=\"1846\" data-end=\"1849\"\/>\ud83c\udfa4 <strong data-start=\"1852\" data-end=\"1865\">Fred Musa<\/strong>, animateur embl\u00e9matique de Plan\u00e8te Rap sur Skyrock,<br data-start=\"1919\" data-end=\"1922\"\/>\ud83c\udfa7 <strong data-start=\"1925\" data-end=\"1939\">DJ Asfalte<\/strong>,<br data-start=\"1940\" data-end=\"1943\"\/>\ud83d\udd25 <strong data-start=\"1946\" data-end=\"1955\">Konga<\/strong>, rappeur lillois \u00e0 la plume ac\u00e9r\u00e9e,<br data-start=\"1991\" data-end=\"1994\"\/>\ud83e\ude70 <strong data-start=\"1997\" data-end=\"2018\">Romuald Brizolier<\/strong>, danseur-chor\u00e9graphe et fondateur d\u2019Art-Track,<br data-start=\"2065\" data-end=\"2068\"\/>\ud83c\udfa8 <strong data-start=\"2071\" data-end=\"2086\">Lady Alezia<\/strong>, street-artiste aux fresques po\u00e9tiques,<br data-start=\"2126\" data-end=\"2129\"\/>et un repr\u00e9sentant des <strong data-start=\"2152\" data-end=\"2183\">Espaces Culturels E.Leclerc<\/strong>.<\/p>\n<p data-start=\"2186\" data-end=\"2456\">Pour les talents, le concours est bien plus qu\u2019un simple passage sur sc\u00e8ne : c\u2019est une opportunit\u00e9 de gagner un <strong data-start=\"2298\" data-end=\"2319\">ch\u00e8que de 5.000 \u20ac<\/strong> et une <strong data-start=\"2327\" data-end=\"2377\">bourse d\u2019accompagnement artistique de 10.000 \u20ac<\/strong>. De quoi concr\u00e9tiser des projets ambitieux et booster une carri\u00e8re artistique.<\/p>\n<p>\ud83d\udd52 Infos pratiques :<\/p>\n<p data-start=\"2483\" data-end=\"2766\">\ud83d\udccd <strong data-start=\"2486\" data-end=\"2511\">La Condition Publique<\/strong>, 14 place Faidherbe, Roubaix<br data-start=\"2540\" data-end=\"2543\"\/>\ud83d\uddd3\ufe0f <strong data-start=\"2547\" data-end=\"2564\">Samedi 7 juin<\/strong> \u2013 de 14h30 \u00e0 18h (ouverture des portes \u00e0 14h)<br data-start=\"2610\" data-end=\"2613\"\/>\ud83c\udf9f\ufe0f <strong data-start=\"2617\" data-end=\"2636\">Entr\u00e9e gratuite<\/strong>, r\u00e9servation conseill\u00e9e<br data-start=\"2660\" data-end=\"2663\"\/>\ud83c\udf54 <strong data-start=\"2666\" data-end=\"2689\">Restauration et bar<\/strong> sur place<br data-start=\"2699\" data-end=\"2702\"\/>\ud83d\ude87 M\u00e9tro, tram et bus : arr\u00eat Eurot\u00e9l\u00e9port ou Condition Publique<\/p>\n<p data-start=\"2768\" data-end=\"2867\">\ud83d\udc49 Pour assister ou en savoir plus : <a class=\"\" href=\"https:\/\/www.hiphoptalents.leclerc\" target=\"_new\" rel=\"noopener nofollow\" data-start=\"2805\" data-end=\"2867\">www.hiphoptalents.leclerc<\/a><\/p>\n<p class=\"title\">\ud83d\udc49 Plus d\u2019infos sur URBX 2025<\/p>\n<p data-start=\"179\" data-end=\"537\">Pour sa 4e \u00e9dition, <strong data-start=\"199\" data-end=\"216\">URBX Festival<\/strong> investit \u00e0 nouveau Roubaix et la m\u00e9tropole du 19 au 29 juin 2025, avec une programmation toujours plus ambitieuse. Pens\u00e9 comme un grand rendez-vous populaire et cr\u00e9atif, URBX met \u00e0 l\u2019honneur <strong data-start=\"408\" data-end=\"457\">cinq disciplines phares des cultures urbaines<\/strong> : la <strong data-start=\"463\" data-end=\"474\">musique<\/strong>, la <strong data-start=\"479\" data-end=\"488\">danse<\/strong>, la <strong data-start=\"493\" data-end=\"501\">mode<\/strong>, le <strong data-start=\"506\" data-end=\"520\">street art<\/strong> et le <strong data-start=\"527\" data-end=\"536\">sport<\/strong>.<\/p>\n<p data-start=\"539\" data-end=\"802\">En amont du festival, l\u2019ambiance monte d\u00e8s le <strong data-start=\"585\" data-end=\"595\">7 juin<\/strong> avec le retour du <strong data-start=\"614\" data-end=\"629\">Bus ta rime<\/strong>, studio mobile Il\u00e9via qui traverse les quartiers roubaisiens. Le m\u00eame jour, <strong data-start=\"706\" data-end=\"731\">La Condition Publique<\/strong> accueillera les s\u00e9lections r\u00e9gionales du <strong data-start=\"773\" data-end=\"801\">Tremplin Hip Hop Talents<\/strong>.<\/p>\n<p data-start=\"804\" data-end=\"948\">Le <strong data-start=\"807\" data-end=\"818\">19 juin<\/strong>, la soir\u00e9e d\u2019ouverture s\u2019annonce intense avec une <strong data-start=\"869\" data-end=\"899\">Carte blanche \u00e0 Heaven Sam<\/strong>, parrain 2025, toujours \u00e0 La Condition Publique.<\/p>\n<p data-start=\"950\" data-end=\"1293\">Au programme pendant dix jours :<br data-start=\"982\" data-end=\"985\"\/>\ud83c\udfb6 Concerts (Soso Maness, Naza, Heaven Sam, Alonzo, Nayra, Ocean Wisdom\u2026)<br data-start=\"1058\" data-end=\"1061\"\/>\ud83d\udd7a Spectacles et workshops de danse (Zarbaht, Dans la Rue la Danse, Pantsula\u2026)<br data-start=\"1139\" data-end=\"1142\"\/>\ud83c\udfa8 Street-art sur les murs et les toits de Roubaix<br data-start=\"1192\" data-end=\"1195\"\/>\ud83d\udc55 D\u00e9fil\u00e9 ESMOD, ateliers Anti_Fashion<br data-start=\"1233\" data-end=\"1236\"\/>\ud83c\udfae E-sport, cin\u00e9ma, expos, afters festifs et Block Party\u2026<\/p>\n<p data-start=\"1295\" data-end=\"1449\">\ud83d\udcc5 <strong data-start=\"1298\" data-end=\"1350\">\u00c0 ne pas manquer : le concert gratuit du 21 juin<\/strong>, jour de la F\u00eate de la musique, avec Soso Maness, Naza et Heaven Sam pour une ambiance survolt\u00e9e !<\/p>\n<p>Suivez les sur Instagram : <a href=\"https:\/\/www.instagram.com\/urbx_festival\" target=\"_blank\" rel=\"noopener nofollow\">@urbx_festival<\/a><\/p>\n<p>Abonnez-vous \u00e0 la Newsletter : <a href=\"https:\/\/www.urbxfestival.com\/\" target=\"_blank\" rel=\"noopener nofollow\">urbxfestival.com<\/a><\/p>\n<p><script async src=\"\/\/www.instagram.com\/embed.js\"><\/script><\/p>\n","protected":false},"excerpt":{"rendered":"Depuis son lancement, Hip Hop Talents s\u2019est impos\u00e9 comme un tremplin unique pour les artistes \u00e9mergents. Cette troisi\u00e8me&hellip;\n","protected":false},"author":2,"featured_media":153594,"comment_status":"","ping_status":"","sticky":false,"template":"","format":"standard","meta":{"footnotes":""},"categories":[2815],"tags":[1111,11,251,1777,674,1011,27,811,28333,1307,873,12,25,22085],"class_list":{"0":"post-153593","1":"post","2":"type-post","3":"status-publish","4":"format-standard","5":"has-post-thumbnail","7":"category-lille","8":"tag-actu","9":"tag-actualites","10":"tag-culture","11":"tag-eu","12":"tag-europe","13":"tag-fr","14":"tag-france","15":"tag-hauts-de-france","16":"tag-hip-hop-contest","17":"tag-lille","18":"tag-musique","19":"tag-news","20":"tag-republique-francaise","21":"tag-urbx"},"share_on_mastodon":{"url":"https:\/\/pubeurope.com\/@fr\/114630025863891749","error":""},"_links":{"self":[{"href":"https:\/\/www.europesays.com\/fr\/wp-json\/wp\/v2\/posts\/153593","targetHints":{"allow":["GET"]}}],"collection":[{"href":"https:\/\/www.europesays.com\/fr\/wp-json\/wp\/v2\/posts"}],"about":[{"href":"https:\/\/www.europesays.com\/fr\/wp-json\/wp\/v2\/types\/post"}],"author":[{"embeddable":true,"href":"https:\/\/www.europesays.com\/fr\/wp-json\/wp\/v2\/users\/2"}],"replies":[{"embeddable":true,"href":"https:\/\/www.europesays.com\/fr\/wp-json\/wp\/v2\/comments?post=153593"}],"version-history":[{"count":0,"href":"https:\/\/www.europesays.com\/fr\/wp-json\/wp\/v2\/posts\/153593\/revisions"}],"wp:featuredmedia":[{"embeddable":true,"href":"https:\/\/www.europesays.com\/fr\/wp-json\/wp\/v2\/media\/153594"}],"wp:attachment":[{"href":"https:\/\/www.europesays.com\/fr\/wp-json\/wp\/v2\/media?parent=153593"}],"wp:term":[{"taxonomy":"category","embeddable":true,"href":"https:\/\/www.europesays.com\/fr\/wp-json\/wp\/v2\/categories?post=153593"},{"taxonomy":"post_tag","embeddable":true,"href":"https:\/\/www.europesays.com\/fr\/wp-json\/wp\/v2\/tags?post=153593"}],"curies":[{"name":"wp","href":"https:\/\/api.w.org\/{rel}","templated":true}]}}