{"id":153599,"date":"2025-06-05T09:24:11","date_gmt":"2025-06-05T09:24:11","guid":{"rendered":"https:\/\/www.europesays.com\/fr\/153599\/"},"modified":"2025-06-05T09:24:11","modified_gmt":"2025-06-05T09:24:11","slug":"euromediterranee-celebre-trente-ans-de-transformations-urbaines-a-marseille","status":"publish","type":"post","link":"https:\/\/www.europesays.com\/fr\/153599\/","title":{"rendered":"Eurom\u00e9diterran\u00e9e c\u00e9l\u00e8bre trente ans de transformations urbaines \u00e0 Marseille"},"content":{"rendered":"<p><img loading=\"lazy\" decoding=\"async\" alt=\"\u00a9 Jean-Pierre Enaut - Inauguration de l'exposition \u00ab 30 ans-30 lieux \u00bb, pour f\u00eater les 30 ans d'Eurom\u00e9diterran\u00e9e.\" data-zoom-src=\"https:\/\/www.europesays.com\/fr\/wp-content\/uploads\/2025\/06\/initial-les-personnalites-pour-les-30-ans.jpg\" data-zoomable=\"\" height=\"702\" src=\"https:\/\/www.europesays.com\/fr\/wp-content\/uploads\/2025\/06\/initial-les-personnalites-pour-les-30-ans.jpg\" width=\"1248\"\/>  <\/p>\n<p class=\"article-desc\">\u00a9 Jean-Pierre Enaut &#8211; Inauguration de l&rsquo;exposition \u00ab 30 ans-30 lieux \u00bb, pour f\u00eater les 30 ans d&rsquo;Eurom\u00e9diterran\u00e9e. <\/p>\n<p>A l&rsquo;occasion de ses 30 ans, l\u2019\u00c9tablissement public d&rsquo;am\u00e9nagement <strong>Eurom\u00e9diterran\u00e9e<\/strong> (EPAEM) propose de red\u00e9couvrir les \u00e9volutions au c\u0153ur de Marseille \u00e0 travers <a href=\"https:\/\/mesinfos.fr\/13000-marseille\/exposition-euromediterranee-retrace-30-ans-de-transformations-urbaines-marseille-222985.html\" rel=\"noopener\" target=\"_blank\">l&rsquo;exposition \u00ab 30 ans-30 lieux \u00bb<\/a>, pr\u00e9sent\u00e9e du 2 juin au 31 octobre 2025 aux Docks Village. <\/p>\n<p>Depuis 1995, <strong>Eurom\u00e9diterran\u00e9e<\/strong> contribue \u00e0 faire \u00e9voluer le\u00a0visage de la cit\u00e9 phoc\u00e9enne. En 30 ans, l&rsquo;\u00e9tablissement a progressivement transform\u00e9 480 hectares en c\u0153ur de ville, convertissant des friches industrielles en quartiers vivants, durables et connect\u00e9s. <\/p>\n<p>\u00ab\u00a0D\u00e9s ses d\u00e9buts, ce fut un v\u00e9ritable laboratoire de la ville de demain. Ce furent trente ann\u00e9es de m\u00e9tamorphose\u00a0\u00bb, a confi\u00e9 <a href=\"https:\/\/mesinfos.fr\/13000-marseille\/euromediterranee-cree-de-la-stabilite-dans-un-contexte-d-incertitude-183167.html\" rel=\"noopener\" target=\"_blank\">Aur\u00e9lie Cousi<\/a>, directrice g\u00e9n\u00e9rale de l&rsquo;EPAEM, qui a salu\u00e9 ses pr\u00e9d\u00e9cesseurs et les diff\u00e9rents pr\u00e9sidents qui ont incarn\u00e9 cet \u00e9lan, dont Renaud Muselier, Michel Vauzelle, et <a href=\"https:\/\/mesinfos.fr\/13000-marseille\/laure-agnes-caradec-c-est-une-federation-a-reveiller-188272.html\" rel=\"noopener\" target=\"_blank\">Laure-Agn\u00e8s Caradec<\/a>, \u00e0 la t\u00eate de l&rsquo;EPA depuis 2015. <\/p>\n<p>\u00ab\u00a0L&rsquo;objectif \u00e9tait \u00e0 l&rsquo;\u00e9poque de pr\u00e9parer Marseille, Capitale europ\u00e9enne de la culture, et de nombreuses r\u00e9alisations comme le Silo, le cin\u00e9ma Joliette ou encore la place Henri Verneuil ont rythm\u00e9 ces ann\u00e9es\u00a0\u00bb, a soulign\u00e9 Guy Teissier, qui fut l&rsquo;un des premiers pr\u00e9sidents.<\/p>\n<blockquote>\n<p>Ce fut aussi la plus grande op\u00e9ration de r\u00e9novation urbaine d&rsquo;Europe\u00a0\u00bb, a rappel\u00e9 Laure-Agn\u00e8s Caradec. <\/p>\n<\/blockquote>\n<p>Aujourd&rsquo;hui, le pari est r\u00e9ussi puisque ce sont 40 000 habitants, 6\u00a0109 entreprises et 56 172 emplois qui cohabitent sur ce p\u00e9rim\u00e8tre. Et Laure-Agn\u00e8s Caradec de rajouter : \u00ab\u00a01 \u20ac d&rsquo;argent public investi a g\u00e9n\u00e9r\u00e9 3 \u00e0 4 \u20ac d&rsquo;argent priv\u00e9 investi.\u00a0\u00bb<\/p>\n<p> <strong>Eurom\u00e9diterran\u00e9e, une r\u00e9ussite collective<\/strong> <\/p>\n<p>La m\u00e9tamorphose de la ville a \u00e9t\u00e9 op\u00e9r\u00e9e en deux phases distinctes. D\u00e9s 1995, un p\u00e9rim\u00e8tre initial de 310 hectares permet d&rsquo;<strong>ouvrir la ville sur le port<\/strong> avec de nouveaux espaces pi\u00e9tons et v\u00e9g\u00e9talis\u00e9s tout en faisant \u00e9merger un quartier mixte. Lanc\u00e9e en 2007, Eurom\u00e9d 2 a \u00e9t\u00e9 cr\u00e9\u00e9e afin de <strong>connecter les quartiers du nord de Marseille au centre-ville<\/strong> et d&rsquo;en faire un lieu de vie attractif desservi par le tramway et le m\u00e9tro. <\/p>\n<p>\u00ab\u00a0C&rsquo;est le symbole d&rsquo;une ville en mouvement qui s&rsquo;est attel\u00e9e \u00e0 \u0153uvrer conjointement pour le d\u00e9veloppement \u00e9conomique et social\u00a0\u00bb, a estim\u00e9 <a href=\"https:\/\/mesinfos.fr\/13000-marseille\/logements-la-ville-de-marseille-roule-100-permis-200355.html\" rel=\"noopener\" target=\"_blank\">Eric M\u00e9ry<\/a>, adjoint d\u00e9l\u00e9gu\u00e9 \u00e0 l&rsquo;Urbanisme et \u00e0 l&rsquo;am\u00e9nagement de la Ville de Marseille. <\/p>\n<p>\u00ab\u00a0Avec ce jeu collectif, nous avons pos\u00e9 les fondations de la ville de demain tout en renfor\u00e7ant son r\u00f4le de poumon \u00e9conomique du territoire\u00a0\u00bb, a expliqu\u00e9 Laure-Agn\u00e8s Caradec.<\/p>\n<p>En 30 ans, Marseille a \u00e9volu\u00e9 avec des r\u00e9alisations notables, devenues symbole de la ville. \u00ab\u00a0Ces trente ann\u00e9es sont pass\u00e9es tr\u00e8s vite. C&rsquo;est le fruit d&rsquo;un travail en commun avec les diff\u00e9rents pr\u00e9fets qui se sont succ\u00e9d\u00e9 \u00bb, a estim\u00e9 <strong>Martine Vassal<\/strong>, pr\u00e9sidente du D\u00e9partement des Bouches-du-Rh\u00f4ne et de la M\u00e9tropole Aix-Marseille Provence. <\/p>\n<p>A l&rsquo;occasion de cet anniversaire, l&rsquo;exposition retrace donc l&rsquo;histoire de cette transformation. Cette r\u00e9trospective plonge au c\u0153ur des<strong> r\u00e9alisations marquantes<\/strong> qui ont fa\u00e7onn\u00e9 le visage de la ville. \u00ab\u00a0Cette op\u00e9ration se poursuivra sur la totalit\u00e9 de la gare Saint-Charles qui va devenir un v\u00e9ritable p\u00f4le multimodal en 2030\u00a0\u00bb, a rajout\u00e9 Renaud Muselier, pr\u00e9sident de la R\u00e9gion Paca. <\/p>\n<p>\u00ab\u00a0La France est une grande puissance car elle a la capacit\u00e9 de conduire une grande op\u00e9ration d&rsquo;urbanisme\u00a0\u00bb, a rappel\u00e9 <a href=\"https:\/\/mesinfos.fr\/13000-marseille\/le-prefet-georges-francois-leclerc-explique-sa-methode-214629.html\" rel=\"noopener\" target=\"_blank\">Georges-Fran\u00e7ois Leclerc<\/a>, pr\u00e9fet de la r\u00e9gion. <\/p>\n<p>\u00a0<\/p>\n","protected":false},"excerpt":{"rendered":"\u00a9 Jean-Pierre Enaut &#8211; Inauguration de l&rsquo;exposition \u00ab 30 ans-30 lieux \u00bb, pour f\u00eater les 30 ans d&rsquo;Eurom\u00e9diterran\u00e9e.&hellip;\n","protected":false},"author":2,"featured_media":153600,"comment_status":"","ping_status":"","sticky":false,"template":"","format":"standard","meta":{"footnotes":""},"categories":[2814],"tags":[1111,11,1777,28334,674,3293,1011,27,884,12,882,25],"class_list":{"0":"post-153599","1":"post","2":"type-post","3":"status-publish","4":"format-standard","5":"has-post-thumbnail","7":"category-marseille","8":"tag-actu","9":"tag-actualites","10":"tag-eu","11":"tag-euromu00e9diterranu00e9e","12":"tag-europe","13":"tag-exposition","14":"tag-fr","15":"tag-france","16":"tag-marseille","17":"tag-news","18":"tag-provence-alpes-cote-dazur","19":"tag-republique-francaise"},"share_on_mastodon":{"url":"https:\/\/pubeurope.com\/@fr\/114630037766093502","error":""},"_links":{"self":[{"href":"https:\/\/www.europesays.com\/fr\/wp-json\/wp\/v2\/posts\/153599","targetHints":{"allow":["GET"]}}],"collection":[{"href":"https:\/\/www.europesays.com\/fr\/wp-json\/wp\/v2\/posts"}],"about":[{"href":"https:\/\/www.europesays.com\/fr\/wp-json\/wp\/v2\/types\/post"}],"author":[{"embeddable":true,"href":"https:\/\/www.europesays.com\/fr\/wp-json\/wp\/v2\/users\/2"}],"replies":[{"embeddable":true,"href":"https:\/\/www.europesays.com\/fr\/wp-json\/wp\/v2\/comments?post=153599"}],"version-history":[{"count":0,"href":"https:\/\/www.europesays.com\/fr\/wp-json\/wp\/v2\/posts\/153599\/revisions"}],"wp:featuredmedia":[{"embeddable":true,"href":"https:\/\/www.europesays.com\/fr\/wp-json\/wp\/v2\/media\/153600"}],"wp:attachment":[{"href":"https:\/\/www.europesays.com\/fr\/wp-json\/wp\/v2\/media?parent=153599"}],"wp:term":[{"taxonomy":"category","embeddable":true,"href":"https:\/\/www.europesays.com\/fr\/wp-json\/wp\/v2\/categories?post=153599"},{"taxonomy":"post_tag","embeddable":true,"href":"https:\/\/www.europesays.com\/fr\/wp-json\/wp\/v2\/tags?post=153599"}],"curies":[{"name":"wp","href":"https:\/\/api.w.org\/{rel}","templated":true}]}}