{"id":153601,"date":"2025-06-05T09:25:15","date_gmt":"2025-06-05T09:25:15","guid":{"rendered":"https:\/\/www.europesays.com\/fr\/153601\/"},"modified":"2025-06-05T09:25:15","modified_gmt":"2025-06-05T09:25:15","slug":"toute-lactualite-de-ce-jeudi-5-juin-2025-a-lyon","status":"publish","type":"post","link":"https:\/\/www.europesays.com\/fr\/153601\/","title":{"rendered":"Toute l&rsquo;actualit\u00e9 de ce jeudi 5 juin 2025 \u00e0 Lyon"},"content":{"rendered":"<p>A la une de l\u2019info \u00e0 Lyon : bilan de l\u2019\u00e9pisode orageux, la gratuit\u00e9 des transports en commun ?, disparition de Jean-Fran\u00e7ois Mermet, Envie Rh\u00f4ne-Alpes en redressement judiciaire, une nouvelle cuisine centrale \u00e0 Neuville-sur-Sa\u00f4ne, une nouvelle date pour Zaho de Sagazan\u2026<\/p>\n<p>ECOUTEZ LE 1\/4H LYONNAIS\u2026 Toute l\u2019actualit\u00e9 de ce jeudi 5 juin 2025<\/p>\n<p>LE 1\/4H LYONNAIS | jeudi 5 juin 2025<\/p>\n<p><strong>Episode orageux<\/strong> sur la Loire, le Rh\u00f4ne et l\u2019Ain : 8 000 impacts de foudre comptabilis\u00e9s dans la r\u00e9gion en quelques heures.\u00a0Et quelques d\u00e9gats\u2026<\/p>\n<p>Instaurer progressivement la <strong>gratuit\u00e9 dans les transports en commun<\/strong> : premi\u00e8re promesse de campagne d\u00e9velopp\u00e9e par <strong>Nathalie Perrin- Gilbert<\/strong> pour les <strong>municipales 2026<\/strong><\/p>\n<p><strong>Jean-Fran\u00e7ois Mermet<\/strong> d\u00e9c\u00e9d\u00e9\u00a0\u00e0 l\u2019\u00e2ge de 80 ans. il fur adjoint pour 3 maires de Lyon successifs<\/p>\n<p>Egalement dans l\u2019actualit\u00e9 de ce jeudi 5 juin<\/p>\n<p><strong><a href=\"https:\/\/www.envierhonealpes.org\/\" target=\"_blank\" rel=\"noreferrer noopener nofollow\">Envie Rh\u00f4ne-Alpes<\/a><\/strong>, dont le si\u00e8ge est \u00e0 Villeurbanne au c\u0153ur du quartier Saint-Jean, plac\u00e9 en <strong>redressement judiciaire<\/strong>. 130 emplois, dont certains en insertion, sont menac\u00e9s, dans cette activit\u00e9 pourtant prometteuse du <strong>r\u00e9emploi<\/strong><\/p>\n<p>Pour essayer de comprendre, nous avons rencontr\u00e9 <strong>Guido Locatelli<\/strong>, son PDG<\/p>\n<p>La <strong>Ville de Neuville-sur-Sa\u00f4ne<\/strong> lance le chantier de sa nouvelle <strong><a href=\"https:\/\/www.mairie.neuvillesursaone.fr\/actualites\/construction-de-la-cuisine-centrale\/\" target=\"_blank\" rel=\"noreferrer noopener nofollow\">cuisine centrale<\/a><\/strong> capable de produire 650 repas par jour.<\/p>\n<p>OL Lyonnes a officialis\u00e9 l\u2019arriv\u00e9e de l\u2019attaquante Marie-Antoinette Katoto<\/p>\n<blockquote class=\"instagram-media\" data-instgrm-captioned=\"\" data-instgrm-permalink=\"https:\/\/www.instagram.com\/p\/DEsbNdmAfb9\/?utm_source=ig_embed&amp;utm_campaign=loading\" data-instgrm-version=\"14\" style=\" background:#FFF; border:0; border-radius:3px; box-shadow:0 0 1px 0 rgba(0,0,0,0.5),0 1px 10px 0 rgba(0,0,0,0.15); margin: 1px; max-width:540px; min-width:326px; padding:0; width:99.375%; width:-webkit-calc(100% - 2px); width:calc(100% - 2px);\"\/>\n<p><strong>Zaho de Sagazan<\/strong> rajoute une date \u00e0 sa toun\u00e9e pour Lyon, toujours \u00e0 l\u2019<strong>Auditorium<\/strong> aux c\u00f4t\u00e9s de l\u2019<strong>Orchestre national de Lyon<\/strong>.<\/p>\n<p>Ecoutez aussi : <a href=\"https:\/\/www.lyondemain.fr\/terres-du-velin-espace-test-agricole\/\" target=\"_blank\" rel=\"noreferrer noopener nofollow\">Terres du Velin : Emmanuelle Gharbi nouvelle mara\u00eech\u00e8re<\/a><\/p>\n<p>Dans cette \u00e9dition, focus sur les difficult\u00e9s d\u2019un acteur historique  du r\u00e9emploi<\/p>\n<p>L\u2019association <strong>Envie Rh\u00f4ne-Alpes<\/strong> est plac\u00e9e en redressement judiciaire. Son activit\u00e9 : le <strong>r\u00e9emploi de l\u2019\u00e9lectrom\u00e9nager<\/strong> pour lui donner une <strong>seconde vie<\/strong>. Cette structure compte <strong>130 salari\u00e9s<\/strong> sur les 400 que totalise le groupe en local. Dont <strong>plus de la moiti\u00e9 en insertion<\/strong>\u2026<\/p>\n<p>La fili\u00e8re s\u2019emballe mais de nouveaux acteurs s\u2019int\u00e9ressent au march\u00e9. Et ce sont les pionniers qui trinquent\u2026<\/p>\n<p>Ecoutez aussi : <a href=\"https:\/\/www.lyondemain.fr\/actualite-de-ce-mercredi-4-juin-lyon-info-musee-lugdunum-velov\/\" target=\"_blank\" rel=\"noreferrer noopener nofollow\">Toute l\u2019actualit\u00e9 de ce mercredi 4 juin 2025 \u00e0 Lyon<\/a><\/p>\n<p><img fetchpriority=\"high\" decoding=\"async\" width=\"1200\" height=\"675\" src=\"https:\/\/www.europesays.com\/fr\/wp-content\/uploads\/2025\/06\/actualite-de-ce-jeudi-5-juin-2025.jpg\" alt=\"actualit\u00e9 de ce jeudi 5 juin 2025 info \u00e0 Lyon\" class=\"wp-image-249802\"  \/>Retrouvez aussi le Quart d\u2019Heure Lyonnais de Lyon Demain sur les antennes de Radio Pluriel (Lyon). Radio Salam (Lyon, Saint-Etienne et Bourg) et Radio Arm\u00e9nie (Lyon et Vienne)<br \/>\nJ\u2019aime \u00e7a\u00a0:<\/p>\n<p>J\u2019aime chargement\u2026<\/p>\n<p><a class=\"sd-link-color\"\/><\/p>\n<p>\n\tArticles similaires\n<\/p>\n<p>\t\t\t\t<img decoding=\"async\" src=\"https:\/\/www.europesays.com\/fr\/wp-content\/uploads\/2025\/06\/1749115515_609_7866158698e17e8ed633c05e8f8e7fe5d9e057ad78661c4dc34e413abb6b9f19\" alt=\"G\u00e9rald Bouchon\"\/><\/p>\n<p>Pionnier des radios libres, passionn\u00e9 de radio, journaliste et dirigeant de m\u00e9dias \u00e9co-responsables..<\/p>\n<p>\t\t\t<script async src=\"\/\/www.instagram.com\/embed.js\"><\/script><\/p>\n","protected":false},"excerpt":{"rendered":"A la une de l\u2019info \u00e0 Lyon : bilan de l\u2019\u00e9pisode orageux, la gratuit\u00e9 des transports en commun&hellip;\n","protected":false},"author":2,"featured_media":153602,"comment_status":"","ping_status":"","sticky":false,"template":"","format":"standard","meta":{"footnotes":""},"categories":[1889],"tags":[1111,11,2430,14265,28335,20598,1777,674,1011,27,28336,28337,2428,2487,3434,28338,28339,12,23183,4594,3730,12391,25132,25,28340,24152,3533],"class_list":{"0":"post-153601","1":"post","2":"type-post","3":"status-publish","4":"format-standard","5":"has-post-thumbnail","7":"category-lyon","8":"tag-actu","9":"tag-actualites","10":"tag-auvergne-rhone-alpes","11":"tag-cantines","12":"tag-cuisine-centrale","13":"tag-envie","14":"tag-eu","15":"tag-europe","16":"tag-fr","17":"tag-france","18":"tag-gratuite-des-transports","19":"tag-guido-locatelli","20":"tag-lyon","21":"tag-meteo","22":"tag-municipales-2026","23":"tag-nathalie-perrin-gilbert","24":"tag-neuville","25":"tag-news","26":"tag-ol-lyonnes","27":"tag-orages","28":"tag-redressement-judiciaire","29":"tag-reemploi","30":"tag-reinsertion","31":"tag-republique-francaise","32":"tag-transports-urbains","33":"tag-zaho-de-sagazan","34":"tag-zfe"},"share_on_mastodon":{"url":"https:\/\/pubeurope.com\/@fr\/114630041602322134","error":""},"_links":{"self":[{"href":"https:\/\/www.europesays.com\/fr\/wp-json\/wp\/v2\/posts\/153601","targetHints":{"allow":["GET"]}}],"collection":[{"href":"https:\/\/www.europesays.com\/fr\/wp-json\/wp\/v2\/posts"}],"about":[{"href":"https:\/\/www.europesays.com\/fr\/wp-json\/wp\/v2\/types\/post"}],"author":[{"embeddable":true,"href":"https:\/\/www.europesays.com\/fr\/wp-json\/wp\/v2\/users\/2"}],"replies":[{"embeddable":true,"href":"https:\/\/www.europesays.com\/fr\/wp-json\/wp\/v2\/comments?post=153601"}],"version-history":[{"count":0,"href":"https:\/\/www.europesays.com\/fr\/wp-json\/wp\/v2\/posts\/153601\/revisions"}],"wp:featuredmedia":[{"embeddable":true,"href":"https:\/\/www.europesays.com\/fr\/wp-json\/wp\/v2\/media\/153602"}],"wp:attachment":[{"href":"https:\/\/www.europesays.com\/fr\/wp-json\/wp\/v2\/media?parent=153601"}],"wp:term":[{"taxonomy":"category","embeddable":true,"href":"https:\/\/www.europesays.com\/fr\/wp-json\/wp\/v2\/categories?post=153601"},{"taxonomy":"post_tag","embeddable":true,"href":"https:\/\/www.europesays.com\/fr\/wp-json\/wp\/v2\/tags?post=153601"}],"curies":[{"name":"wp","href":"https:\/\/api.w.org\/{rel}","templated":true}]}}