{"id":153607,"date":"2025-06-05T09:28:23","date_gmt":"2025-06-05T09:28:23","guid":{"rendered":"https:\/\/www.europesays.com\/fr\/153607\/"},"modified":"2025-06-05T09:28:23","modified_gmt":"2025-06-05T09:28:23","slug":"nos-cartes-confirment-larrivee-de-la-riviere-atmospherique-fin-de-semaine-pourrie","status":"publish","type":"post","link":"https:\/\/www.europesays.com\/fr\/153607\/","title":{"rendered":"nos cartes confirment l&rsquo;arriv\u00e9e de la rivi\u00e8re atmosph\u00e9rique ! Fin de semaine \u00ab\u00a0pourrie\u00a0\u00bb ?"},"content":{"rendered":"<p> <img decoding=\"async\" fetchpriority=\"high\" src=\"https:\/\/www.europesays.com\/fr\/wp-content\/uploads\/2025\/06\/dailymotion-x9ktj5m_1024.jpg\"  width=\"768\" height=\"432\" id=\"x9ktj5m\"\/>  <\/p>\n<p>Un changement radical de temps est attendu dans les prochains jours \u00e0 Paris et en r\u00e9gion parisienne, en lien avec l&rsquo;arriv\u00e9e d&rsquo;une rivi\u00e8re atmosph\u00e9rique sur le nord de la France. \u00c0 quoi faut-il concr\u00e8tement s&rsquo;attendre ? Retrouvez nos toutes derni\u00e8res pr\u00e9visions.<\/p>\n<p>    <img decoding=\"async\" fetchpriority=\"high\" src=\"https:\/\/www.europesays.com\/fr\/wp-content\/uploads\/2025\/04\/marc-hay.jpg\" alt=\"Marc Hay\" width=\"40\" height=\"40\"\/>    <a class=\"nombre text-hv\" href=\"https:\/\/www.tameteo.com\/auteur\/marc-hay\/\" title=\"Marc Hay\" rel=\"nofollow noopener\" target=\"_blank\">Marc Hay<\/a>         05\/06\/2025 06:00   4 min   <\/p>\n<p>Comme pr\u00e9vu,<strong> une rivi\u00e8re atmosph\u00e9rique<\/strong> s\u2019appr\u00eate \u00e0 concerner le nord de la France au cours des prochaines heures. <strong>Celle-ci va apporter des pluies de plus en plus soutenues sur ces r\u00e9gions, <\/strong>y compris en \u00cele-de-France. Elle sera \u00e9galement accompagn\u00e9e d\u2019un vent sensible, <strong>avec des rafales pouvant approcher les 50 \u00e0 60 km\/h. <\/strong>Les pluies les plus marqu\u00e9es sont attendues en fin de journ\u00e9e et en d\u00e9but de soir\u00e9e en r\u00e9gion parisienne.<\/p>\n<p>Apr\u00e8s une l\u00e9g\u00e8re accalmie demain, <strong>une nouvelle zone pluvieuse abordera le nord de la France et l\u2019\u00cele-de-France dans le courant de la journ\u00e9e de samedi.<\/strong> L\u00e0 aussi, les pr\u00e9cipitations s\u2019annoncent soutenues et le vent soufflera anormalement fort dans les terres pour cette p\u00e9riode de l\u2019ann\u00e9e.<\/p>\n<p>Si vous avez pr\u00e9vu d\u2019\u00eatre en \u00cele-de-France pour ce week-end de la Pentec\u00f4te, <strong>celui-ci va d\u00e9buter sous des conditions m\u00e9t\u00e9orologiques vraiment automnales :<\/strong> pluie, vent et une certaine fra\u00eecheur pour la saison seront au programme.<\/p>\n<p><strong>La suite du week-end sera-t-elle tout aussi maussade ? <\/strong>Retrouvez nos toutes derni\u00e8res pr\u00e9visions dans cet article.<\/p>\n<p>Des pluies attendues en fin de journ\u00e9e <\/p>\n<p>Comme le montre l\u2019image ci-dessous,<strong> la rivi\u00e8re atmosph\u00e9rique est particuli\u00e8rement charg\u00e9e en humidit\u00e9.<\/strong> Il s\u2019agit en fait d\u2019un long ruban qui traverse l\u2019Atlantique depuis les Antilles pour rejoindre la <a href=\"https:\/\/www.tameteo.com\/actualites\/previsions\/tameteo.com\" rel=\"nofollow noopener\" target=\"_blank\">France<\/a>. Les pr\u00e9cipitations les plus soutenues sont attendues sur l\u2019\u00cele-de-France <strong>\u00e0 partir de la fin de journ\u00e9e.<\/strong><\/p>\n<p><img loading=\"lazy\" decoding=\"async\" fetchpriority=\"low\" class=\"lazy \" src=\"https:\/\/www.europesays.com\/fr\/wp-content\/uploads\/2025\/06\/meteo-paris-et-ile-de-france-nos-cartes-confirment-l-arrivee-de-la-riviere-atmospherique-fin-de-sema.png\"  width=\"768\" height=\"432\" alt=\"Arriv\u00e9e de la rivi\u00e8re atmosph\u00e9rique ce jeudi sur le nord de la France.\" title=\"Arriv\u00e9e de la rivi\u00e8re atmosph\u00e9rique ce jeudi sur le nord de la France.\" data-image=\"bo0jofcu4gy1\"\/>Arriv\u00e9e de la rivi\u00e8re atmosph\u00e9rique ce jeudi sur le nord de la France. <\/p>\n<p>Ce matin, le ciel est couvert sur la r\u00e9gion,<strong> mais les pr\u00e9cipitations restent particuli\u00e8rement rares.<\/strong> Quelques pluies sont attendues \u00e0 partir de cet apr\u00e8s-midi.<\/p>\n<p><img loading=\"lazy\" decoding=\"async\" fetchpriority=\"low\" class=\"lazy \" src=\"https:\/\/www.europesays.com\/fr\/wp-content\/uploads\/2025\/06\/1749115701_843_meteo-paris-et-ile-de-france-nos-cartes-confirment-l-arrivee-de-la-riviere-atmospherique-fin-de-sema.png\"  width=\"768\" height=\"432\" alt=\"\u00c0 21 heures ce soir, toute la r\u00e9gion parisienne sera sous la pluie.\" title=\"\u00c0 21 heures ce soir, toute la r\u00e9gion parisienne sera sous la pluie.\" data-image=\"dk76ru32nt0r\"\/>\u00c0 21 heures ce soir, toute la r\u00e9gion parisienne sera sous la pluie. <\/p>\n<p>Les fortes pluies arriveront en fin de journ\u00e9e et en d\u00e9but de soir\u00e9e. <strong>Elles seront particuli\u00e8rement soutenues et s\u2019accompagneront d\u2019un vent marqu\u00e9 de secteur sud-ouest, <\/strong>avec des rafales pouvant d\u00e9passer les 50 km\/h.<\/p>\n<p><a class=\"imagen \" href=\"https:\/\/www.tameteo.com\/actualites\/actualite\/des-experts-lancent-un-avertissement-dans-nature-la-prochaine-grande-eruption-volcanique-provoquera-un-chaos-climatique-alerte.html\" title=\"Des experts lancent un avertissement dans Nature. La prochaine grande \u00e9ruption volcanique provoquera un chaos climatique\" rel=\"nofollow noopener\" target=\"_blank\"><img loading=\"lazy\" decoding=\"async\" fetchpriority=\"low\" class=\"lazy img-body non-editable\" src=\"https:\/\/www.europesays.com\/fr\/wp-content\/uploads\/2025\/06\/unos-geografos-alertan-en-nature-la-proxima-gran-eruocion-volcanica-provocara-un-caos-climatico-y-no.jpeg\"  width=\"320\" height=\"225\" alt=\"Des experts lancent un avertissement dans Nature. La prochaine grande \u00e9ruption volcanique provoquera un chaos climatique\"\/><\/a>Accalmie demain<\/p>\n<p>Une accalmie est attendue demain sur la r\u00e9gion, <strong>alors que le bandeau pluvieux s\u2019enfoncera un peu plus vers les r\u00e9gions centrales.<\/strong><\/p>\n<p>De nouvelles pluies samedi !<\/p>\n<p>Samedi, <strong>une nouvelle d\u00e9gradation est attendue avec l\u2019arriv\u00e9e de pluies par le nord du pays.<\/strong><\/p>\n<p><img loading=\"lazy\" decoding=\"async\" fetchpriority=\"low\" class=\"lazy \" src=\"https:\/\/www.europesays.com\/fr\/wp-content\/uploads\/2025\/06\/1749115702_133_meteo-paris-et-ile-de-france-nos-cartes-confirment-l-arrivee-de-la-riviere-atmospherique-fin-de-sema.png\"  width=\"768\" height=\"432\" alt=\"Un nouveau passage pluvieux est attendu samedi sur la r\u00e9gion.\" title=\"Un nouveau passage pluvieux est attendu samedi sur la r\u00e9gion.\" data-image=\"svq61gc0jzg1\"\/>Un nouveau passage pluvieux est attendu samedi sur la r\u00e9gion. <\/p>\n<p>D\u2019ici dimanche,<strong> les cumuls de pluie pourraient localement approcher les 20 \u00e0 30 litres d\u2019eau par m\u00e8tre carr\u00e9 sur la r\u00e9gion parisienne. <\/strong>Ces pluies constituent en soi une bonne nouvelle, apr\u00e8s plusieurs semaines de temps tr\u00e8s sec sur l\u2019<a href=\"https:\/\/www.tameteo.com\/meteo-Europe-France-Ile+de+France-1-1-135-29.html\" data-mrf-recirculation=\"cuerpo_intext\" rel=\"nofollow noopener\" target=\"_blank\">\u00cele-de-France<\/a> et alors que la saison chaude ne fait que commencer.<\/p>\n<p><img loading=\"lazy\" decoding=\"async\" fetchpriority=\"low\" class=\"lazy \" src=\"https:\/\/www.europesays.com\/fr\/wp-content\/uploads\/2025\/06\/1749115702_11_meteo-paris-et-ile-de-france-nos-cartes-confirment-l-arrivee-de-la-riviere-atmospherique-fin-de-sema.png\"  width=\"768\" height=\"432\" alt=\"Des cumuls de pluie notables attendus sur l'\u00cele-de-France au cours des prochains jours.\" title=\"Des cumuls de pluie notables attendus sur l'\u00cele-de-France au cours des prochains jours.\" data-image=\"035zatpnundi\"\/>Des cumuls de pluie notables attendus sur l&rsquo;\u00cele-de-France au cours des prochains jours. <\/p>\n<p>Ce qui est certain, c\u2019est que la journ\u00e9e de samedi s\u2019annonce <strong>vraiment maussade et automnale, <\/strong>avec de la pluie, du vent et de la fra\u00eecheur.<\/p>\n<p>Mieux ensuite ! <\/p>\n<p>Entre dimanche et lundi,<strong> les pressions devraient regonfler<\/strong> et le temps redevenir plus sec.<\/p>\n<p><a class=\"imagen \" href=\"https:\/\/www.tameteo.com\/actualites\/previsions\/meteo-nos-cartes-confirment-l-arrivee-imminente-d-une-riviere-atmospherique-quelles-consequences-en-france-fortes-pluies-juin.html\" title=\"M\u00e9t\u00e9o : nos cartes confirment l&#039;arriv\u00e9e imminente d&#039;une rivi\u00e8re atmosph\u00e9rique ! Quelles cons\u00e9quences en France ?\" rel=\"nofollow noopener\" target=\"_blank\"><img loading=\"lazy\" decoding=\"async\" fetchpriority=\"low\" class=\"lazy img-body non-editable\" src=\"https:\/\/www.europesays.com\/fr\/wp-content\/uploads\/2025\/06\/meteo-nos-cartes-confirment-l-arrivee-imminente-d-une-riviere-atmospherique-quelles-consequences-en-.png\"  width=\"320\" height=\"225\" alt=\"M\u00e9t\u00e9o : nos cartes confirment l'arriv\u00e9e imminente d'une rivi\u00e8re atmosph\u00e9rique ! Quelles cons\u00e9quences en France ?\"\/><\/a><\/p>\n<p><strong>De belles \u00e9claircies finiront par s\u2019imposer pour le lundi de Pentec\u00f4te, <\/strong>et les temp\u00e9ratures en profiteront pour repartir \u00e0 la hausse.<\/p>\n<p>Des conditions tr\u00e8s ensoleill\u00e9es et surtout de plus en plus chaudes sont ensuite attendues \u00e0 partir de mardi prochain,<strong> avec plus de 30 degr\u00e9s pr\u00e9vus mercredi 11 juin.<\/strong><\/p>\n","protected":false},"excerpt":{"rendered":"Un changement radical de temps est attendu dans les prochains jours \u00e0 Paris et en r\u00e9gion parisienne, en&hellip;\n","protected":false},"author":2,"featured_media":153608,"comment_status":"","ping_status":"","sticky":false,"template":"","format":"standard","meta":{"footnotes":""},"categories":[1592],"tags":[1111,11,1777,674,28341,1011,27,662,2839,2487,12,626,28343,25,28342,4064],"class_list":{"0":"post-153607","1":"post","2":"type-post","3":"status-publish","4":"format-standard","5":"has-post-thumbnail","7":"category-ile-de-france","8":"tag-actu","9":"tag-actualites","10":"tag-eu","11":"tag-europe","12":"tag-fortes-pluies","13":"tag-fr","14":"tag-france","15":"tag-ile-de-france","16":"tag-inondations","17":"tag-meteo","18":"tag-news","19":"tag-paris","20":"tag-pentecote","21":"tag-republique-francaise","22":"tag-riviere-atmospherique","23":"tag-week-end"},"share_on_mastodon":{"url":"https:\/\/pubeurope.com\/@fr\/114630053741972710","error":""},"_links":{"self":[{"href":"https:\/\/www.europesays.com\/fr\/wp-json\/wp\/v2\/posts\/153607","targetHints":{"allow":["GET"]}}],"collection":[{"href":"https:\/\/www.europesays.com\/fr\/wp-json\/wp\/v2\/posts"}],"about":[{"href":"https:\/\/www.europesays.com\/fr\/wp-json\/wp\/v2\/types\/post"}],"author":[{"embeddable":true,"href":"https:\/\/www.europesays.com\/fr\/wp-json\/wp\/v2\/users\/2"}],"replies":[{"embeddable":true,"href":"https:\/\/www.europesays.com\/fr\/wp-json\/wp\/v2\/comments?post=153607"}],"version-history":[{"count":0,"href":"https:\/\/www.europesays.com\/fr\/wp-json\/wp\/v2\/posts\/153607\/revisions"}],"wp:featuredmedia":[{"embeddable":true,"href":"https:\/\/www.europesays.com\/fr\/wp-json\/wp\/v2\/media\/153608"}],"wp:attachment":[{"href":"https:\/\/www.europesays.com\/fr\/wp-json\/wp\/v2\/media?parent=153607"}],"wp:term":[{"taxonomy":"category","embeddable":true,"href":"https:\/\/www.europesays.com\/fr\/wp-json\/wp\/v2\/categories?post=153607"},{"taxonomy":"post_tag","embeddable":true,"href":"https:\/\/www.europesays.com\/fr\/wp-json\/wp\/v2\/tags?post=153607"}],"curies":[{"name":"wp","href":"https:\/\/api.w.org\/{rel}","templated":true}]}}