{"id":153609,"date":"2025-06-05T09:29:08","date_gmt":"2025-06-05T09:29:08","guid":{"rendered":"https:\/\/www.europesays.com\/fr\/153609\/"},"modified":"2025-06-05T09:29:08","modified_gmt":"2025-06-05T09:29:08","slug":"comment-voir-le-match-sur-ecran-geant-dans-la-fan-zone-a-paris","status":"publish","type":"post","link":"https:\/\/www.europesays.com\/fr\/153609\/","title":{"rendered":"comment voir le match sur \u00e9cran g\u00e9ant dans la fan zone \u00e0 Paris"},"content":{"rendered":"<p>            Par<br \/>\n        <strong><br \/>\n            <a href=\"https:\/\/actu.fr\/auteur\/dorinegoth\" title=\"Consulter tous les articles de Dorine Goth\" target=\"_blank\" rel=\"noopener\">Dorine Goth<\/a><br \/>\n        <\/strong><\/p>\n<p>        Publi\u00e9 le<\/p>\n<p>            5 juin 2025 \u00e0 11h25<br \/>\n        ; mis \u00e0 jour le 5 juin 2025 \u00e0 11h26    <\/p>\n<p>Face \u00e0 l\u2019exploit, les spectateurs vont retenir leur souffle. Encore inconnue du grand public il y a quelques jours, <strong><a href=\"https:\/\/actu.fr\/sports\/tennis\/lois-boisson-revelation-de-la-terre-battue-peut-elle-gagner-roland-garros-2025_62722657.html\" target=\"_blank\" rel=\"noopener\">la Fran\u00e7aise Lo\u00efs Boisson<\/a><\/strong> affrontera, ce jeudi 5\u00a0juin 2025, l\u2019Am\u00e9ricaine <a href=\"https:\/\/actu.fr\/sports\/tennis\/lois-boisson-en-demi-finale-de-roland-garros-a-quelle-heure-et-sur-quelle-chaine-tele-voir-le-match_62729036.html\" target=\"_blank\" rel=\"noopener\">Coco Gauff<\/a> lors des <strong><a href=\"https:\/\/actu.fr\/sports\/tennis\/incroyable-lois-boisson-se-qualifie-pour-les-demi-finales-de-roland-garros_62728170.html\" target=\"_blank\" rel=\"noopener\">demi-finales<\/a><\/strong> du tournoi de <strong><a href=\"https:\/\/actu.fr\/tag\/tournoi-roland-garros\" target=\"_blank\" rel=\"noopener\">Roland-Garros<\/a><\/strong> \u00e0 Paris. Place de la Concorde, dans le 8e arrondissement, <a href=\"https:\/\/actu.fr\/ile-de-france\/paris_75056\/roland-garros-pour-la-premiere-fois-une-grande-fan-zone-creee-en-plein-coeur-de-paris-pendant-le-tournoi_62528913.html\" target=\"_blank\" rel=\"noopener\">la <strong>fan-zone<\/strong><\/a> retransmettra le match et promet une ambiance survolt\u00e9e.<\/p>\n<p>Ouverture des portes \u00e0 14\u00a0heures<\/p>\n<p class=\" wall-content\">La jeune dijonnaise de 22\u00a0ans disputera sa place en finale apr\u00e8s l\u2019affrontement entre Aryna Sabalenka \u00e0 Iga \u015awi\u0105tek qui se jouera \u00e0 partir de 15\u00a0heures. La deuxi\u00e8me demi-finale est pr\u00e9vue <strong>\u00e0 partir de 16\u2009h\u200910,<\/strong> selon l\u2019heure indicative transmise par l\u2019organisation de Roland-Garros. Mais la deuxi\u00e8me demi-finale d\u00e9marrera r\u00e9ellement une fois le match entre Aryna Sabalenka \u00e0 Iga \u015awi\u0105tek termin\u00e9.<\/p>\n<p class=\" wall-content\">\n<p class=\" wall-content\">Les matchs pourront \u00eatre suivis sur les deux \u00e9crans g\u00e9ants dress\u00e9s au pied de l\u2019Ob\u00e9lisque. Pour les plus press\u00e9s, la fan-zone <strong>ouvrira ses portes \u00e0 14\u00a0heures<\/strong>. Enti\u00e8rement <strong>gratuite,<\/strong> elle peut accueillir jusqu\u2019\u00e0 <strong>5\u2009000\u00a0personnes.<\/strong> Et pour patienter, des food-trucks, des DJ-sets, des animations et de nombreux stands sont sur place.<\/p>\n<p class=\" wall-content\">Suivez toute l\u2019actualit\u00e9 de vos villes et m\u00e9dias favoris en vous inscrivant \u00e0 <a href=\"https:\/\/moncompte.actu.fr\" title=\"D\u00e9couvez Mon Actu\" rel=\"nofollow noopener\" data-trk=\"{&quot;cta&quot;:{&quot;action&quot;:&quot;https:\\\/\\\/moncompte.actu.fr&quot;,&quot;category&quot;:&quot;mon compte&quot;,&quot;from&quot;:&quot;article footer&quot;,&quot;name&quot;:&quot;Mon actu&quot;,&quot;type&quot;:&quot;cta&quot;}}\" target=\"_blank\">Mon Actu<\/a>.<\/p>\n<ul class=\"ac-article-tag wall-content\">\n<li><a href=\"https:\/\/actu.fr\/tag\/roland-garros\" data-trk=\"{&quot;cta&quot;:{&quot;action&quot;:&quot;Roland-Garros&quot;,&quot;category&quot;:&quot;tag&quot;,&quot;from&quot;:&quot;article footer&quot;,&quot;name&quot;:&quot;Roland-Garros&quot;,&quot;type&quot;:&quot;cta&quot;}}\" target=\"_blank\" rel=\"noopener\">#Roland-Garros<\/a><\/li>\n<li><a href=\"https:\/\/actu.fr\/tag\/tournoi-roland-garros\" data-trk=\"{&quot;cta&quot;:{&quot;action&quot;:&quot;Tournoi Roland-Garros&quot;,&quot;category&quot;:&quot;tag&quot;,&quot;from&quot;:&quot;article footer&quot;,&quot;name&quot;:&quot;Tournoi Roland-Garros&quot;,&quot;type&quot;:&quot;cta&quot;}}\" target=\"_blank\" rel=\"noopener\">#Tournoi Roland-Garros<\/a><\/li>\n<\/ul>\n","protected":false},"excerpt":{"rendered":"Par Dorine Goth Publi\u00e9 le 5 juin 2025 \u00e0 11h25 ; mis \u00e0 jour le 5 juin 2025&hellip;\n","protected":false},"author":2,"featured_media":153610,"comment_status":"","ping_status":"","sticky":false,"template":"","format":"standard","meta":{"footnotes":""},"categories":[1888],"tags":[1111,1928,11,1927,1777,674,1011,27,12,1926,626,1925,25,4171,60,1467,11107],"class_list":{"0":"post-153609","1":"post","2":"type-post","3":"status-publish","4":"format-standard","5":"has-post-thumbnail","7":"category-paris","8":"tag-actu","9":"tag-actu-paris","10":"tag-actualites","11":"tag-actualites-paris","12":"tag-eu","13":"tag-europe","14":"tag-fr","15":"tag-france","16":"tag-news","17":"tag-news-paris","18":"tag-paris","19":"tag-paris-news","20":"tag-republique-francaise","21":"tag-roland-garros","22":"tag-sports","23":"tag-tennis","24":"tag-tournoi-roland-garros"},"share_on_mastodon":{"url":"https:\/\/pubeurope.com\/@fr\/114630057249516863","error":""},"_links":{"self":[{"href":"https:\/\/www.europesays.com\/fr\/wp-json\/wp\/v2\/posts\/153609","targetHints":{"allow":["GET"]}}],"collection":[{"href":"https:\/\/www.europesays.com\/fr\/wp-json\/wp\/v2\/posts"}],"about":[{"href":"https:\/\/www.europesays.com\/fr\/wp-json\/wp\/v2\/types\/post"}],"author":[{"embeddable":true,"href":"https:\/\/www.europesays.com\/fr\/wp-json\/wp\/v2\/users\/2"}],"replies":[{"embeddable":true,"href":"https:\/\/www.europesays.com\/fr\/wp-json\/wp\/v2\/comments?post=153609"}],"version-history":[{"count":0,"href":"https:\/\/www.europesays.com\/fr\/wp-json\/wp\/v2\/posts\/153609\/revisions"}],"wp:featuredmedia":[{"embeddable":true,"href":"https:\/\/www.europesays.com\/fr\/wp-json\/wp\/v2\/media\/153610"}],"wp:attachment":[{"href":"https:\/\/www.europesays.com\/fr\/wp-json\/wp\/v2\/media?parent=153609"}],"wp:term":[{"taxonomy":"category","embeddable":true,"href":"https:\/\/www.europesays.com\/fr\/wp-json\/wp\/v2\/categories?post=153609"},{"taxonomy":"post_tag","embeddable":true,"href":"https:\/\/www.europesays.com\/fr\/wp-json\/wp\/v2\/tags?post=153609"}],"curies":[{"name":"wp","href":"https:\/\/api.w.org\/{rel}","templated":true}]}}