{"id":153614,"date":"2025-06-05T09:32:10","date_gmt":"2025-06-05T09:32:10","guid":{"rendered":"https:\/\/www.europesays.com\/fr\/153614\/"},"modified":"2025-06-05T09:32:10","modified_gmt":"2025-06-05T09:32:10","slug":"la-destination-irresistible-depuis-montreal","status":"publish","type":"post","link":"https:\/\/www.europesays.com\/fr\/153614\/","title":{"rendered":"LA destination irr\u00e9sistible depuis Montr\u00e9al"},"content":{"rendered":"<p>\t\t\t\t\t Paris en \u00e9t\u00e9 r\u00e9v\u00e8le tous ses charmes et attire chaque ann\u00e9e des milliers de visiteurs qu\u00e9b\u00e9cois. R\u00e9server un <a class=\"liens\" href=\"https:\/\/ca.frenchbee.com\/fr\/paris\/montreal-paris\" target=\"_blank\" rel=\"noopener\">billet d&rsquo;avion Montr\u00e9al Paris<\/a>  pendant la saison estivale vous ouvre les portes d&rsquo;une exp\u00e9rience unique dans la Ville Lumi\u00e8re. <br \/>  \u00a0  Une atmosph\u00e8re magique  Les longues journ\u00e9es d&rsquo;\u00e9t\u00e9 transforment Paris en v\u00e9ritable th\u00e9\u00e2tre \u00e0 ciel ouvert :    <\/p>\n<ul>\n<li class=\"list\"><strong>Terrasses anim\u00e9es<\/strong> : Les caf\u00e9s parisiens \u00e9tendent leurs espaces ext\u00e9rieurs d\u00e8s les premiers rayons<\/li>\n<li class=\"list\"><strong>Jardins verdoyants<\/strong> : Luxembourg et <a class=\"liens\" href=\"https:\/\/www.moveonmag.com\/Le-Jardin-des-Tuileries-a-Paris_a2306.html\" target=\"_blank\" rel=\"noopener\">Tuileries<\/a> accueillent pique-niqueurs et lecteurs<\/li>\n<li class=\"list\"><strong>Berges de Seine<\/strong> : Promenades romantiques le long des quais r\u00e9am\u00e9nag\u00e9s<\/li>\n<li class=\"list\"><strong>Ambiance d\u00e9contract\u00e9e<\/strong> : Un rythme de vie plus doux que le reste de l&rsquo;ann\u00e9e<\/li>\n<\/ul>\n<p>\u00a0<\/p>\n<p>    Des \u00e9v\u00e9nements exceptionnels  L&rsquo;\u00e9t\u00e9 parisien propose une programmation culturelle diversifi\u00e9e :    <\/p>\n<ul>\n<li class=\"list\"><strong>Festivals musicaux<\/strong> : Rock en Seine, Fnac Live, concerts gratuits dans les parcs<\/li>\n<li class=\"list\"><strong>Cin\u00e9ma en plein air<\/strong> : S\u00e9ances sous les \u00e9toiles au Parc de la Villette<\/li>\n<li class=\"list\"><strong>Nuits Blanches<\/strong> : Art contemporain et installations jusqu&rsquo;\u00e0 l&rsquo;aube<\/li>\n<li class=\"list\"><strong>Expositions temporaires<\/strong> : Mus\u00e9es avec horaires \u00e9tendus et programmation sp\u00e9ciale<\/li>\n<\/ul>\n<p>\u00a0<\/p>\n<p>    Paris Plages et activit\u00e9s nautiques  L&rsquo;initiative Paris Plages transforme les quais de Seine en v\u00e9ritables stations baln\u00e9aires urbaines. Transats, palmiers et activit\u00e9s aquatiques recr\u00e9ent l&rsquo;atmosph\u00e8re des vacances au c\u0153ur de la capitale. Les parcs et jardins offrent \u00e9galement de nombreuses possibilit\u00e9s de d\u00e9tente et de loisirs. <br \/>  \u00a0  Gastronomie de saison  <strong>Produits incontournables des march\u00e9s parisiens :<\/strong>    <\/p>\n<ul>\n<li class=\"list\">Fraises de Plougastel et cerises de Montmorency<\/li>\n<li class=\"list\">L\u00e9gumes primeurs : courgettes, tomates, aubergines<\/li>\n<li class=\"list\">Fromages affin\u00e9s : parfaits pour les pique-niques<\/li>\n<li class=\"list\">Sp\u00e9cialit\u00e9s glac\u00e9es : sorbets artisanaux et glaces Berthillon<\/li>\n<\/ul>\n<p>  Les restaurants parisiens proposent des cartes estivales privil\u00e9giant les saveurs m\u00e9diterran\u00e9ennes et les produits de saison. <br \/>  \u00a0  Conseils pratiques    <\/p>\n<ul>\n<li class=\"list\"><strong>Juin<\/strong> : M\u00e9t\u00e9o agr\u00e9able, moins de foule, tarifs mod\u00e9r\u00e9s<\/li>\n<li class=\"list\"><strong>Juillet<\/strong> : Pleine saison, tous les \u00e9v\u00e9nements, tarifs \u00e9lev\u00e9s<\/li>\n<li class=\"list\"><strong>Ao\u00fbt<\/strong> : Paris Plages, fermetures estivales, tarifs \u00e9lev\u00e9s<\/li>\n<li class=\"list\"><strong>Septembre<\/strong> : Climat doux, rentr\u00e9e culturelle, tarifs avantageux<\/li>\n<\/ul>\n<p>  <strong>Recommandations pour votre voyage :<\/strong>    <\/p>\n<ul>\n<li class=\"list\">R\u00e9servez votre billet d&rsquo;avion Montr\u00e9al Paris 3-4 mois \u00e0 l&rsquo;avance<\/li>\n<li class=\"list\">Privil\u00e9giez juin et septembre pour les meilleurs tarifs<\/li>\n<li class=\"list\">Emportez v\u00eatements l\u00e9gers + veste pour les soir\u00e9es<\/li>\n<li class=\"list\">Planifiez les visites t\u00f4t le matin ou en fin d&rsquo;apr\u00e8s-midi<\/li>\n<\/ul>\n<p>  <a class=\"liens\" href=\"https:\/\/www.moveonmag.com\/Paris_r78.html\" target=\"_blank\" rel=\"noopener\">Paris<\/a> en \u00e9t\u00e9 reste une destination incontournable qui s\u00e9duit par sa douceur de vivre et sa richesse culturelle exceptionnelle.<\/p>\n","protected":false},"excerpt":{"rendered":"Paris en \u00e9t\u00e9 r\u00e9v\u00e8le tous ses charmes et attire chaque ann\u00e9e des milliers de visiteurs qu\u00e9b\u00e9cois. R\u00e9server un&hellip;\n","protected":false},"author":2,"featured_media":153615,"comment_status":"","ping_status":"","sticky":false,"template":"","format":"standard","meta":{"footnotes":""},"categories":[1888],"tags":[47,11,17766,3853,4634,13940,722,5509,17765,1777,674,3293,1011,27,10868,1305,2428,1031,17767,12,626,25,5508,3686],"class_list":{"0":"post-153614","1":"post","2":"type-post","3":"status-publish","4":"format-standard","5":"has-post-thumbnail","7":"category-paris","8":"tag-actualite","9":"tag-actualites","10":"tag-agenda-sortie","11":"tag-annecy","12":"tag-annemasse","13":"tag-billetterie","14":"tag-blog","15":"tag-chambery","16":"tag-culturelle","17":"tag-eu","18":"tag-europe","19":"tag-exposition","20":"tag-fr","21":"tag-france","22":"tag-geneve","23":"tag-lifestyle","24":"tag-lyon","25":"tag-magazine","26":"tag-megeve","27":"tag-news","28":"tag-paris","29":"tag-republique-francaise","30":"tag-savoie","31":"tag-sortie"},"share_on_mastodon":{"url":"https:\/\/pubeurope.com\/@fr\/114630069034052453","error":""},"_links":{"self":[{"href":"https:\/\/www.europesays.com\/fr\/wp-json\/wp\/v2\/posts\/153614","targetHints":{"allow":["GET"]}}],"collection":[{"href":"https:\/\/www.europesays.com\/fr\/wp-json\/wp\/v2\/posts"}],"about":[{"href":"https:\/\/www.europesays.com\/fr\/wp-json\/wp\/v2\/types\/post"}],"author":[{"embeddable":true,"href":"https:\/\/www.europesays.com\/fr\/wp-json\/wp\/v2\/users\/2"}],"replies":[{"embeddable":true,"href":"https:\/\/www.europesays.com\/fr\/wp-json\/wp\/v2\/comments?post=153614"}],"version-history":[{"count":0,"href":"https:\/\/www.europesays.com\/fr\/wp-json\/wp\/v2\/posts\/153614\/revisions"}],"wp:featuredmedia":[{"embeddable":true,"href":"https:\/\/www.europesays.com\/fr\/wp-json\/wp\/v2\/media\/153615"}],"wp:attachment":[{"href":"https:\/\/www.europesays.com\/fr\/wp-json\/wp\/v2\/media?parent=153614"}],"wp:term":[{"taxonomy":"category","embeddable":true,"href":"https:\/\/www.europesays.com\/fr\/wp-json\/wp\/v2\/categories?post=153614"},{"taxonomy":"post_tag","embeddable":true,"href":"https:\/\/www.europesays.com\/fr\/wp-json\/wp\/v2\/tags?post=153614"}],"curies":[{"name":"wp","href":"https:\/\/api.w.org\/{rel}","templated":true}]}}