{"id":153618,"date":"2025-06-05T09:34:10","date_gmt":"2025-06-05T09:34:10","guid":{"rendered":"https:\/\/www.europesays.com\/fr\/153618\/"},"modified":"2025-06-05T09:34:10","modified_gmt":"2025-06-05T09:34:10","slug":"lavenir-des-echanges-avec-lukraine-dans-le-chaos","status":"publish","type":"post","link":"https:\/\/www.europesays.com\/fr\/153618\/","title":{"rendered":"l\u2019avenir des \u00e9changes avec l\u2019Ukraine dans le chaos"},"content":{"rendered":"<p>C&rsquo;est la fin d&rsquo;une situation exceptionnelle qui aura dur\u00e9 trois ans. \u00c0 partir du 6 juin, les importations de produits agricoles ukrainiens dans l&rsquo;Union europ\u00e9enne ne seront plus r\u00e9gies par les \u00ab\u202fmesures commerciales autonomes\u202f\u00bb (\u202f\u00ab\u202fAutonomous Trade Measures\u202f\u00bb en anglais, soit ATM) fix\u00e9es par Bruxelles depuis 2022, afin de soutenir l&rsquo;effort de guerre de Kiev. Le dernier r\u00e8glement ATM adopt\u00e9 par l&rsquo;UE en 2024, qui lib\u00e9ralisait ces \u00e9changes, expire. Ce sera donc l&rsquo;accord d&rsquo;association entre les deux parties, adopt\u00e9 en 2014 et ratifi\u00e9 en 2017, qui s&rsquo;appliquera de nouveau. Une \u00e9tape tr\u00e8s sensible pour les agriculteurs europ\u00e9ens, qui ne signifie pas pour autant un retour \u00e0 la normalit\u00e9 d&rsquo;avant-conflit, car elle ouvre en r\u00e9alit\u00e9 une nouvelle p\u00e9riode transitoire.<\/p>\n","protected":false},"excerpt":{"rendered":"C&rsquo;est la fin d&rsquo;une situation exceptionnelle qui aura dur\u00e9 trois ans. \u00c0 partir du 6 juin, les importations&hellip;\n","protected":false},"author":2,"featured_media":153619,"comment_status":"","ping_status":"","sticky":false,"template":"","format":"standard","meta":{"footnotes":""},"categories":[1590],"tags":[17,11,327,3396,1446,154,25078,645,1777,674,28344,5493,12,220],"class_list":{"0":"post-153618","1":"post","2":"type-post","3":"status-publish","4":"format-standard","5":"has-post-thumbnail","7":"category-ukraine","8":"tag-17","9":"tag-actualites","10":"tag-agriculture","11":"tag-avec","12":"tag-dans","13":"tag-des","14":"tag-echanges","15":"tag-entreprises-finance","16":"tag-eu","17":"tag-europe","18":"tag-lavenir","19":"tag-lukraine","20":"tag-news","21":"tag-ukraine"},"share_on_mastodon":{"url":"https:\/\/pubeurope.com\/@fr\/114630077019861357","error":""},"_links":{"self":[{"href":"https:\/\/www.europesays.com\/fr\/wp-json\/wp\/v2\/posts\/153618","targetHints":{"allow":["GET"]}}],"collection":[{"href":"https:\/\/www.europesays.com\/fr\/wp-json\/wp\/v2\/posts"}],"about":[{"href":"https:\/\/www.europesays.com\/fr\/wp-json\/wp\/v2\/types\/post"}],"author":[{"embeddable":true,"href":"https:\/\/www.europesays.com\/fr\/wp-json\/wp\/v2\/users\/2"}],"replies":[{"embeddable":true,"href":"https:\/\/www.europesays.com\/fr\/wp-json\/wp\/v2\/comments?post=153618"}],"version-history":[{"count":0,"href":"https:\/\/www.europesays.com\/fr\/wp-json\/wp\/v2\/posts\/153618\/revisions"}],"wp:featuredmedia":[{"embeddable":true,"href":"https:\/\/www.europesays.com\/fr\/wp-json\/wp\/v2\/media\/153619"}],"wp:attachment":[{"href":"https:\/\/www.europesays.com\/fr\/wp-json\/wp\/v2\/media?parent=153618"}],"wp:term":[{"taxonomy":"category","embeddable":true,"href":"https:\/\/www.europesays.com\/fr\/wp-json\/wp\/v2\/categories?post=153618"},{"taxonomy":"post_tag","embeddable":true,"href":"https:\/\/www.europesays.com\/fr\/wp-json\/wp\/v2\/tags?post=153618"}],"curies":[{"name":"wp","href":"https:\/\/api.w.org\/{rel}","templated":true}]}}