{"id":15362,"date":"2025-04-10T16:09:07","date_gmt":"2025-04-10T16:09:07","guid":{"rendered":"https:\/\/www.europesays.com\/fr\/15362\/"},"modified":"2025-04-10T16:09:07","modified_gmt":"2025-04-10T16:09:07","slug":"le-record-du-hockeyeur-alexander-ovechkin-un-pont-diplomatique-entre-moscou-et-washington","status":"publish","type":"post","link":"https:\/\/www.europesays.com\/fr\/15362\/","title":{"rendered":"Le record du hockeyeur Alexander Ovechkin, \u201cun pont\u201d diplomatique entre Moscou et Washington ?"},"content":{"rendered":"\n<p>En marquant son 895e\u00a0but dimanche 6\u00a0avril dans la Ligue nationale de hockey sur glace (NHL, pour \u201cNational Hockey League\u201d), le Russe Alexander Ovechkin n\u2019a pas seulement battu le record d\u2019il y a un quart de si\u00e8cle de son pr\u00e9d\u00e9cesseur Wayne Gretzky. Il a aussi fourni un immense motif de fiert\u00e9 \u00e0 son pays d\u2019origine en pleine guerre en Ukraine et, possiblement, pos\u00e9 les jalons de la \u201cdiplomatie du hockey\u201d voulue par <a href=\"https:\/\/www.courrierinternational.com\/sujet\/vladimir-poutine\" rel=\"nofollow noopener\" target=\"_blank\">Vladimir Poutine<\/a> et <a href=\"https:\/\/www.courrierinternational.com\/sujet\/donald-trump\" rel=\"nofollow noopener\" target=\"_blank\">Donald Trump<\/a> qui, lors de leur derni\u00e8re conversation t\u00e9l\u00e9phonique ont bien \u00e9voqu\u00e9 l\u2019organisation de matchs entre la NHL am\u00e9ricaine et la KHL russe.<\/p>\n<p>Les diplomates russes en poste \u00e0 Washington y ont vu en tout cas comme un signe du destin. \u201cLe potentiel f\u00e9d\u00e9rateur du hockey a \u00e9t\u00e9 \u00e9voqu\u00e9 lors d\u2019une r\u00e9cente conversation t\u00e9l\u00e9phonique entre les pr\u00e9sidents russe et am\u00e9ricain, qui ont soutenu l\u2019id\u00e9e d\u2019organiser un match entre les stars de la KHL et de la NHL. L\u2019\u00e9v\u00e9nement d\u2019aujourd\u2019hui sur la glace, \u00e0 New York, confirme l\u2019int\u00e9r\u00eat pour cette initiative qui, nous en sommes convaincus, trouvera un \u00e9cho aupr\u00e8s de millions de fans de hockey dans nos pays\u201d, <a class=\"ithalc\" data-ithal=\"lien_externe\" data-ithalc=\"[nav_article]\" target=\"_blank\" href=\"https:\/\/www.facebook.com\/MIDRussia\/posts\/-russian-embassy-in-the-usa-today-not-only-the-fans-of-the-national-hockey-leagu\/999658862357174\/\" rel=\"nofollow noopener\">lit-on dans le communiqu\u00e9 de l\u2019ambassade russe post\u00e9 sur Facebook<\/a>.<\/p>\n<p>Leurs coll\u00e8gues am\u00e9ricains \u00e0 Moscou n\u2019ont pas manqu\u00e9 de saluer aussi l\u2019exploit d\u2019Ovechkin en <\/p>\n","protected":false},"excerpt":{"rendered":"En marquant son 895e\u00a0but dimanche 6\u00a0avril dans la Ligue nationale de hockey sur glace (NHL, pour \u201cNational Hockey&hellip;\n","protected":false},"author":2,"featured_media":15363,"comment_status":"","ping_status":"","sticky":false,"template":"","format":"standard","meta":{"footnotes":""},"categories":[1591],"tags":[11,3822,674,1887,1892,12,1885,1886,132,517,770],"class_list":{"0":"post-15362","1":"post","2":"type-post","3":"status-publish","4":"format-standard","5":"has-post-thumbnail","7":"category-russie","8":"tag-actualites","9":"tag-amu00e9riques","10":"tag-europe","11":"tag-federation-de-russie","12":"tag-gu00e9opolitique","13":"tag-news","14":"tag-russia","15":"tag-russian-federation","16":"tag-russie","17":"tag-sport","18":"tag-u00e9tats-unis"},"share_on_mastodon":{"url":"https:\/\/pubeurope.com\/@fr\/114314540814107068","error":""},"_links":{"self":[{"href":"https:\/\/www.europesays.com\/fr\/wp-json\/wp\/v2\/posts\/15362","targetHints":{"allow":["GET"]}}],"collection":[{"href":"https:\/\/www.europesays.com\/fr\/wp-json\/wp\/v2\/posts"}],"about":[{"href":"https:\/\/www.europesays.com\/fr\/wp-json\/wp\/v2\/types\/post"}],"author":[{"embeddable":true,"href":"https:\/\/www.europesays.com\/fr\/wp-json\/wp\/v2\/users\/2"}],"replies":[{"embeddable":true,"href":"https:\/\/www.europesays.com\/fr\/wp-json\/wp\/v2\/comments?post=15362"}],"version-history":[{"count":0,"href":"https:\/\/www.europesays.com\/fr\/wp-json\/wp\/v2\/posts\/15362\/revisions"}],"wp:featuredmedia":[{"embeddable":true,"href":"https:\/\/www.europesays.com\/fr\/wp-json\/wp\/v2\/media\/15363"}],"wp:attachment":[{"href":"https:\/\/www.europesays.com\/fr\/wp-json\/wp\/v2\/media?parent=15362"}],"wp:term":[{"taxonomy":"category","embeddable":true,"href":"https:\/\/www.europesays.com\/fr\/wp-json\/wp\/v2\/categories?post=15362"},{"taxonomy":"post_tag","embeddable":true,"href":"https:\/\/www.europesays.com\/fr\/wp-json\/wp\/v2\/tags?post=15362"}],"curies":[{"name":"wp","href":"https:\/\/api.w.org\/{rel}","templated":true}]}}