{"id":153620,"date":"2025-06-05T09:35:12","date_gmt":"2025-06-05T09:35:12","guid":{"rendered":"https:\/\/www.europesays.com\/fr\/153620\/"},"modified":"2025-06-05T09:35:12","modified_gmt":"2025-06-05T09:35:12","slug":"defense-les-allies-de-lotan-ne-peuvent-pas-etre-dans-la-dependance-face-aux-etats-unis","status":"publish","type":"post","link":"https:\/\/www.europesays.com\/fr\/153620\/","title":{"rendered":"D\u00e9fense\u00a0: les Alli\u00e9s de l\u2019Otan ne peuvent pas \u00eatre dans la \u00ab\u00a0d\u00e9pendance\u00a0\u00bb face aux \u00c9tats-Unis"},"content":{"rendered":"<p>\u00ab Notre message restera clair. Il s\u2019agit de la dissuasion et de la paix par la force, mais pas de la d\u00e9pendance. Il ne peut s\u2019agir et ne s\u2019agira pas de d\u00e9pendre de l\u2019Am\u00e9rique dans un monde o\u00f9 les menaces sont nombreuses \u00bb, a d\u00e9clar\u00e9, ce jeudi, le secr\u00e9taire am\u00e9ricain \u00e0 la D\u00e9fense Pete Hegseth, avant le d\u00e9but d\u2019une r\u00e9union des ministres de la D\u00e9fense de l\u2019Alliance.<\/p>\n<p>Et pour y parvenir, a-t-il martel\u00e9, il n\u2019y qu\u2019une seule voie, une hausse significative des d\u00e9penses militaires au sein de l\u2019Alliance, conform\u00e9ment aux exigences du pr\u00e9sident am\u00e9ricain Donald Trump.<\/p>\n<p>5 % du produit int\u00e9rieur brut (PIB) \u00e0 la d\u00e9fense<\/p>\n<p>\u00ab La raison pour laquelle je suis ici est de m\u2019assurer que tous les pays de l\u2019Otan comprennent que (\u2026) chaque pays doit contribuer \u00e0 hauteur de 5 % \u00bb, a expliqu\u00e9 l\u2019ancien journaliste de Fox News.<\/p>\n<p>Le locataire de la Maison Blanche s\u2019attend \u00e0 ce que les Alli\u00e9s europ\u00e9ens, et le Canada, s\u2019engagent \u00e0 consacrer au moins 5 % de leur produit int\u00e9rieur brut (PIB) \u00e0 la d\u00e9fense, a rappel\u00e9 Washington cette semaine.<\/p>\n<p>Inquiet d\u2019un \u00e9ventuel d\u00e9sengagement am\u00e9ricain de leur continent, et face \u00e0 la menace russe, les Europ\u00e9ens se disent pr\u00eats \u00e0 augmenter leurs d\u00e9penses militaires. Mais tous n\u2019affichent pas la m\u00eame volont\u00e9.<\/p>\n<p>\u00ab La g\u00e9ographie joue un r\u00f4le \u00bb, a rappel\u00e9 cette semaine un diplomate \u00e0 l\u2019Otan, \u00e9voquant la situation des pays du sud de l\u2019Europe, comme l\u2019Espagne, moins sensibles \u00e0 la menace russe et d\u00e9j\u00e0 en retard par rapport \u00e0 un pr\u00e9c\u00e9dent objectif.<\/p>\n<p>En 2014, les pays de l\u2019Otan avaient d\u00e9cid\u00e9 de porter \u00e0 2 % de leur PIB leurs d\u00e9penses militaires d\u2019ici 2024. Mais plusieurs pays, dont l\u2019Espagne et l\u2019Italie, n\u2019y sont pas parvenus. Ils se sont toutefois engag\u00e9s \u00e0 atteindre les 2 % cette ann\u00e9e.<\/p>\n","protected":false},"excerpt":{"rendered":"\u00ab Notre message restera clair. Il s\u2019agit de la dissuasion et de la paix par la force, mais&hellip;\n","protected":false},"author":2,"featured_media":153621,"comment_status":"","ping_status":"","sticky":false,"template":"","format":"standard","meta":{"footnotes":""},"categories":[1589],"tags":[11,765,73,1866,74,12,136,656,1864,1865,1863,308],"class_list":{"0":"post-153620","1":"post","2":"type-post","3":"status-publish","4":"format-standard","5":"has-post-thumbnail","7":"category-etats-unis","8":"tag-actualites","9":"tag-en-continu","10":"tag-etats-unis","11":"tag-etats-unis-damerique","12":"tag-monde","13":"tag-news","14":"tag-otan","15":"tag-securite","16":"tag-united-states","17":"tag-united-states-of-america","18":"tag-us","19":"tag-usa"},"share_on_mastodon":{"url":"https:\/\/pubeurope.com\/@fr\/114630080845228784","error":""},"_links":{"self":[{"href":"https:\/\/www.europesays.com\/fr\/wp-json\/wp\/v2\/posts\/153620","targetHints":{"allow":["GET"]}}],"collection":[{"href":"https:\/\/www.europesays.com\/fr\/wp-json\/wp\/v2\/posts"}],"about":[{"href":"https:\/\/www.europesays.com\/fr\/wp-json\/wp\/v2\/types\/post"}],"author":[{"embeddable":true,"href":"https:\/\/www.europesays.com\/fr\/wp-json\/wp\/v2\/users\/2"}],"replies":[{"embeddable":true,"href":"https:\/\/www.europesays.com\/fr\/wp-json\/wp\/v2\/comments?post=153620"}],"version-history":[{"count":0,"href":"https:\/\/www.europesays.com\/fr\/wp-json\/wp\/v2\/posts\/153620\/revisions"}],"wp:featuredmedia":[{"embeddable":true,"href":"https:\/\/www.europesays.com\/fr\/wp-json\/wp\/v2\/media\/153621"}],"wp:attachment":[{"href":"https:\/\/www.europesays.com\/fr\/wp-json\/wp\/v2\/media?parent=153620"}],"wp:term":[{"taxonomy":"category","embeddable":true,"href":"https:\/\/www.europesays.com\/fr\/wp-json\/wp\/v2\/categories?post=153620"},{"taxonomy":"post_tag","embeddable":true,"href":"https:\/\/www.europesays.com\/fr\/wp-json\/wp\/v2\/tags?post=153620"}],"curies":[{"name":"wp","href":"https:\/\/api.w.org\/{rel}","templated":true}]}}