{"id":153622,"date":"2025-06-05T09:36:15","date_gmt":"2025-06-05T09:36:15","guid":{"rendered":"https:\/\/www.europesays.com\/fr\/153622\/"},"modified":"2025-06-05T09:36:15","modified_gmt":"2025-06-05T09:36:15","slug":"le-brexit-sestompe-la-suisse-saffirme","status":"publish","type":"post","link":"https:\/\/www.europesays.com\/fr\/153622\/","title":{"rendered":"Le Brexit s\u2019estompe, la Suisse s\u2019affirme"},"content":{"rendered":"<p>              <a tabindex=\"-1\" title=\"Jean Russotto\" href=\"https:\/\/www.letemps.ch\/profil\/jean-russotto\" target=\"_blank\" rel=\"noopener\"><\/p>\n<p>                    <img decoding=\"async\" src=\"https:\/\/www.europesays.com\/fr\/wp-content\/uploads\/2025\/06\/1749116175_532_small.jpeg\" class=\"lazy\" alt=\"\"\/><\/p>\n<p><\/a>        <\/p>\n<p>    Publi\u00e9 le 04 juin 2025 \u00e0 15:21. \/ Modifi\u00e9 le 05 juin 2025 \u00e0 11:10.<\/p>\n<p> 3 min. de lecture<\/p>\n<p>Il fut un temps o\u00f9, en Suisse, les pourfendeurs de l\u2019UE vantaient la farouche ind\u00e9pendance du Royaume-Uni qui, apr\u00e8s un vote en 2016, abandonnait l\u2019UE en 2021. Avec le Brexit, Londres voulait reconstruire un vaste espace de libre-\u00e9change. On se f\u00e9licitait de la disparition de r\u00e8glements et directives communautaires devenus des \u00e9pouvantails. On applaudissait le rejet d\u2019institutions communautaires aussi ex\u00e9crables que la Cour de justice de l\u2019Union europ\u00e9enne. En Suisse, plus d\u2019un d\u00e9clarait que le pays, \u00e0 son tour, devait s\u2019engager sur une voie souveraine, libre de contraintes inutiles. Mais m\u00eame les plus savants peuvent se tromper lourdement.<\/p>\n<p>Le Brexit est un \u00e9chec politique et un d\u00e9sastre \u00e9conomique. Promesses de croissance non tenues, services publics en d\u00e9clin, soins de sant\u00e9 en berne. Et, lentement mais s\u00fbrement, la relation entre l\u2019UE et le Royaume-Uni rena\u00eet et les principes fondamentaux du \u00abBloc\u00bb refont surface. M\u00eame si rien n\u2019est encore d\u00e9finitif, le premier sommet UE-Royaume-Uni, organis\u00e9 le 19\u00a0mai dernier, fait appara\u00eetre, en trois documents sign\u00e9s, la volont\u00e9 des deux parties de renouer.<\/p>\n","protected":false},"excerpt":{"rendered":"Publi\u00e9 le 04 juin 2025 \u00e0 15:21. \/ Modifi\u00e9 le 05 juin 2025 \u00e0 11:10. 3 min. de&hellip;\n","protected":false},"author":2,"featured_media":153623,"comment_status":"","ping_status":"","sticky":false,"template":"","format":"standard","meta":{"footnotes":""},"categories":[1588],"tags":[11,1777,674,12,301,473,1853,2582,1851,1850,1852],"class_list":{"0":"post-153622","1":"post","2":"type-post","3":"status-publish","4":"format-standard","5":"has-post-thumbnail","7":"category-royaume-uni","8":"tag-actualites","9":"tag-eu","10":"tag-europe","11":"tag-news","12":"tag-premium","13":"tag-royaume-uni","14":"tag-royaume-uni-de-grande-bretagne-et-dirlande-du-nord","15":"tag-suisse-ue","16":"tag-uk","17":"tag-united-kingdom","18":"tag-united-kingdom-of-great-britain-and-northern-ireland"},"share_on_mastodon":{"url":"https:\/\/pubeurope.com\/@fr\/114630084780650114","error":""},"_links":{"self":[{"href":"https:\/\/www.europesays.com\/fr\/wp-json\/wp\/v2\/posts\/153622","targetHints":{"allow":["GET"]}}],"collection":[{"href":"https:\/\/www.europesays.com\/fr\/wp-json\/wp\/v2\/posts"}],"about":[{"href":"https:\/\/www.europesays.com\/fr\/wp-json\/wp\/v2\/types\/post"}],"author":[{"embeddable":true,"href":"https:\/\/www.europesays.com\/fr\/wp-json\/wp\/v2\/users\/2"}],"replies":[{"embeddable":true,"href":"https:\/\/www.europesays.com\/fr\/wp-json\/wp\/v2\/comments?post=153622"}],"version-history":[{"count":0,"href":"https:\/\/www.europesays.com\/fr\/wp-json\/wp\/v2\/posts\/153622\/revisions"}],"wp:featuredmedia":[{"embeddable":true,"href":"https:\/\/www.europesays.com\/fr\/wp-json\/wp\/v2\/media\/153623"}],"wp:attachment":[{"href":"https:\/\/www.europesays.com\/fr\/wp-json\/wp\/v2\/media?parent=153622"}],"wp:term":[{"taxonomy":"category","embeddable":true,"href":"https:\/\/www.europesays.com\/fr\/wp-json\/wp\/v2\/categories?post=153622"},{"taxonomy":"post_tag","embeddable":true,"href":"https:\/\/www.europesays.com\/fr\/wp-json\/wp\/v2\/tags?post=153622"}],"curies":[{"name":"wp","href":"https:\/\/api.w.org\/{rel}","templated":true}]}}