{"id":153624,"date":"2025-06-05T09:37:10","date_gmt":"2025-06-05T09:37:10","guid":{"rendered":"https:\/\/www.europesays.com\/fr\/153624\/"},"modified":"2025-06-05T09:37:10","modified_gmt":"2025-06-05T09:37:10","slug":"lallemagne-va-avoir-besoin-de-50-000-a-60-000-soldats-supplementaires-estime-son-ministre-de-la-defense","status":"publish","type":"post","link":"https:\/\/www.europesays.com\/fr\/153624\/","title":{"rendered":"L\u2019Allemagne va avoir besoin de \u00ab\u00a050\u00a0000\u00a0\u00e0 60\u00a0000\u00a0\u00bb soldats suppl\u00e9mentaires, estime son ministre de la d\u00e9fense"},"content":{"rendered":"<p>                           <img loading=\"lazy\" decoding=\"async\" src=\"https:\/\/www.europesays.com\/fr\/wp-content\/uploads\/2025\/06\/eea4371_ftp-import-images-1-nler7jbr31w6-2025-05-23t141935z-1081755837-rc2qneafxl2z-rtrmadp-3-german.jpeg\" alt=\"Fabian, au centre, une recrue des forces arm\u00e9es allemandes Bundeswehr, assiste \u00e0 une c\u00e9r\u00e9monie de prestation de serment pour les nouvelles recrues devant la Chambre des repr\u00e9sentants de Berlin, le 23\u00a0mai 2025.\"  width=\"664\" height=\"443\"\/>    Fabian, au centre, une recrue des forces arm\u00e9es allemandes Bundeswehr, assiste \u00e0 une c\u00e9r\u00e9monie de prestation de serment pour les nouvelles recrues devant la Chambre des repr\u00e9sentants de Berlin, le 23\u00a0mai 2025.  NADJA WOHLLEBEN \/ REUTERS                  <\/p>\n<p class=\"article__paragraph  \">\u00ab\u00a0Nous supposons, mais ce n\u2019est qu\u2019une estimation approximative, que nous avons besoin d\u2019environ 50\u00a0000\u00a0\u00e0 60\u00a0000 soldats de plus dans les forces arm\u00e9es\u00a0\u00bb pour r\u00e9pondre aux nouvelles capacit\u00e9s de d\u00e9fense r\u00e9clam\u00e9es par l\u2019OTAN, a d\u00e9clar\u00e9 le ministre de la d\u00e9fense allemand, Boris Pistorius, peu avant une r\u00e9union des ministres de la d\u00e9fense de l\u2019Alliance atlantique.<\/p>\n<p class=\"article__paragraph  \">Le secr\u00e9taire g\u00e9n\u00e9ral de l\u2019OTAN, Mark Rutte, a propos\u00e9 que les 32 pays de l\u2019Alliance consacrent 5\u00a0% de leur produit int\u00e9rieur brut (PIB) \u00e0 leur d\u00e9fense, dont 3,5\u00a0% \u00e0 des d\u00e9penses exclusivement militaires. Atteindre cet objectif repr\u00e9sente pour l\u2019Allemagne, premi\u00e8re \u00e9conomie europ\u00e9enne, un effort budg\u00e9taire suppl\u00e9mentaire de quelque 125\u00a0milliards d\u2019euros, a encore expliqu\u00e9 M. Pistorius.<\/p>\n<p>   Lire plus tard  <\/p>\n<p class=\"article__paragraph  \">En\u00a02024, la Bundeswehr comptait plus de 180\u00a0000 soldats avec l\u2019objectif de d\u00e9passer les 203\u00a0000 d\u2019ici 2031. Mais elle peine \u00e0 recruter en d\u00e9pit d\u2019une ambitieuse campagne publicitaire.<\/p>\n<p class=\"article__paragraph  \">M.\u00a0Pistorius veut faire adopter rapidement une r\u00e9forme visant \u00e0 recenser les jeunes hommes \u00e0 leurs 18\u00a0ans, pour identifier des candidats potentiels au service militaire. Il mise \u00ab\u00a0dans un premier temps sur la participation volontaire\u00a0\u00bb, a-t-il dit, sans exclure des \u00e9l\u00e9ments contraignants faute de candidats suffisants.<\/p>\n<p>   Lire plus tard  <\/p>\n<p class=\"author__detail\">  Le Monde avec AFP  <\/p>\n<p>L\u2019espace des contributions est r\u00e9serv\u00e9 aux abonn\u00e9s.<\/p>\n<p>Abonnez-vous pour acc\u00e9der \u00e0 cet espace d\u2019\u00e9change et contribuer \u00e0 la discussion.<\/p>\n<p>    <a href=\"https:\/\/abo.lemonde.fr\/?lmd_medium=BOUTONS_LMFR&amp;lmd_campaign=CONTRIBUTION_ARTICLE\" class=\"btn btn--premium js-btn-premium\" rel=\"nofollow noopener\" target=\"_blank\">S\u2019abonner<\/a>          <\/p>\n<p class=\"comments__active comments__tooltip\">Contribuer<\/p>\n<p>      <a href=\"https:\/\/www.lemonde.fr\/syndication\/\" class=\"reuse__content\" title=\"R\u00e9utiliser ce contenu\" target=\"_blank\" rel=\"nofollow noopener\">R\u00e9utiliser ce contenu<\/a>      <\/p>\n","protected":false},"excerpt":{"rendered":"Fabian, au centre, une recrue des forces arm\u00e9es allemandes Bundeswehr, assiste \u00e0 une c\u00e9r\u00e9monie de prestation de serment&hellip;\n","protected":false},"author":2,"featured_media":153625,"comment_status":"","ping_status":"","sticky":false,"template":"","format":"standard","meta":{"footnotes":"","_share_on_mastodon":"0"},"categories":[1587],"tags":[11,672,1804,1805,1803,1777,674,1801,12,1802],"class_list":["post-153624","post","type-post","status-publish","format-standard","has-post-thumbnail","category-allemagne","tag-actualites","tag-allemagne","tag-bundesrepublik-deutschland","tag-de","tag-deutschland","tag-eu","tag-europe","tag-germany","tag-news","tag-republique-federale-dallemagne"],"share_on_mastodon":{"url":"https:\/\/pubeurope.com\/@fr\/114630088715283714","error":""},"_links":{"self":[{"href":"https:\/\/www.europesays.com\/fr\/wp-json\/wp\/v2\/posts\/153624","targetHints":{"allow":["GET"]}}],"collection":[{"href":"https:\/\/www.europesays.com\/fr\/wp-json\/wp\/v2\/posts"}],"about":[{"href":"https:\/\/www.europesays.com\/fr\/wp-json\/wp\/v2\/types\/post"}],"author":[{"embeddable":true,"href":"https:\/\/www.europesays.com\/fr\/wp-json\/wp\/v2\/users\/2"}],"replies":[{"embeddable":true,"href":"https:\/\/www.europesays.com\/fr\/wp-json\/wp\/v2\/comments?post=153624"}],"version-history":[{"count":0,"href":"https:\/\/www.europesays.com\/fr\/wp-json\/wp\/v2\/posts\/153624\/revisions"}],"wp:featuredmedia":[{"embeddable":true,"href":"https:\/\/www.europesays.com\/fr\/wp-json\/wp\/v2\/media\/153625"}],"wp:attachment":[{"href":"https:\/\/www.europesays.com\/fr\/wp-json\/wp\/v2\/media?parent=153624"}],"wp:term":[{"taxonomy":"category","embeddable":true,"href":"https:\/\/www.europesays.com\/fr\/wp-json\/wp\/v2\/categories?post=153624"},{"taxonomy":"post_tag","embeddable":true,"href":"https:\/\/www.europesays.com\/fr\/wp-json\/wp\/v2\/tags?post=153624"}],"curies":[{"name":"wp","href":"https:\/\/api.w.org\/{rel}","templated":true}]}}