{"id":153634,"date":"2025-06-05T09:42:13","date_gmt":"2025-06-05T09:42:13","guid":{"rendered":"https:\/\/www.europesays.com\/fr\/153634\/"},"modified":"2025-06-05T09:42:13","modified_gmt":"2025-06-05T09:42:13","slug":"la-france-et-lespagne-saffrontent-en-demi-finales","status":"publish","type":"post","link":"https:\/\/www.europesays.com\/fr\/153634\/","title":{"rendered":"la France et l&rsquo;Espagne s&rsquo;affrontent en demi-finales"},"content":{"rendered":"<p>Ce jeudi 5 juin a lieu la deuxi\u00e8me demi-finale de la Ligue des nations de foot qui oppose la France \u00e0 l\u2019Espagne. La Roja, tenante du titre europ\u00e9en, va pouvoir compter sur un large soutien : dans les tribunes de Stuttgart, th\u00e9\u00e2tre de la rencontre, mais surtout dans tout le pays. Un \u00e9lan populaire autour de la s\u00e9lection qui n\u2019avait pas \u00e9t\u00e9 aussi fort depuis plus d\u2019une d\u00e9cennie.<\/p>\n<p><strong><a href=\"https:\/\/www.rfi.fr\/fr\/sports\/20240709-euro-2024-l-espagne-fait-d\u00e9railler-la-france-et-se-hisse-en-finale\" rel=\"nofollow noopener\" target=\"_blank\" data-ylk=\"slk:Un an apr\u00e8s sa d\u00e9faite \u00e0 l&#039;Euro 2024;elm:context_link;itc:0;sec:content-canvas\" class=\"link \">Un an apr\u00e8s sa d\u00e9faite \u00e0 l&rsquo;Euro 2024<\/a><\/strong>, l&rsquo;\u00e9quipe de <strong><a href=\"https:\/\/www.rfi.fr\/fr\/tag\/france\/\" class=\"link \" rel=\"nofollow noopener\" target=\"_blank\" data-ylk=\"slk:France;elm:context_link;itc:0;sec:content-canvas\">France<\/a><\/strong> retrouve jeudi 5 juin l&rsquo;<strong><a href=\"https:\/\/www.rfi.fr\/fr\/tag\/espagne\/\" class=\"link \" rel=\"nofollow noopener\" target=\"_blank\" data-ylk=\"slk:Espagne;elm:context_link;itc:0;sec:content-canvas\">Espagne<\/a><\/strong> de Lamine Yamal en demi-finales de la Ligue des nations \u00e0 Stuttgart. Elle y esp\u00e8re profiter de l&rsquo;euphorie de <a href=\"https:\/\/www.rfi.fr\/fr\/sports\/20250531-psg-inter-suivez-la-finale-de-la-ligue-des-champions-sur-rfi-fr\" rel=\"nofollow noopener\" target=\"_blank\" data-ylk=\"slk:ses cinq champions d&#039;Europe parisiens;elm:context_link;itc:0;sec:content-canvas\" class=\"link \"><strong>ses cinq champions d&rsquo;Europe parisiens<\/strong><\/a> m\u00eame si l&rsquo;\u00e9tat de sa d\u00e9fense, handicap\u00e9e par des absences majeures, a de quoi inqui\u00e9ter.<\/p>\n<p>Les h\u00e9ros de la capitale (Ousmane Demb\u00e9l\u00e9, D\u00e9sir\u00e9 Dou\u00e9, Bradley Barcola, Lucas Hernandez, Warren Zaire-Emery) et les deux perdants milanais (Marcus Thuram, Benjamin Pavard) ne sont d&rsquo;ailleurs arriv\u00e9s que lundi 2 juin au Centre national du football \u00e0 Clairefontane dans les Yvelines. Tout comme le capitaine Kylian Mbapp\u00e9 et Aur\u00e9lien Tchouam\u00e9ni, le Real Madrid n&rsquo;ayant pas voulu lib\u00e9rer ses joueurs avant la date officielle fix\u00e9e par la Fifa pour le d\u00e9but de la fen\u00eatre internationale.<\/p>\n<p>Lamine Yamal, 17 ans seulement, est la star annonc\u00e9e de ce choc.<\/p>\n<p><a href=\"https:\/\/www.rfi.fr\/fr\/sports\/20250605-ligue-des-nations-la-france-et-l-espagne-s-affrontent-en-demi-finales\" rel=\"nofollow noopener\" target=\"_blank\" data-ylk=\"slk:Lire la suite sur RFI;elm:context_link;itc:0;sec:content-canvas\" class=\"link \">Lire la suite sur RFI<\/a><\/p>\n","protected":false},"excerpt":{"rendered":"Ce jeudi 5 juin a lieu la deuxi\u00e8me demi-finale de la Ligue des nations de foot qui oppose&hellip;\n","protected":false},"author":2,"featured_media":153635,"comment_status":"","ping_status":"","sticky":false,"template":"","format":"standard","meta":{"footnotes":""},"categories":[4],"tags":[11,4786,9707,1640,1011,27,6477,28345,16748,23733,17477,4787,12,2782,25,12500],"class_list":{"0":"post-153634","1":"post","2":"type-post","3":"status-publish","4":"format-standard","5":"has-post-thumbnail","7":"category-france","8":"tag-actualites","9":"tag-benjamin-pavard","10":"tag-bradley-barcola","11":"tag-desire-doue","12":"tag-fr","13":"tag-france","14":"tag-kylian-mbappe","15":"tag-la-ligue-des-nations","16":"tag-lamine-yamal","17":"tag-ligue-des-nations","18":"tag-lucas-hernandez","19":"tag-marcus-thuram","20":"tag-news","21":"tag-ousmane-dembele","22":"tag-republique-francaise","23":"tag-stuttgart"},"share_on_mastodon":{"url":"https:\/\/pubeurope.com\/@fr\/114630108349960952","error":""},"_links":{"self":[{"href":"https:\/\/www.europesays.com\/fr\/wp-json\/wp\/v2\/posts\/153634","targetHints":{"allow":["GET"]}}],"collection":[{"href":"https:\/\/www.europesays.com\/fr\/wp-json\/wp\/v2\/posts"}],"about":[{"href":"https:\/\/www.europesays.com\/fr\/wp-json\/wp\/v2\/types\/post"}],"author":[{"embeddable":true,"href":"https:\/\/www.europesays.com\/fr\/wp-json\/wp\/v2\/users\/2"}],"replies":[{"embeddable":true,"href":"https:\/\/www.europesays.com\/fr\/wp-json\/wp\/v2\/comments?post=153634"}],"version-history":[{"count":0,"href":"https:\/\/www.europesays.com\/fr\/wp-json\/wp\/v2\/posts\/153634\/revisions"}],"wp:featuredmedia":[{"embeddable":true,"href":"https:\/\/www.europesays.com\/fr\/wp-json\/wp\/v2\/media\/153635"}],"wp:attachment":[{"href":"https:\/\/www.europesays.com\/fr\/wp-json\/wp\/v2\/media?parent=153634"}],"wp:term":[{"taxonomy":"category","embeddable":true,"href":"https:\/\/www.europesays.com\/fr\/wp-json\/wp\/v2\/categories?post=153634"},{"taxonomy":"post_tag","embeddable":true,"href":"https:\/\/www.europesays.com\/fr\/wp-json\/wp\/v2\/tags?post=153634"}],"curies":[{"name":"wp","href":"https:\/\/api.w.org\/{rel}","templated":true}]}}