{"id":153650,"date":"2025-06-05T09:53:10","date_gmt":"2025-06-05T09:53:10","guid":{"rendered":"https:\/\/www.europesays.com\/fr\/153650\/"},"modified":"2025-06-05T09:53:10","modified_gmt":"2025-06-05T09:53:10","slug":"les-yeux-dans-les-bleus-de-miro-au-mucem-jusquau-10-novembre-2025","status":"publish","type":"post","link":"https:\/\/www.europesays.com\/fr\/153650\/","title":{"rendered":"Les yeux dans les \u00ab\u00a0Bleus\u00a0\u00bb de Mir\u00f3 au Mucem jusqu\u2019au 10\u00a0novembre\u00a02025"},"content":{"rendered":"<p>Juan Mir\u00f3 de retour au bord de la M\u00e9diterran\u00e9e. <a href=\"https:\/\/www.laprovence.com\/article\/culture-loisirs\/2543986545233615\/zeus-le-cheval-metallique-de-louverture-des-jo-2024-fait-son-show-sur-la-terrasse-du-mucem\" target=\"_blank\" rel=\"nofollow noopener\">Le Mucem de Marseille<\/a> ne pouvait pas r\u00eaver meilleure publicit\u00e9 que ce bel accueil r\u00e9serv\u00e9 ce jeudi 5\u00a0juin au triptyque Bleu I, Bleu II, Bleu III, ces c\u00e9l\u00e8bres huiles sur toile de l\u2019artiste catalan rappelant la mer et le ciel bleu espagnol. Les \u0153uvres, impressionnantes par leurs dimensions hors-norme, vivantes et vibrantes, sont visibles dans le cadre de l\u2019exposition permanente \u00ab\u00a0M\u00e9diterran\u00e9es, Inventions et repr\u00e9sentations\u00a0\u00bb. Avec \u00e0 la cl\u00e9, un possible regain de fr\u00e9quentation de cet \u00e9v\u00e9nement culturel de l\u2019ann\u00e9e ? Seul l\u2019avenir le dira.<\/p>\n<p>Entre le mus\u00e9e et le peintre \u00ab\u00a0mirobolant\u00a0\u00bb selon le po\u00e8te <a href=\"https:\/\/www.laprovence.com\/article\/culture-loisirs\/2543986545233615\/zeus-le-cheval-metallique-de-louverture-des-jo-2024-fait-son-show-sur-la-terrasse-du-mucem\" target=\"_blank\" rel=\"nofollow noopener\">Robert Desnos<\/a>, il y avait \u00ab\u00a0une \u00e9vidente connivence\u00a0\u00bb, explique Rapha\u00ebl Bories, conservateur et co-commissaire de l\u2019exposition. Ce dernier se f\u00e9licitait hier de ce pr\u00eat exceptionnel de six mois, jusqu\u2019au 10 novembre prochain, accord\u00e9 par le Centre Pompidou de Paris actuellement en travaux. Quant au d\u00e9m\u00e9nagement du mus\u00e9e de Grenoble o\u00f9 les \u00ab\u00a0Bleus\u00a0\u00bb \u00e9taient expos\u00e9s auparavant, jusqu\u2019\u00e0 la cit\u00e9 phoc\u00e9enne, ce ne fut pas une mince affaire. \u00ab\u00a0Transporter de telles \u0153uvres par camion, c\u2019est toujours d\u00e9licat\u00a0\u00bb, poursuivait-il.<\/p>\n<p>Dans son atelier \u00e0 Palma de Majorque<\/p>\n<p>Par tradition, \u00ab\u00a0les peintres ont souvent racont\u00e9 l\u2019histoire des paysages\u00a0\u00bb, rappelait Marie-Charlotte Calafat, directrice scientifique et des collections du Mucem.<\/p>\n<p>Juan Mir\u00f3, rest\u00e9 une grande partie de sa vie proche d\u2019un autre g\u00e9ant de la peinture, Pablo Picasso, et associ\u00e9 \u00e0 l\u2019histoire du surr\u00e9alisme et de l\u2019art abstrait, ne fait pas exception \u00e0 la r\u00e8gle en ce domaine. L\u2019installation du peintre avec sa femme, en\u00a01954 dans un d\u00e9cor de carte postale, \u00e0 Palma de Majorque marque, d\u2019apr\u00e8s les connaisseurs, un tournant majeur et d\u00e9cisif dans son \u0153uvre d\u00e9j\u00e0 prolifique. \u00ab\u00a0C\u2019est sur cette \u00eele que son ami Josep Lluis Sert, le grand architecte de la fondation Maeght \u00e0 Saint-Paul-de-Vence et qui a travaill\u00e9 entre autres, avec Le Corbusier, a imagin\u00e9 et fait construire un atelier baign\u00e9 de lumi\u00e8re, digne de ce nom. Le peintre disposait alors d\u2019un espace tr\u00e8s important avec vue sur mer. Les toiles sont r\u00e9alis\u00e9es dans ce lieu unique en 1961. Il semblait int\u00e9ressant de r\u00e9affirmer ici que l\u2019on peut porter un regard diff\u00e9rent sur la M\u00e9diterran\u00e9e, et qu\u2019elle peut \u00eatre aussi une grande source d\u2019inspiration pour les artistes \u00ab\u00a0, explique Rapha\u00ebl Boris.<\/p>\n<p>Avec beaucoup de malice, le mus\u00e9e a mis les toiles, qui ont eu droit \u00e0 un traitement sp\u00e9cial, dans \u00ab\u00a0une pi\u00e8ce pour elles seules\u00a0\u00bb, en conclusion de l\u2019exposition. Laissant ainsi la possibilit\u00e9 aux visiteurs de plonger leurs yeux dans \u00ab\u00a0les bleus\u00a0\u00bb infinis de Mir\u00f3.<\/p>\n<p>\u00ab\u00a0M\u00e9diterran\u00e9es \u00c9pisode 1\u00a0: Inventions et repr\u00e9sentations\u00a0\u00bb, au Mucem jusqu\u2019au 31\u00a0d\u00e9cembre\u00a02026. Les \u00ab\u00a0Bleus\u00a0\u00bb de Miro sont visibles jusqu\u2019au 10\u00a0novembre. Informations et tarifs sur\u00a0: mucem.org.<\/p>\n","protected":false},"excerpt":{"rendered":"Juan Mir\u00f3 de retour au bord de la M\u00e9diterran\u00e9e. Le Mucem de Marseille ne pouvait pas r\u00eaver meilleure&hellip;\n","protected":false},"author":2,"featured_media":153651,"comment_status":"","ping_status":"","sticky":false,"template":"","format":"standard","meta":{"footnotes":""},"categories":[1358],"tags":[17,1348,1384,1385,2207,251,1446,1386,58,59,1011,27,151,28346,6864,8461],"class_list":{"0":"post-153650","1":"post","2":"type-post","3":"status-publish","4":"format-standard","5":"has-post-thumbnail","7":"category-arts-et-design","8":"tag-17","9":"tag-arts","10":"tag-arts-and-design","11":"tag-arts-et-design","12":"tag-bleus","13":"tag-culture","14":"tag-dans","15":"tag-design","16":"tag-divertissement","17":"tag-entertainment","18":"tag-fr","19":"tag-france","20":"tag-les","21":"tag-miro","22":"tag-mucem","23":"tag-yeux"},"share_on_mastodon":{"url":"https:\/\/pubeurope.com\/@fr\/114630151648918643","error":""},"_links":{"self":[{"href":"https:\/\/www.europesays.com\/fr\/wp-json\/wp\/v2\/posts\/153650","targetHints":{"allow":["GET"]}}],"collection":[{"href":"https:\/\/www.europesays.com\/fr\/wp-json\/wp\/v2\/posts"}],"about":[{"href":"https:\/\/www.europesays.com\/fr\/wp-json\/wp\/v2\/types\/post"}],"author":[{"embeddable":true,"href":"https:\/\/www.europesays.com\/fr\/wp-json\/wp\/v2\/users\/2"}],"replies":[{"embeddable":true,"href":"https:\/\/www.europesays.com\/fr\/wp-json\/wp\/v2\/comments?post=153650"}],"version-history":[{"count":0,"href":"https:\/\/www.europesays.com\/fr\/wp-json\/wp\/v2\/posts\/153650\/revisions"}],"wp:featuredmedia":[{"embeddable":true,"href":"https:\/\/www.europesays.com\/fr\/wp-json\/wp\/v2\/media\/153651"}],"wp:attachment":[{"href":"https:\/\/www.europesays.com\/fr\/wp-json\/wp\/v2\/media?parent=153650"}],"wp:term":[{"taxonomy":"category","embeddable":true,"href":"https:\/\/www.europesays.com\/fr\/wp-json\/wp\/v2\/categories?post=153650"},{"taxonomy":"post_tag","embeddable":true,"href":"https:\/\/www.europesays.com\/fr\/wp-json\/wp\/v2\/tags?post=153650"}],"curies":[{"name":"wp","href":"https:\/\/api.w.org\/{rel}","templated":true}]}}