{"id":153654,"date":"2025-06-05T09:55:19","date_gmt":"2025-06-05T09:55:19","guid":{"rendered":"https:\/\/www.europesays.com\/fr\/153654\/"},"modified":"2025-06-05T09:55:19","modified_gmt":"2025-06-05T09:55:19","slug":"jerome-koh-lanta-la-revanche-des-4-terres-revele-un-des-objectifs-de-son-gros-coup-de-bluff-avec-claire","status":"publish","type":"post","link":"https:\/\/www.europesays.com\/fr\/153654\/","title":{"rendered":"J\u00e9r\u00f4me (Koh-Lanta, la revanche des 4 terres) r\u00e9v\u00e8le un des objectifs de son gros coup de bluff avec Claire"},"content":{"rendered":"<p>Apr\u00e8s son grand coup de bluff, dans l&rsquo;\u00e9pisode de Koh-Lanta : La Revanche des 4 Terres de ce mardi 3 juin, J\u00e9r\u00f4me se confie sur ce qui l&rsquo;a motiv\u00e9 \u00e0 berner ses camarades.<\/p>\n<p>Une envie de revanche\u00a0! J\u00e9r\u00f4me et Claire ont cr\u00e9\u00e9 la sensation, ce mardi 3\u00a0juin 2025 dans un \u00e9pisode de <a href=\"https:\/\/www.programme-tv.net\/news\/tv\/370938-koh-lanta-2025-date-de-diffusion-candidats-nouveautes-toutes-les-infos-sur-la-revanche-des-4-terres-la-nouvelle-saison-du-jeu-de-tf1\/\" data-api-deeplink=\"teleloisirs:\/\/news\/370938\" target=\"_blank\" rel=\"noopener\">Koh-Lanta\u00a0: La Revanche des 4 Terres<\/a> sous haute tension. Les deux aventuriers exil\u00e9s le temps d&rsquo;une \u00e9preuve, au cours de laquelle ils ont <a href=\"https:\/\/www.programme-tv.net\/news\/tv\/380304-latmosphere-etait-vraiment-pesante-claire-koh-lanta-2025-revient-sur-la-cohabitation-avec-maxime-sur-lile-de-lexil\/\" data-api-deeplink=\"teleloisirs:\/\/news\/380304\" target=\"_blank\" rel=\"noopener\">r\u00e9ussi \u00e0 \u00e9liminer Maxime<\/a>, ont ensuite regagn\u00e9 le camp avec une id\u00e9e de g\u00e9nie\u00a0: faire croire \u00e0 leurs camarades qu&rsquo;ils avaient remport\u00e9 collier d&rsquo;immunit\u00e9 assurant leur salut \u00e0 tous le deux, lors du prochain conseil\u2026 Le duo a ainsi r\u00e9ussi \u00e0 rallier d&rsquo;autres candidats \u00e0 leur cause, et <a href=\"https:\/\/www.programme-tv.net\/news\/tv\/380279-noemie-koh-lanta-2025-revele-que-les-candidats-n-ont-pas-cru-du-tout-pouvoir-du-collier-de-jerome-le-catalan-et-claire\/\" data-api-deeplink=\"teleloisirs:\/\/news\/380279\" target=\"_blank\" rel=\"noopener\">obtenu le d\u00e9part de No\u00e9mie.<\/a><\/p>\n<p>J\u00e9r\u00f4me (Koh-Lanta\u00a0: La Revanche des 4 Terres) d\u00e9voile l&rsquo;objectif de son impressionnante supercherie avec Claire<\/p>\n<p>Interrog\u00e9 dans les colonnes de Cin\u00e9 T\u00e9l\u00e9 Revue, <a href=\"https:\/\/www.programme-tv.net\/biographie\/4112681-jerome-m-koh-lanta-la-revanche-des-4-terres\/\" data-api-deeplink=\"teleloisirs:\/\/person\/4112681\" target=\"_blank\" rel=\"noopener\">J\u00e9r\u00f4me le Catalan<\/a>, revient ainsi sur la gen\u00e8se de ce coup de bluff tr\u00e8s remarqu\u00e9\u00a0: \u00ab\u00a0C&rsquo;est moi qui ai dit \u00e0 Claire de faire croire aux autres que nous avions d\u00e9croch\u00e9 non seulement un collier d&rsquo;immunit\u00e9, mais que celui-ci nous prot\u00e9geait tous les deux. Au lieu de se la jouer perso, on fait bloc elle et moi\u00a0\u00bb, a-t-il expliqu\u00e9, confiant ce qui l&rsquo;avait motiv\u00e9 \u00e0 duper ses co\u00e9quipiers\u00a0: \u00ab\u00a0C&rsquo;est la seule issue pour arriver ensemble \u00e0 l&rsquo;\u00e9preuve d&rsquo;orientation. <a href=\"https:\/\/www.programme-tv.net\/news\/tv\/380368-quelle-satisfaction-vengee-nais-koh-lanta-la-revanche-des-4-terres-reagit-au-gros-coup-de-bluff-de-jerome-et-claire\/\" data-api-deeplink=\"teleloisirs:\/\/news\/380368\" target=\"_blank\" rel=\"noopener\"><b>Notre but \u00e9tait aussi de venger Pierre-Marie et Na\u00ef<\/b><\/a><a href=\"https:\/\/www.programme-tv.net\/news\/tv\/380368-quelle-satisfaction-vengee-nais-koh-lanta-la-revanche-des-4-terres-reagit-au-gros-coup-de-bluff-de-jerome-et-claire\/\" data-api-deeplink=\"teleloisirs:\/\/news\/380368\" target=\"_blank\" rel=\"noopener\"><b>s<\/b><\/a><b>, \u00e9limin\u00e9s pr\u00e9c\u00e9demment<\/b>\u00ab\u00a0, a-t-il confi\u00e9, ayant donc une pens\u00e9e pour les deux aventuriers qui avaient \u00e9t\u00e9 sacrifi\u00e9s lors du conseil des destins li\u00e9s.<\/p>\n<p>                        Claire se confie sur le coup de bluff qu&rsquo;elle a men\u00e9 avec J\u00e9r\u00f4me dans Koh-Lanta\u00a0: La Revanche des 4 Terres<\/p>\n<p><a href=\"https:\/\/www.programme-tv.net\/news\/tv\/380318-claire-koh-lanta-2025-raconte-les-coulisses-de-son-coup-de-bluff-avec-jerome-le-catalan-on-avait-peur-des-questions-de-denis-brogniart-au-conseil\/\" data-api-deeplink=\"teleloisirs:\/\/news\/380318\" target=\"_blank\" rel=\"noopener\">Claire, qui \u00e9tait interview\u00e9e par T\u00e9l\u00e9-Loisirs <\/a>\u00e0 l&rsquo;issue de la diffusion de l&rsquo;\u00e9pisode de mardi, est \u00e9galement revenue sur cette strat\u00e9gie rondement men\u00e9e avec J\u00e9r\u00f4me, et elle ne s&rsquo;attendait visiblement pas \u00e0 ce que leurs camarades adh\u00e8rent aussi bien \u00e0 leur coup de bluff\u00a0: \u00ab\u00a0Honn\u00eatement, non\u00a0! <b>Quand j\u2019ai vu qu\u2019ils tombaient dans le panneau, je trouve \u00e7a extr\u00eamement jouissif<\/b>. Nous \u00e9tions tellement s\u00fbrs de nous et de notre histoire, qu&rsquo;elle est pass\u00e9e\u00a0! C\u2019est un retournement de situation incroyable\u00a0\u00bb, analyse-t-elle, visiblement tr\u00e8s fi\u00e8re de ce joli coup\u00a0!<\/p>\n","protected":false},"excerpt":{"rendered":"Apr\u00e8s son grand coup de bluff, dans l&rsquo;\u00e9pisode de Koh-Lanta : La Revanche des 4 Terres de ce&hellip;\n","protected":false},"author":2,"featured_media":153655,"comment_status":"","ping_status":"","sticky":false,"template":"","format":"standard","meta":{"footnotes":""},"categories":[1356],"tags":[2276,244,681,58,59,1011,27,28352,680,24107,24108,2277,23565,23566,252,199,2175,1364],"class_list":{"0":"post-153654","1":"post","2":"type-post","3":"status-publish","4":"format-standard","5":"has-post-thumbnail","7":"category-television","8":"tag-claire-koh-lanta","9":"tag-commentaire","10":"tag-denis-brogniart","11":"tag-divertissement","12":"tag-entertainment","13":"tag-fr","14":"tag-france","15":"tag-ju00e9ru00f4me-m-koh-lanta","16":"tag-koh-lanta","17":"tag-koh-lanta-2252025-0910-pm-tf1","18":"tag-koh-lanta-les-4-terres","19":"tag-la-revanche-des-4-terres","20":"tag-nau00efs-koh-lanta","21":"tag-pierre-marie-koh-lanta","22":"tag-television","23":"tag-tf1","24":"tag-tl-story","25":"tag-tv"},"share_on_mastodon":{"url":"https:\/\/pubeurope.com\/@fr\/114630159509307482","error":""},"_links":{"self":[{"href":"https:\/\/www.europesays.com\/fr\/wp-json\/wp\/v2\/posts\/153654","targetHints":{"allow":["GET"]}}],"collection":[{"href":"https:\/\/www.europesays.com\/fr\/wp-json\/wp\/v2\/posts"}],"about":[{"href":"https:\/\/www.europesays.com\/fr\/wp-json\/wp\/v2\/types\/post"}],"author":[{"embeddable":true,"href":"https:\/\/www.europesays.com\/fr\/wp-json\/wp\/v2\/users\/2"}],"replies":[{"embeddable":true,"href":"https:\/\/www.europesays.com\/fr\/wp-json\/wp\/v2\/comments?post=153654"}],"version-history":[{"count":0,"href":"https:\/\/www.europesays.com\/fr\/wp-json\/wp\/v2\/posts\/153654\/revisions"}],"wp:featuredmedia":[{"embeddable":true,"href":"https:\/\/www.europesays.com\/fr\/wp-json\/wp\/v2\/media\/153655"}],"wp:attachment":[{"href":"https:\/\/www.europesays.com\/fr\/wp-json\/wp\/v2\/media?parent=153654"}],"wp:term":[{"taxonomy":"category","embeddable":true,"href":"https:\/\/www.europesays.com\/fr\/wp-json\/wp\/v2\/categories?post=153654"},{"taxonomy":"post_tag","embeddable":true,"href":"https:\/\/www.europesays.com\/fr\/wp-json\/wp\/v2\/tags?post=153654"}],"curies":[{"name":"wp","href":"https:\/\/api.w.org\/{rel}","templated":true}]}}