{"id":153661,"date":"2025-06-05T09:59:09","date_gmt":"2025-06-05T09:59:09","guid":{"rendered":"https:\/\/www.europesays.com\/fr\/153661\/"},"modified":"2025-06-05T09:59:09","modified_gmt":"2025-06-05T09:59:09","slug":"mercato-la-premiere-approche-de-city-pour-cherki-repoussee","status":"publish","type":"post","link":"https:\/\/www.europesays.com\/fr\/153661\/","title":{"rendered":"Mercato : la premi\u00e8re approche de City pour Cherki repouss\u00e9e"},"content":{"rendered":"<p>                            <img width=\"770\" height=\"433\" src=\"https:\/\/www.europesays.com\/fr\/wp-content\/uploads\/2025\/06\/000_34TB2EB-770x433.jpg\" class=\"attachment-article size-article wp-post-image\" alt=\"Rayan Cherki lors d'OL - Strasbourg.\" decoding=\"async\" fetchpriority=\"high\"  \/><\/p>\n<p>Rayan Cherki lors d\u2019OL \u2013 Strasbourg. (Photo by OLIVIER CHASSIGNOLE \/ AFP)<\/p>\n<p>Apr\u00e8s avoir trouv\u00e9 un accord avec Rayan Cherki, Manchester City doit d\u00e9sormais convaincre l&rsquo;OL de l\u00e2cher son joueur. La premi\u00e8re offre mancunienne aurait logiquement \u00e9t\u00e9 repouss\u00e9e, car trop basse.<\/p>\n<p>Ce jeudi, il pourrait bien connaitre sa premi\u00e8re s\u00e9lection avec l&rsquo;\u00e9quipe de France. S&rsquo;il n&rsquo;est pas annonc\u00e9 comme titulaire pour le d\u00e9licieux <strong>Espagne &#8211; France,<\/strong> Rayan Cherki <strong>devrait <\/strong>pouvoir faire son entr\u00e9e en jeu au cours de cette demi-finale de Ligue des Nations. Il deviendrait ainsi international fran\u00e7ais et sur un CV, \u00e7a compte forc\u00e9ment. Il \u00e9tait d&rsquo;ailleurs coutume de dire qu&rsquo;avec une cape \u00e0 son actif, un joueur prenait de la valeur.<\/p>\n<p>Le num\u00e9ro 25 des Bleus n&rsquo;a pas vraiment besoin de \u00e7a et en le lan\u00e7ant, Didier <strong>Deschamps <\/strong>ne devrait pas lui faire prendre quelques millions suppl\u00e9mentaires. John <a href=\"https:\/\/www.olympique-et-lyonnais.com\/ol-ligue-europa-textor-presse-par-luefa-de-vendre-ses-parts-a-crystal-palace,364200.html\" rel=\"nofollow noopener\" target=\"_blank\">Textor <\/a>ne dirait pourtant pas non, mais tout le monde sait plus ou moins \u00e0 combien va tr\u00e8s certainement partir <strong>Cherki <\/strong>durant cet \u00e9t\u00e9. Seule une offre sup\u00e9rieure \u00e0 30 millions d&rsquo;euros va convaincre la direction de l&rsquo;OL, qui a besoin de liquidit\u00e9 avec le passage devant la DNCG.<\/p>\n<p>Cinq jours pour trouver un accord<\/p>\n<p>Il y a donc une urgence, d&rsquo;autant plus que la premi\u00e8re fen\u00eatre de tir dans ce mercato estival se renferme le 10 juin, soit dans cinq jours. Entre l&rsquo;<strong>OL <\/strong>qui a besoin d&rsquo;argent et <strong>Manchester City<\/strong> qui aimerait pouvoir compter sur Rayan <strong>Cherki <\/strong>pour la Coupe du monde des clubs, trouver un accord rapide devrait donc \u00eatre un jeu d&rsquo;enfant. Seulement, il va falloir que les Cityzens revoient leur offre \u00e0 la hausse. Apr\u00e8s avoir trouv\u00e9 un accord avec le joueur, le club mancunien aurait adress\u00e9 une premi\u00e8re offensive \u00e0 l&rsquo;OL, d&rsquo;apr\u00e8s le journaliste belge Sacha <strong>Tavolieri<\/strong>. Un montant qui a d\u00fb faire sourire <strong>Textor <\/strong>puisqu&rsquo;il serait de l&rsquo;ordre de 23 millions d&rsquo;euros et qui aurait \u00e9t\u00e9 logiquement repouss\u00e9 par la direction rhodanienne.<\/p>\n","protected":false},"excerpt":{"rendered":"Rayan Cherki lors d\u2019OL \u2013 Strasbourg. (Photo by OLIVIER CHASSIGNOLE \/ AFP) Apr\u00e8s avoir trouv\u00e9 un accord avec&hellip;\n","protected":false},"author":2,"featured_media":153662,"comment_status":"","ping_status":"","sticky":false,"template":"","format":"standard","meta":{"footnotes":""},"categories":[9],"tags":[1011,27,1434,241,978,60],"class_list":{"0":"post-153661","1":"post","2":"type-post","3":"status-publish","4":"format-standard","5":"has-post-thumbnail","7":"category-sports","8":"tag-fr","9":"tag-france","10":"tag-mercato","11":"tag-ol","12":"tag-olympique-lyonnais","13":"tag-sports"},"share_on_mastodon":{"url":"https:\/\/pubeurope.com\/@fr\/114630175205219802","error":""},"_links":{"self":[{"href":"https:\/\/www.europesays.com\/fr\/wp-json\/wp\/v2\/posts\/153661","targetHints":{"allow":["GET"]}}],"collection":[{"href":"https:\/\/www.europesays.com\/fr\/wp-json\/wp\/v2\/posts"}],"about":[{"href":"https:\/\/www.europesays.com\/fr\/wp-json\/wp\/v2\/types\/post"}],"author":[{"embeddable":true,"href":"https:\/\/www.europesays.com\/fr\/wp-json\/wp\/v2\/users\/2"}],"replies":[{"embeddable":true,"href":"https:\/\/www.europesays.com\/fr\/wp-json\/wp\/v2\/comments?post=153661"}],"version-history":[{"count":0,"href":"https:\/\/www.europesays.com\/fr\/wp-json\/wp\/v2\/posts\/153661\/revisions"}],"wp:featuredmedia":[{"embeddable":true,"href":"https:\/\/www.europesays.com\/fr\/wp-json\/wp\/v2\/media\/153662"}],"wp:attachment":[{"href":"https:\/\/www.europesays.com\/fr\/wp-json\/wp\/v2\/media?parent=153661"}],"wp:term":[{"taxonomy":"category","embeddable":true,"href":"https:\/\/www.europesays.com\/fr\/wp-json\/wp\/v2\/categories?post=153661"},{"taxonomy":"post_tag","embeddable":true,"href":"https:\/\/www.europesays.com\/fr\/wp-json\/wp\/v2\/tags?post=153661"}],"curies":[{"name":"wp","href":"https:\/\/api.w.org\/{rel}","templated":true}]}}