{"id":153674,"date":"2025-06-05T10:06:20","date_gmt":"2025-06-05T10:06:20","guid":{"rendered":"https:\/\/www.europesays.com\/fr\/153674\/"},"modified":"2025-06-05T10:06:20","modified_gmt":"2025-06-05T10:06:20","slug":"saint-etienne-il-conduisait-sans-permis-depuis-2012-la-police-larrete","status":"publish","type":"post","link":"https:\/\/www.europesays.com\/fr\/153674\/","title":{"rendered":"Saint-\u00c9tienne : il conduisait sans permis depuis 2012, la police l&rsquo;arr\u00eate"},"content":{"rendered":"<p>Un homme de 61 ans a \u00e9t\u00e9 interpell\u00e9 par la police, il y a quelques jours, \u00e0 Saint-\u00c9tienne, alors qu&rsquo;il roulait trop vite. Lors du contr\u00f4le, les forces de l&rsquo;ordre se sont rendus compte que le conducteur n&rsquo;avait plus son permis depuis\u2026 2012.<\/p>\n<p>L&rsquo;automobiliste n&rsquo;a pas \u00e9chapp\u00e9 \u00e0 la vigilance des policiers. Il y a quelques jours, <b>un homme de 61 ans<\/b> a \u00e9t\u00e9 aper\u00e7u au volant de sa voiture, roulant trop vite, dans le quartier de C\u00f4te Chaude \u00e0 <b>Saint-\u00c9tienne<\/b>.<\/p>\n<p>Il roule sans permis dans les rues de Saint-\u00c9tienne<\/p>\n<p>Contr\u00f4l\u00e9 par un \u00e9quipage de la police nationale, qui \u00e9tait en patrouille dans les environs, <b>le conducteur<\/b>\u00a0<b>roulait sans permis de conduire depuis 2012<\/b>, date \u00e0 laquelle remonte son annulation judiciaire selon <a class=\"url\" href=\"https:\/\/www.leprogres.fr\/faits-divers-justice\/2025\/06\/04\/sans-permis-depuis-2012-un-conducteur-interpelle-alors-qu-il-roulait-a-vive-allure\" target=\"_blank\" rel=\"noopener\">Le Progr\u00e8s<\/a>.<\/p>\n<p>Par ailleurs, le sexag\u00e9naire circulait dans une voiture qui n&rsquo;\u00e9tait pas assur\u00e9e.\u00a0<\/p>\n<p>Interpell\u00e9 et plac\u00e9 en garde \u00e0 vue, l&rsquo;homme sera prochainement convoqu\u00e9 devant le tribunal correctionnel de Saint-\u00c9tienne.<\/p>\n<p><img loading=\"lazy\" decoding=\"async\" src=\"https:\/\/www.europesays.com\/fr\/wp-content\/uploads\/2025\/06\/1749117980_16_img\" width=\"350\" height=\"200\" border=\"0\" title=\"La D22 entre Saint-Genest-Malifaux et l'auberge du Grand Bois, dans le Pilat (Loire)\"\/><\/p>\n<p>\u25baTrafic<\/p>\n<p style=\"font-size: 22px;\"><b>Loire : un accident de poids lourd dans le Pilat<\/b><\/p>\n<p>Un accident impliquant un poids lourd s&rsquo;est produit,&#8230;<\/p>\n<p><\/p>\n","protected":false},"excerpt":{"rendered":"Un homme de 61 ans a \u00e9t\u00e9 interpell\u00e9 par la police, il y a quelques jours, \u00e0 Saint-\u00c9tienne,&hellip;\n","protected":false},"author":2,"featured_media":153675,"comment_status":"","ping_status":"","sticky":false,"template":"","format":"standard","meta":{"footnotes":""},"categories":[9653],"tags":[1111,11,2430,8057,1777,674,1011,27,3367,12,5007,25,9920,4001],"class_list":{"0":"post-153674","1":"post","2":"type-post","3":"status-publish","4":"format-standard","5":"has-post-thumbnail","7":"category-saint-etienne","8":"tag-actu","9":"tag-actualites","10":"tag-auvergne-rhone-alpes","11":"tag-conducteur","12":"tag-eu","13":"tag-europe","14":"tag-fr","15":"tag-france","16":"tag-loire","17":"tag-news","18":"tag-permis-de-conduire","19":"tag-republique-francaise","20":"tag-saint-tienne","21":"tag-saint-etienne"},"share_on_mastodon":{"url":"https:\/\/pubeurope.com\/@fr\/114630202918750072","error":""},"_links":{"self":[{"href":"https:\/\/www.europesays.com\/fr\/wp-json\/wp\/v2\/posts\/153674","targetHints":{"allow":["GET"]}}],"collection":[{"href":"https:\/\/www.europesays.com\/fr\/wp-json\/wp\/v2\/posts"}],"about":[{"href":"https:\/\/www.europesays.com\/fr\/wp-json\/wp\/v2\/types\/post"}],"author":[{"embeddable":true,"href":"https:\/\/www.europesays.com\/fr\/wp-json\/wp\/v2\/users\/2"}],"replies":[{"embeddable":true,"href":"https:\/\/www.europesays.com\/fr\/wp-json\/wp\/v2\/comments?post=153674"}],"version-history":[{"count":0,"href":"https:\/\/www.europesays.com\/fr\/wp-json\/wp\/v2\/posts\/153674\/revisions"}],"wp:featuredmedia":[{"embeddable":true,"href":"https:\/\/www.europesays.com\/fr\/wp-json\/wp\/v2\/media\/153675"}],"wp:attachment":[{"href":"https:\/\/www.europesays.com\/fr\/wp-json\/wp\/v2\/media?parent=153674"}],"wp:term":[{"taxonomy":"category","embeddable":true,"href":"https:\/\/www.europesays.com\/fr\/wp-json\/wp\/v2\/categories?post=153674"},{"taxonomy":"post_tag","embeddable":true,"href":"https:\/\/www.europesays.com\/fr\/wp-json\/wp\/v2\/tags?post=153674"}],"curies":[{"name":"wp","href":"https:\/\/api.w.org\/{rel}","templated":true}]}}