{"id":153684,"date":"2025-06-05T10:11:09","date_gmt":"2025-06-05T10:11:09","guid":{"rendered":"https:\/\/www.europesays.com\/fr\/153684\/"},"modified":"2025-06-05T10:11:09","modified_gmt":"2025-06-05T10:11:09","slug":"grands-et-petits-venez-vous-initier-a-la-poterie-au-cafe-ceramique-a-toulon","status":"publish","type":"post","link":"https:\/\/www.europesays.com\/fr\/153684\/","title":{"rendered":"Grands et petits, venez vous initier \u00e0 la poterie au Caf\u00e9 C\u00e9ramique \u00e0 Toulon"},"content":{"rendered":"<p>\u00c0 deux pas du centre-ville, au 28 rue Truguet, <strong>le Caf\u00e9 C\u00e9ramique attire les curieux depuis le mois de mars<\/strong>. <strong>Ici, pas de caf\u00e9 \u00e0 la carte, mais des ateliers pour apprendre \u00e0 fa\u00e7onner la terre ou personnaliser des cr\u00e9ations d\u00e9j\u00e0 pr\u00eates.<\/strong> \u00c0 l\u2019origine du projet, Louise, cog\u00e9rante de la boutique et ancienne chef de cuisine reconvertie en poterie: \u00ab\u00a0J\u2019ai commenc\u00e9 la c\u00e9ramique en loisir, et j\u2019ai vite eu envie d\u2019aller plus loin\u00a0\u00bb<\/p>\n<p>Assiettes, vases, bols, presse-agrumes, tout est r\u00e9alis\u00e9 \u00e0 la main dans l\u2019atelier. Vous pourrez d\u2019ailleurs y retrouver deux collections permanentes, \u00ab\u00a0rayures\u00a0\u00bb et \u00ab\u00a0crustac\u00e9s\u00a0\u00bb, ainsi que quelques pi\u00e8ces uniques. \u00ab\u00a0J\u2019adore partir d\u2019une boule de terre et cr\u00e9er quelque chose\u00a0\u00bb, confie Louise. \u00ab\u00a0Il n\u2019y a pas de limite \u00e0 l\u2019imagination.\u00a0\u00bb<\/p>\n<p>Modeler, peindre, tourner et repartir avec sa cr\u00e9ation <\/p>\n<p>Les ateliers, ouverts aux enfants d\u00e8s cinq ans comme aux adultes, se d\u00e9clinent en plusieurs formats : modelage, tournage ou peinture sur c\u00e9ramique. \u00ab\u00a0En deux heures, les gens repartent avec leur cr\u00e9ation, c\u2019est satisfaisant et relaxant\u00a0\u00bb, explique-t-elle. Comptez 40 euros pour une s\u00e9ance de poterie de deux heures et entre 30 \u00e0 60 euros pour la peinture en fonction de la pi\u00e8ce choisie.<\/p>\n<p>L\u2019ambiance se veut d\u00e9tendue et conviviale: \u00ab\u00a0C\u2019est un moment de partage, certains viennent seuls et repartent avec des amis\u00a0\u00bb. Les r\u00e9servations se font en ligne sur <a href=\"http:\/\/www.lespapoteuses-enprovence.fr\" target=\"_blank\" rel=\"noopener\">le site internet<\/a>, par t\u00e9l\u00e9phone ou via <a href=\"https:\/\/www.instagram.com\/lespapoteuses.enprovence\/\" target=\"_blank\" rel=\"noopener\">Instagram<\/a>.<\/p>\n<p>Et l\u2019avenir? Louise envisage d\u2019ouvrir son propre atelier \u00e0 Lyon, sa ville d\u2019origine. \u00ab\u00a0J\u2019ai r\u00e9ussi dans une ville o\u00f9 je ne connaissais personne, je peux tout \u00e0 fait r\u00e9ussir dans une ville o\u00f9 je connais des gens!\u00a0\u00bb<\/p>\n<p>\u00a0<\/p>\n<p>              <img ci-src=\"https:\/\/www.varmatin.com\/detente\/Image+IMG_5624-150x150+%28Large%29-MlwLHVAr.jpg?vh=11670b&amp;ci_seal=86cb02feef\" alt=\"\"\/><br \/>\n        Sophie Micheau Pernice. <strong>Photo DR.<\/strong> <\/p>\n<p>            Poterie sur mesure chez Terres Vives<\/p>\n<p>Install\u00e9 au Cap Brun, Terres Vives est un atelier intimiste fond\u00e9 par Sophie Micheau Pernice. Quatre personnes maximum par s\u00e9ance et une approche sur-mesure pour s\u2019initier \u00e0 la c\u00e9ramique. Dans un petit atelier lumineux, on vient en couple, entre amis ou en solo, pour deux heures de modelage avec une musique douce. La s\u00e9ance co\u00fbte 48 euros, mais vous pouvez aussi prendre une carte avec dix s\u00e9ances \u00e0 475 euros valables un an.<\/p>\n<p><script async src=\"\/\/www.instagram.com\/embed.js\"><\/script><\/p>\n","protected":false},"excerpt":{"rendered":"\u00c0 deux pas du centre-ville, au 28 rue Truguet, le Caf\u00e9 C\u00e9ramique attire les curieux depuis le mois&hellip;\n","protected":false},"author":2,"featured_media":153685,"comment_status":"","ping_status":"","sticky":false,"template":"","format":"standard","meta":{"footnotes":""},"categories":[9619],"tags":[1111,11,1777,674,1011,27,1393,12,882,25,2310],"class_list":{"0":"post-153684","1":"post","2":"type-post","3":"status-publish","4":"format-standard","5":"has-post-thumbnail","7":"category-toulon","8":"tag-actu","9":"tag-actualites","10":"tag-eu","11":"tag-europe","12":"tag-fr","13":"tag-france","14":"tag-loisirs","15":"tag-news","16":"tag-provence-alpes-cote-dazur","17":"tag-republique-francaise","18":"tag-toulon"},"share_on_mastodon":{"url":"https:\/\/pubeurope.com\/@fr\/114630222694049162","error":""},"_links":{"self":[{"href":"https:\/\/www.europesays.com\/fr\/wp-json\/wp\/v2\/posts\/153684","targetHints":{"allow":["GET"]}}],"collection":[{"href":"https:\/\/www.europesays.com\/fr\/wp-json\/wp\/v2\/posts"}],"about":[{"href":"https:\/\/www.europesays.com\/fr\/wp-json\/wp\/v2\/types\/post"}],"author":[{"embeddable":true,"href":"https:\/\/www.europesays.com\/fr\/wp-json\/wp\/v2\/users\/2"}],"replies":[{"embeddable":true,"href":"https:\/\/www.europesays.com\/fr\/wp-json\/wp\/v2\/comments?post=153684"}],"version-history":[{"count":0,"href":"https:\/\/www.europesays.com\/fr\/wp-json\/wp\/v2\/posts\/153684\/revisions"}],"wp:featuredmedia":[{"embeddable":true,"href":"https:\/\/www.europesays.com\/fr\/wp-json\/wp\/v2\/media\/153685"}],"wp:attachment":[{"href":"https:\/\/www.europesays.com\/fr\/wp-json\/wp\/v2\/media?parent=153684"}],"wp:term":[{"taxonomy":"category","embeddable":true,"href":"https:\/\/www.europesays.com\/fr\/wp-json\/wp\/v2\/categories?post=153684"},{"taxonomy":"post_tag","embeddable":true,"href":"https:\/\/www.europesays.com\/fr\/wp-json\/wp\/v2\/tags?post=153684"}],"curies":[{"name":"wp","href":"https:\/\/api.w.org\/{rel}","templated":true}]}}