{"id":153688,"date":"2025-06-05T10:13:10","date_gmt":"2025-06-05T10:13:10","guid":{"rendered":"https:\/\/www.europesays.com\/fr\/153688\/"},"modified":"2025-06-05T10:13:10","modified_gmt":"2025-06-05T10:13:10","slug":"lartiste-mara-peint-ses-souvenirs-denfance-sur-un-terrain-de-basket","status":"publish","type":"post","link":"https:\/\/www.europesays.com\/fr\/153688\/","title":{"rendered":"l\u2019artiste Mara peint ses souvenirs d\u2019enfance sur un terrain de basket"},"content":{"rendered":"<p>            Par<br \/>\n        <strong><br \/>\n            <a href=\"https:\/\/actu.fr\/auteur\/lea-pippinato\" title=\"Consulter tous les articles de L\u00e9a Pippinato\" rel=\"nofollow noopener\" target=\"_blank\">L\u00e9a Pippinato<\/a><br \/>\n        <\/strong><\/p>\n<p>        Publi\u00e9 le<\/p>\n<p>            5 juin 2025 \u00e0 11h40        <\/p>\n<p>Sous les tours des Flamants Roses, aux Hauts de Massane, un terrain de basket s\u2019est m\u00e9tamorphos\u00e9. Le bitume a laiss\u00e9 place \u00e0 une \u0153uvre graphique, peinte \u00e0 m\u00eame le sol, par l\u2019artiste montpelli\u00e9rain Mara. Le lieu n\u2019a pas \u00e9t\u00e9 choisi au hasard. \u00ab\u00a0Quand j\u2019avais 10 ans, ma grand-m\u00e8re habitait dans ces tours. Je passais tous mes week-ends sur ce terrain. C\u2019\u00e9tait notre endroit.\u00a0\u00bb<\/p>\n<p>    <a href=\"https:\/\/www.google.com\/maps\/embed?pb=!1m18!1m12!1m3!1d5775.137650964334!2d3.8178774889033584!3d43.63633239659416!2m3!1f0!2f0!3f0!3m2!1i1024!2i768!4f13.1!3m3!1m2!1s0x12b6ac1dd6dd8d27%3A0xef0d3819600c95ed!2sHauts%20de%20Massane!5e0!3m2!1sen!2sfr!4v1749049684275!5m2!1sen!2sfr\" title=\"Ouvrie le lien\" rel=\"nofollow noopener\" target=\"_blank\">Cliquez ici pour visualiser le contenu<\/a><\/p>\n<p class=\" wall-content\">Plusieurs ann\u00e9es plus tard, c\u2019est en professionnel qu\u2019il y revient. \u00ab\u00a0Travailler ici, c\u2019\u00e9tait particulier. Pas parce que je voulais faire un retour aux sources, mais parce que c\u2019est tomb\u00e9 comme \u00e7a. Je n\u2019ai jamais quitt\u00e9 Montpellier. Tous mes projets, d\u2019une certaine mani\u00e8re, sont li\u00e9s \u00e0 mon enfance.\u00a0\u00bb<\/p>\n<p>Un visage pour chacun, et trois sur le sol<\/p>\n<p class=\" wall-content\">L\u2019\u0153uvre peinte au sol se compose de trois visages. Tous stylis\u00e9s, marqu\u00e9s d\u2019une croix noire au centre. Des figures sans identit\u00e9 pr\u00e9cise, qui reviennent souvent dans le travail de Mara. \u00ab\u00a0Je les ai cr\u00e9\u00e9s \u00e0 l\u2019\u00e9poque o\u00f9 je n\u2019avais pas de moyens. J\u2019avais du papier blanc, un Posca noir. J\u2019ai fait avec ce que j\u2019avais. Le personnage est devenu une sorte d\u2019avatar. Il n\u2019a pas de visage d\u00e9fini pour que chacun puisse s\u2019y reconna\u00eetre.\u00a0\u00bb Sur un terrain de sport collectif, l\u2019id\u00e9e prend tout son sens. \u00ab\u00a0Ce lieu, c\u2019est un point de rencontre. Je trouvais int\u00e9ressant que le personnage puisse \u00eatre n\u2019importe qui. Un gar\u00e7on, une fille, un ado. Le terrain devient alors un espace commun, o\u00f9 chacun a sa place.\u00a0\u00bb<\/p>\n<p class=\" wall-content\">Ce projet s\u2019inscrit dans une commande de <strong>la Ville de Montpellier<\/strong>. Trois terrains de basket devaient \u00eatre repens\u00e9s par des artistes, en lien avec les Jeux Olympiques. Mara a h\u00e9rit\u00e9 de celui de la Mosson. Mais peindre un terrain de sport ne s\u2019improvise pas. \u00ab\u00a0Ce n\u2019est pas le dessin qui prend du temps. C\u2019est tout ce qu\u2019il y a autour. Les \u00e9changes avec la Ville, les \u00e9quipes techniques, les professionnels du rev\u00eatement. J\u2019\u00e9tais entour\u00e9, parce que c\u2019est un vrai m\u00e9tier.\u00a0\u00bb La peinture utilis\u00e9e est un m\u00e9lange technique, r\u00e9sistant \u00e0 l\u2019usure et aux intemp\u00e9ries. \u00ab\u00a0Ce n\u2019est pas de l\u2019acrylique classique. Il y a plusieurs couches, des produits antid\u00e9rapants. On a tout fait pour que \u00e7a tienne. M\u00eame si je viens du street art et que j\u2019ai l\u2019habitude que mes \u0153uvres disparaissent, l\u00e0 il fallait que ce soit durable.\u00a0\u00bb<\/p>\n<p>    <img   decoding=\"async\" loading=\"lazy\" src=\"https:\/\/www.europesays.com\/fr\/wp-content\/uploads\/2025\/06\/c747ef27-1005-4d75-b6f1-172b7f4a421c-960x640.jpeg\" alt=\"Les croquis pr\u00e9paratoires ont permis \u00e0 Mara de reporter avec pr\u00e9cision son dessin sur le sol du terrain.\" width=\"960\" height=\"640\"\/><br \/>\n    Les croquis pr\u00e9paratoires ont permis \u00e0 Mara de reporter avec pr\u00e9cision son dessin sur le sol du terrain. (\u00a9DR)Vid\u00e9os : en ce moment sur Actu<\/p>\n<p class=\" wall-content\">Le dessin en lui-m\u00eame a \u00e9t\u00e9 ex\u00e9cut\u00e9 en quatre jours. Mais <strong>la m\u00e9t\u00e9o<\/strong> a compliqu\u00e9 le chantier. \u00ab\u00a0On a d\u00fb reporter cinq fois \u00e0 cause de la pluie. C\u2019est le jeu quand tu travailles dehors. Il faut \u00eatre patient.\u00a0\u00bb En amont, Mara a pr\u00e9par\u00e9 de nombreux croquis. \u00ab\u00a0J\u2019ai fait un quadrillage pr\u00e9cis. Il fallait que tout soit pr\u00eat avant d\u2019arriver sur le terrain. On ne peut pas improviser quand on travaille \u00e0 cette \u00e9chelle.\u00a0\u00bb<\/p>\n<p>\u00ab\u00a0Une pi\u00e8ce de plus dans le puzzle\u00a0\u00bb<\/p>\n<p class=\" wall-content\">La Mosson est un quartier souvent stigmatis\u00e9. Mais l\u2019artiste refuse de porter un discours de \u00ab\u00a0r\u00e9habilitation\u00a0\u00bb ou de \u00ab\u00a0valorisation.\u00a0\u00bb \u00ab\u00a0Je connais ce quartier. J\u2019y ai anim\u00e9 des stages, fait des fresques, travaill\u00e9 avec les Maisons pour Tous. Il s\u2019y passe plein de choses. Il n\u2019a pas besoin de moi. Je ne suis pas venu pour redonner quoi que ce soit.\u00a0\u00bb Son intervention n\u2019est pas un message, ni une mission. \u00ab\u00a0C\u2019est juste une opportunit\u00e9 artistique que j\u2019ai saisie. Comme n\u2019importe qui aurait pu le faire. Le quartier est vivant. Il y a une dynamique associative \u00e9norme. Ce terrain, c\u2019est juste une pi\u00e8ce de plus dans le puzzle.\u00a0\u00bb<\/p>\n<blockquote class=\"ac-article-quote wall-content\">\n<p>\u00ab\u00a0C\u2019est juste une opportunit\u00e9 artistique que j\u2019ai saisie. Comme n\u2019importe qui aurait pu le faire. Le quartier est vivant. Il y a une dynamique associative \u00e9norme. Ce terrain, c\u2019est juste une pi\u00e8ce de plus dans le puzzle.\u00a0\u00bb<\/p>\n<p>    <strong>Mara<\/strong><br \/>\n        Artiste collagiste    <\/p><\/blockquote>\n<p class=\" wall-content\">Mara ne cherche pas \u00e0 se sp\u00e9cialiser dans les terrains de sport. \u00ab\u00a0Je ne cours pas apr\u00e8s ce type de projet. Mais j\u2019aime les croisements. Le sport, la musique, le dessin. D\u00e8s qu\u2019on peut raconter des choses diff\u00e9remment, \u00e7a m\u2019int\u00e9resse.\u00a0\u00bb Le terrain de la Mosson est sa premi\u00e8re intervention de ce type. Et peut-\u00eatre pas la derni\u00e8re, si l\u2019occasion se pr\u00e9sente.<\/p>\n<p>\ud83c\udfa8 Restanque, nouveau foyer de cr\u00e9ation \u00e0 Montpellier<\/p>\n<p>Mara fait partie des artistes install\u00e9s au c\u0153ur de Restanque, le futur tiers-lieu artistique montpelli\u00e9rain propuls\u00e9 par l\u2019association Line Up. Ce nouvel espace, pens\u00e9 pour favoriser la cr\u00e9ation, les rencontres et la diffusion, r\u00e9unit une quinzaine d\u2019artistes aux pratiques diverses : peinture, sculpture, bois, typographie, 3D, mapping\u2026 <\/p>\n<p>\u00c0 l\u2019occasion de son ouverture au public, une grande soir\u00e9e inaugurale est pr\u00e9vue ce samedi 14 juin 2025 de 16h \u00e0 01h. La programmation musicale, port\u00e9e par la radio en ligne Pi\u00f1ata Radio, r\u00e9unira DJ Snack, Filosofia, MUSE[IK] 1ST et Mektoub. Expositions, concerts, animations et restauration seront au rendez-vous. Entr\u00e9e libre pour toutes et tous.<\/p>\n<p class=\" wall-content\">.<\/p>\n<p class=\" wall-content\">Suivez toute l\u2019actualit\u00e9 de vos villes et m\u00e9dias favoris en vous inscrivant \u00e0 <a href=\"https:\/\/moncompte.actu.fr\" title=\"D\u00e9couvez Mon Actu\" rel=\"nofollow noopener\" data-trk=\"{&quot;cta&quot;:{&quot;action&quot;:&quot;https:\\\/\\\/moncompte.actu.fr&quot;,&quot;category&quot;:&quot;mon compte&quot;,&quot;from&quot;:&quot;article footer&quot;,&quot;name&quot;:&quot;Mon actu&quot;,&quot;type&quot;:&quot;cta&quot;}}\" target=\"_blank\">Mon Actu<\/a>.<\/p>\n","protected":false},"excerpt":{"rendered":"Par L\u00e9a Pippinato Publi\u00e9 le 5 juin 2025 \u00e0 11h40 Sous les tours des Flamants Roses, aux Hauts&hellip;\n","protected":false},"author":2,"featured_media":153689,"comment_status":"","ping_status":"","sticky":false,"template":"","format":"standard","meta":{"footnotes":""},"categories":[9599],"tags":[1111,11,1777,674,1011,27,1652,2208,12,2680,25,7189],"class_list":{"0":"post-153688","1":"post","2":"type-post","3":"status-publish","4":"format-standard","5":"has-post-thumbnail","7":"category-montpellier","8":"tag-actu","9":"tag-actualites","10":"tag-eu","11":"tag-europe","12":"tag-fr","13":"tag-france","14":"tag-loisirs-culture","15":"tag-montpellier","16":"tag-news","17":"tag-occitanie","18":"tag-republique-francaise","19":"tag-street-art"},"share_on_mastodon":{"url":"https:\/\/pubeurope.com\/@fr\/114630230495142149","error":""},"_links":{"self":[{"href":"https:\/\/www.europesays.com\/fr\/wp-json\/wp\/v2\/posts\/153688","targetHints":{"allow":["GET"]}}],"collection":[{"href":"https:\/\/www.europesays.com\/fr\/wp-json\/wp\/v2\/posts"}],"about":[{"href":"https:\/\/www.europesays.com\/fr\/wp-json\/wp\/v2\/types\/post"}],"author":[{"embeddable":true,"href":"https:\/\/www.europesays.com\/fr\/wp-json\/wp\/v2\/users\/2"}],"replies":[{"embeddable":true,"href":"https:\/\/www.europesays.com\/fr\/wp-json\/wp\/v2\/comments?post=153688"}],"version-history":[{"count":0,"href":"https:\/\/www.europesays.com\/fr\/wp-json\/wp\/v2\/posts\/153688\/revisions"}],"wp:featuredmedia":[{"embeddable":true,"href":"https:\/\/www.europesays.com\/fr\/wp-json\/wp\/v2\/media\/153689"}],"wp:attachment":[{"href":"https:\/\/www.europesays.com\/fr\/wp-json\/wp\/v2\/media?parent=153688"}],"wp:term":[{"taxonomy":"category","embeddable":true,"href":"https:\/\/www.europesays.com\/fr\/wp-json\/wp\/v2\/categories?post=153688"},{"taxonomy":"post_tag","embeddable":true,"href":"https:\/\/www.europesays.com\/fr\/wp-json\/wp\/v2\/tags?post=153688"}],"curies":[{"name":"wp","href":"https:\/\/api.w.org\/{rel}","templated":true}]}}